{"id":2911,"date":"2026-01-21T20:25:16","date_gmt":"2026-01-22T01:25:16","guid":{"rendered":"https:\/\/conexion-mx.com\/?p=2911"},"modified":"2026-01-21T20:25:16","modified_gmt":"2026-01-22T01:25:16","slug":"anuncian-practicas-de-la-fuerza-aerea-en-sonora","status":"publish","type":"post","link":"https:\/\/conexion-mx.com\/?p=2911","title":{"rendered":"Anuncian pr\u00e1cticas de la Fuerza A\u00e9rea en Sonora"},"content":{"rendered":"<p> <br \/>\n<\/p>\n<div itemprop=\"articleBody\">\n<div class=\"txt_contenido\">\n<p>La <strong>Fuerza A\u00e9rea Mexicana<\/strong> inform\u00f3 que entre el 21 y 22 de enero se estar\u00e1n realizando diferentes ejercicios con aeronaves de las Fuerzas Armadas en la ciudad de Hermosillo, Sonora, como parte de los preparativos para la organizaci\u00f3n de la Copa Mundial de F\u00fatbol de la FIFA.<\/p>\n<p>Mediante un comunicado publicado en sus redes sociales, la <strong>Fuerza A\u00e9rea<\/strong> explic\u00f3 que esto es parte de los preparativos para reforzar la aplicaci\u00f3n de la Ley de Vigilancia y Protecci\u00f3n del Espacio A\u00e9reo Mexicano.<\/p>\n<aside class=\"htmlinline\"\/>\n<p>Para esto se realizar\u00e1n estos ejercicios en conjunto con<strong> organismos civiles y militares<\/strong>, utilizando exclusivamente aviones militares en la ciudad de Hermosillo, con el fin de garantizar la seguridad del espacio a\u00e9reo nacional en dicho evento internacional.<\/p>\n<p>Seg\u00fan la imagen compartida, se estar\u00e1n realizando <strong>maniobras<\/strong> en la parte norte de la ciudad de Hermosillo, hacia la costa con rumbo al Golfo de California, as\u00ed como la ruta del R\u00edo Sonora.<\/p>\n<p>El Mundial de la FIFA se realizar\u00e1 del 11 de junio al 19 de julio del 2026, tendr\u00e1 como sede M\u00e9xico, Estados Unidos y Canad\u00e1, en el caso del territorio nacional est\u00e1n programados juegos en las ciudades de <strong>Monterrey<\/strong>, Nuevo Le\u00f3n; Guadalajara, Jalisco y la Ciudad de M\u00e9xico.<\/p>\n<\/p><\/div>\n<\/p><\/div>\n<p><script>\n    !function(f,b,e,v,n,t,s)\n    {if(f.fbq)return;n=f.fbq=function(){n.callMethod?\n    n.callMethod.apply(n,arguments):n.queue.push(arguments)};\n    if(!f._fbq)f._fbq=n;n.push=n;n.loaded=!0;n.version='2.0';\n    n.queue=[];t=b.createElement(e);t.async=!0;\n    t.src=v;s=b.getElementsByTagName(e)[0];\n    s.parentNode.insertBefore(t,s)}(window, document,'script',\n    'https:\/\/connect.facebook.net\/en_US\/fbevents.js');\n    fbq('init', '237927003583820');\n    fbq('track', 'PageView');\n  <\/script><script>\n    !function(f,b,e,v,n,t,s)\n    {if(f.fbq)return;n=f.fbq=function(){n.callMethod?\n    n.callMethod.apply(n,arguments):n.queue.push(arguments)};\n    if(!f._fbq)f._fbq=n;n.push=n;n.loaded=!0;n.version='2.0';\n    n.queue=[];t=b.createElement(e);t.async=!0;\n    t.src=v;s=b.getElementsByTagName(e)[0];\n    s.parentNode.insertBefore(t,s)}(window, document,'script',\n    'https:\/\/connect.facebook.net\/en_US\/fbevents.js');\n    fbq('init', '802372280934901');\n    fbq('track', 'PageView');\n    <\/script><br \/>\n<br \/><\/p>\n","protected":false},"excerpt":{"rendered":"<p>La Fuerza A\u00e9rea Mexicana inform\u00f3 que entre el 21 y 22 de enero se estar\u00e1n realizando diferentes ejercicios con aeronaves de las Fuerzas Armadas en la ciudad de Hermosillo, Sonora, como parte de los preparativos para la organizaci\u00f3n de la Copa Mundial de F\u00fatbol de la FIFA. Mediante un comunicado publicado en sus redes sociales, [&hellip;]<\/p>\n","protected":false},"author":2,"featured_media":2912,"comment_status":"","ping_status":"","sticky":false,"template":"","format":"standard","meta":{"footnotes":""},"categories":[2],"tags":[],"class_list":["post-2911","post","type-post","status-publish","format-standard","has-post-thumbnail","hentry","category-local"],"_links":{"self":[{"href":"https:\/\/conexion-mx.com\/index.php?rest_route=\/wp\/v2\/posts\/2911","targetHints":{"allow":["GET"]}}],"collection":[{"href":"https:\/\/conexion-mx.com\/index.php?rest_route=\/wp\/v2\/posts"}],"about":[{"href":"https:\/\/conexion-mx.com\/index.php?rest_route=\/wp\/v2\/types\/post"}],"author":[{"embeddable":true,"href":"https:\/\/conexion-mx.com\/index.php?rest_route=\/wp\/v2\/users\/2"}],"replies":[{"embeddable":true,"href":"https:\/\/conexion-mx.com\/index.php?rest_route=%2Fwp%2Fv2%2Fcomments&post=2911"}],"version-history":[{"count":0,"href":"https:\/\/conexion-mx.com\/index.php?rest_route=\/wp\/v2\/posts\/2911\/revisions"}],"wp:featuredmedia":[{"embeddable":true,"href":"https:\/\/conexion-mx.com\/index.php?rest_route=\/wp\/v2\/media\/2912"}],"wp:attachment":[{"href":"https:\/\/conexion-mx.com\/index.php?rest_route=%2Fwp%2Fv2%2Fmedia&parent=2911"}],"wp:term":[{"taxonomy":"category","embeddable":true,"href":"https:\/\/conexion-mx.com\/index.php?rest_route=%2Fwp%2Fv2%2Fcategories&post=2911"},{"taxonomy":"post_tag","embeddable":true,"href":"https:\/\/conexion-mx.com\/index.php?rest_route=%2Fwp%2Fv2%2Ftags&post=2911"}],"curies":[{"name":"wp","href":"https:\/\/api.w.org\/{rel}","templated":true}]}}