{"id":3081,"date":"2026-02-06T06:27:32","date_gmt":"2026-02-06T11:27:32","guid":{"rendered":"https:\/\/conexion-mx.com\/?p=3081"},"modified":"2026-02-06T06:27:32","modified_gmt":"2026-02-06T11:27:32","slug":"clima-zacatecas-hoy-viernes-6-de-febrero-pronostico-del-tiempo-temperatura-y-condiciones-meteorologicas","status":"publish","type":"post","link":"https:\/\/conexion-mx.com\/?p=3081","title":{"rendered":"Clima Zacatecas hoy viernes 6 de febrero pron\u00f3stico del tiempo temperatura y condiciones meteorol\u00f3gicas"},"content":{"rendered":"<p> <br \/>\n<\/p>\n<div>\n<p>Este viernes 6 de febrero, Zacatecas amanece con un ambiente fr\u00edo que persistir\u00e1 durante la ma\u00f1ana. El term\u00f3metro marca actualmente <strong>12\u00b0C<\/strong>, aunque se espera que las condiciones mejoren ligeramente hacia el mediod\u00eda bajo un cielo totalmente despejado en la regi\u00f3n.<\/p>\n<h2>\u00bfQu\u00e9 temperaturas se esperan hoy?<\/h2>\n<p>La sensaci\u00f3n t\u00e9rmica se ubica en <strong>11\u00b0C<\/strong> debido a la brisa matutina. Se prev\u00e9 que la m\u00e1xima alcance apenas los <strong>18\u00b0C<\/strong> en las horas centrales, descendiendo dr\u00e1sticamente al caer la noche hasta llegar a una m\u00ednima de <strong>6\u00b0C<\/strong>, por lo que ser\u00e1 necesario abrigarse bien.<\/p>\n<p>La humedad relativa se mantiene en un <strong>44%<\/strong>, lo que genera un ambiente seco caracter\u00edstico de la zona. Esta falta de saturaci\u00f3n en el aire contribuye a que el fr\u00edo se perciba m\u00e1s intenso en la piel, especialmente en zonas altas o expuestas a corrientes de aire.<\/p>\n<h2>Condiciones de lluvia y nubosidad<\/h2>\n<p>Para esta jornada no se anticipan precipitaciones en el territorio estatal. El potencial de lluvia es pr\u00e1cticamente nulo, permitiendo realizar actividades al exterior sin riesgo de aguaceros, aunque el sol radiante no lograr\u00e1 calentar demasiado el entorno urbano.<\/p>\n<p>El viento soplar\u00e1 de manera suave con una velocidad de <strong>2 m\/s<\/strong>. Estas corrientes ligeras ayudar\u00e1n a dispersar contaminantes, manteniendo la atm\u00f3sfera limpia, pero sin generar r\u00e1fagas peligrosas que puedan afectar la infraestructura o el arbolado de la ciudad.<\/p>\n<div style=\"background:linear-gradient(135deg,#0c1929 0%,#1a365d 50%,#234e82 100%);border-radius:12px;font-family:-apple-system,BlinkMacSystemFont,'Segoe UI',Roboto,sans-serif;margin:1rem 0;overflow:hidden;box-shadow:0 4px 20px rgba(0,0,0,0.25);\">\n<div style=\"display:flex;align-items:stretch;\">\n<div style=\"flex:1;padding:16px 20px;border-right:1px solid rgba(255,255,255,0.1);\">\n<p>Clima hoy<\/p>\n<p>Zacatecas<\/p>\n<p>12<span style=\"font-size:1.5rem;color:rgba(255,255,255,0.7);\">\u00b0C<\/span><\/p>\n<p>cielo claro<\/p>\n<\/div>\n<\/div>\n<\/div>\n<h2>Pron\u00f3stico para los pr\u00f3ximos d\u00edas<\/h2>\n<p>El fin de semana presenta variaciones ligeras en las condiciones:<\/p>\n<p><strong>07 de febrero de 2026<\/strong><br \/>M\u00e1xima de <strong>19\u00b0C<\/strong> y m\u00ednima de <strong>8\u00b0C<\/strong>. Cielo con nubes dispersas y viento de <strong>3 km\/h<\/strong>.<\/p>\n<p><strong>08 de febrero de 2026<\/strong><br \/>Suben los term\u00f3metros a <strong>20\u00b0C<\/strong> con m\u00ednima de <strong>7\u00b0C<\/strong>. Nubosidad variable y brisa de <strong>3 km\/h<\/strong>.<\/p>\n<p><strong>09 de febrero de 2026<\/strong><br \/>Temperatura tope de <strong>18\u00b0C<\/strong> y baja de <strong>9\u00b0C<\/strong>. D\u00eda nublado con vientos de <strong>5 km\/h<\/strong>.<\/p>\n<p>La tendencia general muestra un ligero aumento en la cobertura nubosa conforme avance el fin de semana. Las temperaturas diurnas se mantendr\u00e1n estables, oscilando cerca de los <strong>20\u00b0C<\/strong>, mientras que las ma\u00f1anas seguir\u00e1n siendo g\u00e9lidas, requiriendo precauci\u00f3n constante.<\/p>\n<h2>Consejos de salud ante el clima<\/h2>\n<p>Aunque el ambiente es fr\u00edo, la radiaci\u00f3n solar puede ser alta. Se sugiere aplicar protector solar factor <strong>50<\/strong> si se estar\u00e1 expuesto al sol. Adem\u00e1s, es vital mantener la hidrataci\u00f3n bebiendo al menos <strong>2 litros<\/strong> de agua para evitar la resequedad en la piel y garganta.\n<\/p>\n<p>Se recomienda evitar cambios bruscos de temperatura, especialmente al salir de lugares calefaccionados. Las horas m\u00e1s fr\u00edas ser\u00e1n antes de las <strong>9:00<\/strong> horas y despu\u00e9s de las <strong>19:00<\/strong> horas, momentos en los que se debe tener mayor cuidado con ni\u00f1os y adultos mayores.\n<\/p>\n<h2>\u00bfC\u00f3mo afecta el clima las actividades?<\/h2>\n<p>Las condiciones son favorables para el ejercicio al aire libre, siempre que se realice un calentamiento adecuado para evitar lesiones musculares por el fr\u00edo. Correr o caminar entre las <strong>11:00<\/strong> y <strong>15:00<\/strong> horas resulta ideal para aprovechar la calidez del sol invernal.\n<\/p>\n<p>La visibilidad en carreteras es \u00f3ptima gracias a la ausencia de niebla o lluvia. Sin embargo, los conductores deben revisar la presi\u00f3n de las llantas, que puede variar con los <strong>6\u00b0C<\/strong> de m\u00ednima, y mantener una distancia prudente aunque el asfalto est\u00e9 seco.\n<\/p>\n<h2>Vestimenta recomendada para hoy<\/h2>\n<p>La estrategia de capas o cebolla es la mejor opci\u00f3n. Se aconseja usar una camiseta t\u00e9rmica base, seguida de un su\u00e9ter ligero y una chamarra cortavientos. Los colores oscuros ayudar\u00e1n a absorber el calor solar durante el d\u00eda, manteniendo el cuerpo a una temperatura agradable.\n<\/p>\n<p>Al salir de casa, no olvide llevar gafas de sol para proteger la vista del resplandor. Una bufanda ligera ser\u00e1 \u00fatil para cubrir las v\u00edas respiratorias durante la ma\u00f1ana y noche, cuando el term\u00f3metro desciende a un solo d\u00edgito, cerca de los <strong>6\u00b0C<\/strong> o <strong>7\u00b0C<\/strong>.\n<\/p>\n<h2>Calidad del aire y monitoreo<\/h2>\n<p>El \u00cdndice de Calidad del Aire (AQI) reporta un nivel de <strong>2<\/strong>, considerado Aceptable. Con part\u00edculas PM2.5 en <strong>7.7 \u00b5g\/m\u00b3<\/strong> y PM10 en <strong>8.8 \u00b5g\/m\u00b3<\/strong>, la atm\u00f3sfera es apta para la mayor\u00eda de las personas, aunque grupos muy sensibles deber\u00edan moderar esfuerzos prolongados.\n<\/p>\n<p>Para actualizaciones en tiempo real sobre frentes fr\u00edos o cambios repentinos, se insta a la poblaci\u00f3n a seguir las cuentas de Protecci\u00f3n Civil y el Servicio Meteorol\u00f3gico Nacional. Mantenerse informado es clave para prevenir enfermedades respiratorias en esta temporada.<br \/>\n<\/p>\n<p><h3 style=\"margin-bottom:10px;font-family:Arial,sans-serif;\"\/>\n    <iframe src=\"https:\/\/openweathermap.org\/weathermap?basemap=map&amp;cities=true&amp;layer=temperature&amp;lat=23.6345&amp;lon=-102.5528&amp;zoom=5\" width=\"100%\" height=\"400\" style=\"border:none;border-radius:8px;\" loading=\"lazy\"><![CDATA[\n    ]]><\/iframe>\n<\/p>\n<p style=\"font-size:12px;color:#666;margin-top:20px;\"><em>Este art\u00edculo ha sido generado con el apoyo de IA y revisado por un editor. Para m\u00e1s informaci\u00f3n, consulte nuestros t\u00e9rminos y condiciones.<\/em><\/p>\n<\/p><\/div>\n<p><script>\n    !function(f,b,e,v,n,t,s)\n    {if(f.fbq)return;n=f.fbq=function(){n.callMethod?\n    n.callMethod.apply(n,arguments):n.queue.push(arguments)};\n    if(!f._fbq)f._fbq=n;n.push=n;n.loaded=!0;n.version='2.0';\n    n.queue=[];t=b.createElement(e);t.async=!0;\n    t.src=v;s=b.getElementsByTagName(e)[0];\n    s.parentNode.insertBefore(t,s)}(window, document,'script',\n    'https:\/\/connect.facebook.net\/en_US\/fbevents.js');\n    fbq('init', '237927003583820');\n    fbq('track', 'PageView');\n  <\/script><script>\n    !function(f,b,e,v,n,t,s)\n    {if(f.fbq)return;n=f.fbq=function(){n.callMethod?\n    n.callMethod.apply(n,arguments):n.queue.push(arguments)};\n    if(!f._fbq)f._fbq=n;n.push=n;n.loaded=!0;n.version='2.0';\n    n.queue=[];t=b.createElement(e);t.async=!0;\n    t.src=v;s=b.getElementsByTagName(e)[0];\n    s.parentNode.insertBefore(t,s)}(window, document,'script',\n    'https:\/\/connect.facebook.net\/en_US\/fbevents.js');\n    fbq('init', '802372280934901');\n    fbq('track', 'PageView');\n    <\/script><br \/>\n<br \/><\/p>\n","protected":false},"excerpt":{"rendered":"<p>Este viernes 6 de febrero, Zacatecas amanece con un ambiente fr\u00edo que persistir\u00e1 durante la ma\u00f1ana. El term\u00f3metro marca actualmente 12\u00b0C, aunque se espera que las condiciones mejoren ligeramente hacia el mediod\u00eda bajo un cielo totalmente despejado en la regi\u00f3n. \u00bfQu\u00e9 temperaturas se esperan hoy? La sensaci\u00f3n t\u00e9rmica se ubica en 11\u00b0C debido a la [&hellip;]<\/p>\n","protected":false},"author":2,"featured_media":3082,"comment_status":"","ping_status":"","sticky":false,"template":"","format":"standard","meta":{"footnotes":""},"categories":[2],"tags":[],"class_list":["post-3081","post","type-post","status-publish","format-standard","has-post-thumbnail","hentry","category-local"],"_links":{"self":[{"href":"https:\/\/conexion-mx.com\/index.php?rest_route=\/wp\/v2\/posts\/3081","targetHints":{"allow":["GET"]}}],"collection":[{"href":"https:\/\/conexion-mx.com\/index.php?rest_route=\/wp\/v2\/posts"}],"about":[{"href":"https:\/\/conexion-mx.com\/index.php?rest_route=\/wp\/v2\/types\/post"}],"author":[{"embeddable":true,"href":"https:\/\/conexion-mx.com\/index.php?rest_route=\/wp\/v2\/users\/2"}],"replies":[{"embeddable":true,"href":"https:\/\/conexion-mx.com\/index.php?rest_route=%2Fwp%2Fv2%2Fcomments&post=3081"}],"version-history":[{"count":0,"href":"https:\/\/conexion-mx.com\/index.php?rest_route=\/wp\/v2\/posts\/3081\/revisions"}],"wp:featuredmedia":[{"embeddable":true,"href":"https:\/\/conexion-mx.com\/index.php?rest_route=\/wp\/v2\/media\/3082"}],"wp:attachment":[{"href":"https:\/\/conexion-mx.com\/index.php?rest_route=%2Fwp%2Fv2%2Fmedia&parent=3081"}],"wp:term":[{"taxonomy":"category","embeddable":true,"href":"https:\/\/conexion-mx.com\/index.php?rest_route=%2Fwp%2Fv2%2Fcategories&post=3081"},{"taxonomy":"post_tag","embeddable":true,"href":"https:\/\/conexion-mx.com\/index.php?rest_route=%2Fwp%2Fv2%2Ftags&post=3081"}],"curies":[{"name":"wp","href":"https:\/\/api.w.org\/{rel}","templated":true}]}}