{"id":3083,"date":"2026-02-06T14:37:47","date_gmt":"2026-02-06T19:37:47","guid":{"rendered":"https:\/\/conexion-mx.com\/?p=3083"},"modified":"2026-02-06T14:37:47","modified_gmt":"2026-02-06T19:37:47","slug":"estado-de-mexico-prioridad-nacional-en-la-ruta-del-partido-verde","status":"publish","type":"post","link":"https:\/\/conexion-mx.com\/?p=3083","title":{"rendered":"Estado de M\u00e9xico, prioridad nacional en la ruta del Partido Verde"},"content":{"rendered":"<p> <br \/>\n<\/p>\n<div>\n<p>Las y los<strong> legisladores mexiquenses<\/strong> fueron muy bien recibidos por la dirigencia nacional del partido, liderada por <strong>Karen Castrej\u00f3n<\/strong>, as\u00ed como por el coordinador del grupo parlamentario en el <strong>Senado, Manuel Velasco<\/strong>. La realizaci\u00f3n de la Plenaria no fue un gesto protocolario ni una simple reuni\u00f3n interna.<\/p>\n<p>La dirigencia nacional y el encuentro, dej\u00f3 ver el papel estrat\u00e9gico que hoy juega el<strong> Estado de M\u00e9xico<\/strong> dentro del partido y el peso pol\u00edtico que representa su dirigencia estatal.<\/p>\n<aside class=\"htmlinline\"\/>\n<p>Durante la plenaria, el mensaje fue claro: el crecimiento electoral del <strong>Partido Verde en el Estado de M\u00e9xico <\/strong>se ha convertido en uno de los principales activos del instituto pol\u00edtico a nivel nacional.<\/p>\n<p>Manuel Velasco subray\u00f3 que el <strong>PVEM<\/strong> es hoy la fuerza pol\u00edtica con mayor crecimiento en la entidad, resultado de una estrategia basada en trabajo territorial, cercan\u00eda con la ciudadan\u00eda y resultados concretos, encabezada por un liderazgo joven con gran futuro:<br \/><strong>Pepe Couttolenc.<\/strong><\/p>\n<p>En el mismo sentido, <strong>Karen Castrej\u00f3n<\/strong> destac\u00f3 el trabajo realizado por Couttolenc, al calificarlo como un referente para el partido. La dirigencia nacional reconoci\u00f3 que el <strong>modelo de organizaci\u00f3n, activismo y operaci\u00f3n pol\u00edtica<\/strong> impulsado en la entidad es una<br \/>f\u00f3rmula que el Verde busca replicar en otros estados del pa\u00eds.<\/p>\n<p>Este reconocimiento no se limita a lo discursivo. La <strong>apuesta mexiquense<\/strong>, caracterizada por una estructura s\u00f3lida en tierra y una menor dependencia de la marca nacional, se perfila como un esquema que el PVEM pretende exportar. El reto ser\u00e1 adaptarlo en<br \/>regiones donde el partido a\u00fan enfrenta la percepci\u00f3n de ser un partido sat\u00e9lite.<\/p>\n<p>En la plenaria se mencion\u00f3 al exgobernador <strong>Eruviel \u00c1vila Villegas<\/strong>, aclarando que su incorporaci\u00f3n al proyecto pol\u00edtico del Verde ampl\u00eda la interlocuci\u00f3n con sectores clave. La estrategia ha quedado clara: combinar la estructura joven encabezada por<br \/>Couttolenc con la experiencia pol\u00edtica de \u00c1vila. M\u00e1s que ser la suma de un nombre, para el Verde el exgobernador representa una estrategia clave con miras a fortalecer la\u00a0operaci\u00f3n rumbo a 2027.<\/p>\n<p>Los ejes presentados durante la plenaria \u2014agua, transporte y seguridad\u2014 reflejan problem\u00e1ticas centrales del Estado de M\u00e9xico y del Valle de M\u00e9xico. Al proyectarlos al plano federal, el Partido Verde busca construir una identidad propia frente a Morena.<\/p>\n<p>La plenaria dej\u00f3 en claro la ruta del PVEM rumbo a 2026: mantener su lealtad al gobierno de <strong>Claudia Sheinbaum<\/strong>, pero avanzar con autonom\u00eda legislativa. Desde la dirigencia nacional se reconoci\u00f3 que el partido atraviesa una etapa de definici\u00f3n, aunque esta misma depende en buena medida de que la maquinaria pol\u00edtica del <strong>Estado de M\u00e9xico<\/strong> contin\u00fae entregando resultados.<\/p>\n<p>En un contexto donde otras fuerzas pol\u00edticas enfrentan reacomodos internos \u2014como es el caso de Morena y su cambio de coordinador en el Senado\u2014, el Partido Verde utiliz\u00f3 la plenaria para enviar un mensaje de unidad, disciplina y fortaleza. El <strong>Estado de M\u00e9xico<\/strong> se consolida as\u00ed como pieza clave no solo para la obtenci\u00f3n de resultados electorales, sino como laboratorio de lo que el <strong>PVEM <\/strong>busca construir a nivel nacional: una fuerza capaz de definir las grandes reformas que se avecinan.<\/p>\n<p>Aunque la alianza se refrend\u00f3 a nivel federal, en lo local el partido evaluar\u00e1 las mejores rutas para cada municipio, dependiendo de lo que se logre negociar en cada uno. No\u00a0obstante, el proyecto de la <strong>Cuarta Transformaci\u00f3n<\/strong> no se ver\u00e1 afectado, incluso si los<br \/>logotipos van por separado.<\/p>\n<p>Por otro lado, parece ser que de la mano del PVEM, el exgobernador Eruviel \u00c1vila encontr\u00f3 la manera de subsistir y mantenerse presente a nivel nacional, adem\u00e1s de buscar permanecer en la legislatura.<\/p>\n<p>En la Plenaria se envi\u00f3 un mensaje que se puede confirmar con los resultados electorales recientes: Pepe Couttolenc es el dirigente que m\u00e1s aporta de todos los estados. El Estado de M\u00e9xico ya no es cosa menor, es el referente.<\/p>\n<p>El dirigente ha sido inteligente en la suma de cuadros pol\u00edticos y militancia que han estado en b\u00fasqueda de un lugar para sumarse debido a su descontento. Esto ha logrado posicionar al PVEM del Estado de M\u00e9xico en m\u00e1s que un simple apoyo, ahora es la fuerza pol\u00edtica que puede definir un \u00e9xito electoral en la entidad con mayor poblaci\u00f3n de M\u00e9xico.<\/p>\n<p>Siempre y cuando se respete la agenda<strong> Verde del Valle de M\u00e9xico y Toluca<\/strong> como una prioridad, el apoyo del Verde ser\u00e1 firme, como lo subrayaron<strong> Manuel Velasco <\/strong>y los <strong>l\u00edderes mexiquenses<\/strong>.<\/p>\n<p>Finalmente, el <strong>Partido Verde <\/strong>manifest\u00f3 apertura al debate de la reforma electoral, incluyendo el tema de los plurinominales, una se\u00f1al que ha sido interpretada como confianza en su capacidad para competir y ganar por mayor\u00eda relativa en distritos<br \/>estrat\u00e9gicos, particularmente en el Estado de M\u00e9xico.<\/p>\n<p>MMV<\/p>\n<\/p><\/div>\n<p><script>\n    !function(f,b,e,v,n,t,s)\n    {if(f.fbq)return;n=f.fbq=function(){n.callMethod?\n    n.callMethod.apply(n,arguments):n.queue.push(arguments)};\n    if(!f._fbq)f._fbq=n;n.push=n;n.loaded=!0;n.version='2.0';\n    n.queue=[];t=b.createElement(e);t.async=!0;\n    t.src=v;s=b.getElementsByTagName(e)[0];\n    s.parentNode.insertBefore(t,s)}(window, document,'script',\n    'https:\/\/connect.facebook.net\/en_US\/fbevents.js');\n    fbq('init', '237927003583820');\n    fbq('track', 'PageView');\n  <\/script><script>\n    !function(f,b,e,v,n,t,s)\n    {if(f.fbq)return;n=f.fbq=function(){n.callMethod?\n    n.callMethod.apply(n,arguments):n.queue.push(arguments)};\n    if(!f._fbq)f._fbq=n;n.push=n;n.loaded=!0;n.version='2.0';\n    n.queue=[];t=b.createElement(e);t.async=!0;\n    t.src=v;s=b.getElementsByTagName(e)[0];\n    s.parentNode.insertBefore(t,s)}(window, document,'script',\n    'https:\/\/connect.facebook.net\/en_US\/fbevents.js');\n    fbq('init', '802372280934901');\n    fbq('track', 'PageView');\n    <\/script><br \/>\n<br \/><\/p>\n","protected":false},"excerpt":{"rendered":"<p>Las y los legisladores mexiquenses fueron muy bien recibidos por la dirigencia nacional del partido, liderada por Karen Castrej\u00f3n, as\u00ed como por el coordinador del grupo parlamentario en el Senado, Manuel Velasco. La realizaci\u00f3n de la Plenaria no fue un gesto protocolario ni una simple reuni\u00f3n interna. La dirigencia nacional y el encuentro, dej\u00f3 ver [&hellip;]<\/p>\n","protected":false},"author":2,"featured_media":3084,"comment_status":"","ping_status":"","sticky":false,"template":"","format":"standard","meta":{"footnotes":""},"categories":[2],"tags":[],"class_list":["post-3083","post","type-post","status-publish","format-standard","has-post-thumbnail","hentry","category-local"],"_links":{"self":[{"href":"https:\/\/conexion-mx.com\/index.php?rest_route=\/wp\/v2\/posts\/3083","targetHints":{"allow":["GET"]}}],"collection":[{"href":"https:\/\/conexion-mx.com\/index.php?rest_route=\/wp\/v2\/posts"}],"about":[{"href":"https:\/\/conexion-mx.com\/index.php?rest_route=\/wp\/v2\/types\/post"}],"author":[{"embeddable":true,"href":"https:\/\/conexion-mx.com\/index.php?rest_route=\/wp\/v2\/users\/2"}],"replies":[{"embeddable":true,"href":"https:\/\/conexion-mx.com\/index.php?rest_route=%2Fwp%2Fv2%2Fcomments&post=3083"}],"version-history":[{"count":0,"href":"https:\/\/conexion-mx.com\/index.php?rest_route=\/wp\/v2\/posts\/3083\/revisions"}],"wp:featuredmedia":[{"embeddable":true,"href":"https:\/\/conexion-mx.com\/index.php?rest_route=\/wp\/v2\/media\/3084"}],"wp:attachment":[{"href":"https:\/\/conexion-mx.com\/index.php?rest_route=%2Fwp%2Fv2%2Fmedia&parent=3083"}],"wp:term":[{"taxonomy":"category","embeddable":true,"href":"https:\/\/conexion-mx.com\/index.php?rest_route=%2Fwp%2Fv2%2Fcategories&post=3083"},{"taxonomy":"post_tag","embeddable":true,"href":"https:\/\/conexion-mx.com\/index.php?rest_route=%2Fwp%2Fv2%2Ftags&post=3083"}],"curies":[{"name":"wp","href":"https:\/\/api.w.org\/{rel}","templated":true}]}}