{"id":3087,"date":"2026-02-06T22:09:09","date_gmt":"2026-02-07T03:09:09","guid":{"rendered":"https:\/\/conexion-mx.com\/?p=3087"},"modified":"2026-02-06T22:09:09","modified_gmt":"2026-02-07T03:09:09","slug":"yucatan-promociona-chichen-itza-y-sus-atractivos-turisticos-en-fitur-2026","status":"publish","type":"post","link":"https:\/\/conexion-mx.com\/?p=3087","title":{"rendered":"Yucat\u00e1n promociona Chich\u00e9n Itz\u00e1 y sus atractivos tur\u00edsticos en FITUR 2026"},"content":{"rendered":"<p> <br \/>\n<\/p>\n<div itemprop=\"articleBody\">\n<div class=\"txt_contenido\">\n<p><strong>Yucat\u00e1n<\/strong>, present\u00f3 en <strong>Madrid, Espa\u00f1a,<\/strong> su <strong>oferta tur\u00edstica <\/strong>rumbo a la <strong>Feria Internacional de Turismo &#8211; FITUR 2026\u00a0<\/strong>con <strong>Chich\u00e9n<\/strong> <strong>Itz\u00e1<\/strong> como uno de sus principales <strong>atractivos culturales en la regi\u00f3n. <\/strong>La estrategia busca posicionar al estado como un destino\u00a0que combina <strong>patrimonio hist\u00f3rico,<\/strong> <strong>cultura<\/strong> viva y <strong>experiencias<\/strong> \u00fanicas para <strong>visitantes<\/strong> <strong>nacionales<\/strong> como <strong>internacionales<\/strong>.\u00a0<\/p>\n<h2>Yucat\u00e1n impulsa Chich\u00e9n Itz\u00e1 y atractivos tur\u00edsticos internacionalmente\u00a0<\/h2>\n<p>Durante su participaci\u00f3n, se destac\u00f3 el papel de la cultura como uno de los principales atractivos tur\u00edsticos de <strong>M\u00e9xico<\/strong>, en particular la <strong>riqueza de la civilizaci\u00f3n maya y su herencia<\/strong> reflejada en los <strong>sitios arqueol\u00f3gicos.<\/strong> Asimismo, se promovieron otros <strong>atractivos<\/strong> de <strong>Yucat\u00e1n, como sus Pueblos M\u00e1gicos, la ciudad de M\u00e9rida, as\u00ed como su gastronom\u00eda.\u00a0<\/strong><\/p>\n<aside class=\"htmlinline\"\/>\n<p class=\"image-align-center\"><img loading=\"lazy\" decoding=\"async\" alt=\"\" height=\"400\" src=\"https:\/\/heraldodemexico.com.mx\/u\/fotografias\/m\/2025\/4\/16\/f768x400-1114011_1157914_7826.png\" width=\"768\"\/><\/p>\n<h2>La apuesta de Yucat\u00e1n en el escenario global\u00a0<\/h2>\n<p>La presencia de <strong>Yucat\u00e1n<\/strong> rumbo a <strong>FITUR 2026 <\/strong>busca <strong>fortalecer alianzas, atraer inversiones <\/strong>y dar mayor proyecci\u00f3n internacional al estado como un destino tur\u00edstico atractivo y diverso. Este impulso se da en un momento de alta afluencia de visitantes, lo que confirma a <strong>Chich\u00e9n Itz\u00e1 y al patrimonio cultural <\/strong>como piezas <strong>clave<\/strong> del desarrollo<strong> econ\u00f3mico de la regi\u00f3n.<\/strong><\/p>\n<p class=\"image-align-center\"><img loading=\"lazy\" decoding=\"async\" alt=\"\" height=\"400\" src=\"https:\/\/heraldodemexico.com.mx\/u\/fotografias\/m\/2024\/8\/21\/f768x400-997625_1041528_5050.jpg\" width=\"768\"\/><\/p>\n<p>\u00a0<\/p>\n<\/p><\/div>\n<\/p><\/div>\n<p><script>\n    !function(f,b,e,v,n,t,s)\n    {if(f.fbq)return;n=f.fbq=function(){n.callMethod?\n    n.callMethod.apply(n,arguments):n.queue.push(arguments)};\n    if(!f._fbq)f._fbq=n;n.push=n;n.loaded=!0;n.version='2.0';\n    n.queue=[];t=b.createElement(e);t.async=!0;\n    t.src=v;s=b.getElementsByTagName(e)[0];\n    s.parentNode.insertBefore(t,s)}(window, document,'script',\n    'https:\/\/connect.facebook.net\/en_US\/fbevents.js');\n    fbq('init', '237927003583820');\n    fbq('track', 'PageView');\n  <\/script><br \/>\n<br \/><\/p>\n","protected":false},"excerpt":{"rendered":"<p>Yucat\u00e1n, present\u00f3 en Madrid, Espa\u00f1a, su oferta tur\u00edstica rumbo a la Feria Internacional de Turismo &#8211; FITUR 2026\u00a0con Chich\u00e9n Itz\u00e1 como uno de sus principales atractivos culturales en la regi\u00f3n. La estrategia busca posicionar al estado como un destino\u00a0que combina patrimonio hist\u00f3rico, cultura viva y experiencias \u00fanicas para visitantes nacionales como internacionales.\u00a0 Yucat\u00e1n impulsa Chich\u00e9n [&hellip;]<\/p>\n","protected":false},"author":4,"featured_media":3088,"comment_status":"","ping_status":"","sticky":false,"template":"","format":"standard","meta":{"footnotes":""},"categories":[33],"tags":[],"class_list":["post-3087","post","type-post","status-publish","format-standard","has-post-thumbnail","hentry","category-cultura"],"_links":{"self":[{"href":"https:\/\/conexion-mx.com\/index.php?rest_route=\/wp\/v2\/posts\/3087","targetHints":{"allow":["GET"]}}],"collection":[{"href":"https:\/\/conexion-mx.com\/index.php?rest_route=\/wp\/v2\/posts"}],"about":[{"href":"https:\/\/conexion-mx.com\/index.php?rest_route=\/wp\/v2\/types\/post"}],"author":[{"embeddable":true,"href":"https:\/\/conexion-mx.com\/index.php?rest_route=\/wp\/v2\/users\/4"}],"replies":[{"embeddable":true,"href":"https:\/\/conexion-mx.com\/index.php?rest_route=%2Fwp%2Fv2%2Fcomments&post=3087"}],"version-history":[{"count":0,"href":"https:\/\/conexion-mx.com\/index.php?rest_route=\/wp\/v2\/posts\/3087\/revisions"}],"wp:featuredmedia":[{"embeddable":true,"href":"https:\/\/conexion-mx.com\/index.php?rest_route=\/wp\/v2\/media\/3088"}],"wp:attachment":[{"href":"https:\/\/conexion-mx.com\/index.php?rest_route=%2Fwp%2Fv2%2Fmedia&parent=3087"}],"wp:term":[{"taxonomy":"category","embeddable":true,"href":"https:\/\/conexion-mx.com\/index.php?rest_route=%2Fwp%2Fv2%2Fcategories&post=3087"},{"taxonomy":"post_tag","embeddable":true,"href":"https:\/\/conexion-mx.com\/index.php?rest_route=%2Fwp%2Fv2%2Ftags&post=3087"}],"curies":[{"name":"wp","href":"https:\/\/api.w.org\/{rel}","templated":true}]}}