{"id":3089,"date":"2026-02-06T22:56:26","date_gmt":"2026-02-07T03:56:26","guid":{"rendered":"https:\/\/conexion-mx.com\/?p=3089"},"modified":"2026-02-06T22:56:26","modified_gmt":"2026-02-07T03:56:26","slug":"motocilista-muere-tras-ser-arrastrado-por-un-auto-en-plena-autopista-mexico-pachuca-imagenes-fuertes","status":"publish","type":"post","link":"https:\/\/conexion-mx.com\/?p=3089","title":{"rendered":"Motocilista muere tras ser arrastrado por un auto en plena autopista M\u00e9xico-Pachuca | Im\u00e1genes Fuertes"},"content":{"rendered":"<p> <br \/>\n<\/p>\n<div itemprop=\"articleBody\">\n<div class=\"txt_contenido\">\n<p>Este viernes 6 de febrero un <strong>motociclista de 35 a\u00f1os<\/strong> fue asesinado en la autopista M\u00e9xico-Pachuca, luego de que un autom\u00f3vil lo golpe\u00f3 y arrastr\u00f3 por la <strong>v\u00eda p\u00fablica<\/strong>, en un caso que ha generado conmoci\u00f3n en las redes sociales, debido a la brutalidad del suceso este fin de semana.<\/p>\n<p>El hecho sucedido a la altura de del Vigilante en la <strong>autopista M\u00e9xico-Pachuca<\/strong>, cuando un autom\u00f3vil de color gris impacto el costado de la motocicleta lo que procovo que el conductor saliera proyectado, por lo que lo arrastr\u00f3 aproximadamente cerca de 15 metros en la via p\u00fablica.<\/p>\n<aside class=\"htmlinline\"\/>\n<p>Tras el siniestro se pudo observar que la <strong>motocicleta<\/strong> presentaba el manubrio derecho completamente doblado, del mismo costado se vi\u00f3 como la unidad estaba raspada, de igual forma se puede ver su casco con da\u00f1os y raspaduras del lado derecho, lo que ha generado indignaci\u00f3n.<\/p>\n<aside class=\"relacionadas con-foto linea-1078\"><strong class=\"relacionadas-titulo-gral\">Noticias Relacionadas<\/strong><\/aside>\n<h2>Motocilista muere en la autopista M\u00e9xico-Pachuca, fue impactado por un auto\u00a0<\/h2>\n<p>Tras el hecho, param\u00e9dicos de la<strong> Cruz Roja<\/strong> llegaron al sitio para valorar al motociclista arrollado, pues confirmaron que ya no contaba con signos vitales, debido a un fuerte traumatismo en el rostro y la cabeza, a pesar de que la v\u00edctima portaba todo el equipo de seguridad.<\/p>\n<p>Polic\u00edas municipales de <strong>Tlalnepantla<\/strong> acudieron para acordonar la zona y asegurar al conductor que arroll\u00f3 y arrastr\u00f3 al motociclista, para que peritos del <strong>Edomex<\/strong> realizaran las diligencias correspondientes y ordenar el levantamiento del cuerpo para ser trasladado a los servicios funerarios.<\/p>\n<p><img loading=\"lazy\" decoding=\"async\" alt=\"\" height=\"430\" src=\"https:\/\/heraldodemexico.com.mx\/u\/fotografias\/m\/2026\/2\/6\/f768x1-1242925_1243052_5050.png\" width=\"768\"\/><\/p>\n<p>El accidente caus\u00f3 afectaciones en la circulaci\u00f3n de la <strong>autopista M\u00e9xico-Pachuca<\/strong>, pues los automovilistas reduc\u00edan la velocidad para pasar la zona acordonada. Tras una hora de labores las autoridades retiraron las unidades y lograron liberar la vialidad para que el Ministerio P\u00fablico inicie una carpeta de investigacion.<\/p>\n<h2><u>Te puede interesar:<\/u><\/h2>\n<p>\u00a0<\/p>\n<\/p><\/div>\n<\/p><\/div>\n<p><script>\n    !function(f,b,e,v,n,t,s)\n    {if(f.fbq)return;n=f.fbq=function(){n.callMethod?\n    n.callMethod.apply(n,arguments):n.queue.push(arguments)};\n    if(!f._fbq)f._fbq=n;n.push=n;n.loaded=!0;n.version='2.0';\n    n.queue=[];t=b.createElement(e);t.async=!0;\n    t.src=v;s=b.getElementsByTagName(e)[0];\n    s.parentNode.insertBefore(t,s)}(window, document,'script',\n    'https:\/\/connect.facebook.net\/en_US\/fbevents.js');\n    fbq('init', '237927003583820');\n    fbq('track', 'PageView');\n  <\/script><script>\n    !function(f,b,e,v,n,t,s)\n    {if(f.fbq)return;n=f.fbq=function(){n.callMethod?\n    n.callMethod.apply(n,arguments):n.queue.push(arguments)};\n    if(!f._fbq)f._fbq=n;n.push=n;n.loaded=!0;n.version='2.0';\n    n.queue=[];t=b.createElement(e);t.async=!0;\n    t.src=v;s=b.getElementsByTagName(e)[0];\n    s.parentNode.insertBefore(t,s)}(window, document,'script',\n    'https:\/\/connect.facebook.net\/en_US\/fbevents.js');\n    fbq('init', '802372280934901');\n    fbq('track', 'PageView');\n    <\/script><br \/>\n<br \/><\/p>\n","protected":false},"excerpt":{"rendered":"<p>Este viernes 6 de febrero un motociclista de 35 a\u00f1os fue asesinado en la autopista M\u00e9xico-Pachuca, luego de que un autom\u00f3vil lo golpe\u00f3 y arrastr\u00f3 por la v\u00eda p\u00fablica, en un caso que ha generado conmoci\u00f3n en las redes sociales, debido a la brutalidad del suceso este fin de semana. El hecho sucedido a la [&hellip;]<\/p>\n","protected":false},"author":2,"featured_media":3090,"comment_status":"","ping_status":"","sticky":false,"template":"","format":"standard","meta":{"footnotes":""},"categories":[2],"tags":[],"class_list":["post-3089","post","type-post","status-publish","format-standard","has-post-thumbnail","hentry","category-local"],"_links":{"self":[{"href":"https:\/\/conexion-mx.com\/index.php?rest_route=\/wp\/v2\/posts\/3089","targetHints":{"allow":["GET"]}}],"collection":[{"href":"https:\/\/conexion-mx.com\/index.php?rest_route=\/wp\/v2\/posts"}],"about":[{"href":"https:\/\/conexion-mx.com\/index.php?rest_route=\/wp\/v2\/types\/post"}],"author":[{"embeddable":true,"href":"https:\/\/conexion-mx.com\/index.php?rest_route=\/wp\/v2\/users\/2"}],"replies":[{"embeddable":true,"href":"https:\/\/conexion-mx.com\/index.php?rest_route=%2Fwp%2Fv2%2Fcomments&post=3089"}],"version-history":[{"count":0,"href":"https:\/\/conexion-mx.com\/index.php?rest_route=\/wp\/v2\/posts\/3089\/revisions"}],"wp:featuredmedia":[{"embeddable":true,"href":"https:\/\/conexion-mx.com\/index.php?rest_route=\/wp\/v2\/media\/3090"}],"wp:attachment":[{"href":"https:\/\/conexion-mx.com\/index.php?rest_route=%2Fwp%2Fv2%2Fmedia&parent=3089"}],"wp:term":[{"taxonomy":"category","embeddable":true,"href":"https:\/\/conexion-mx.com\/index.php?rest_route=%2Fwp%2Fv2%2Fcategories&post=3089"},{"taxonomy":"post_tag","embeddable":true,"href":"https:\/\/conexion-mx.com\/index.php?rest_route=%2Fwp%2Fv2%2Ftags&post=3089"}],"curies":[{"name":"wp","href":"https:\/\/api.w.org\/{rel}","templated":true}]}}