{"id":3093,"date":"2026-02-07T07:10:51","date_gmt":"2026-02-07T12:10:51","guid":{"rendered":"https:\/\/conexion-mx.com\/?p=3093"},"modified":"2026-02-07T07:10:51","modified_gmt":"2026-02-07T12:10:51","slug":"pronostico-del-clima-en-xalapa-veracruz-hoy-sabado-7-de-febrero-temperatura-lluvia-y-calidad-del-aire-reporte-meteorologico-completo-para-el-fin-de-semana","status":"publish","type":"post","link":"https:\/\/conexion-mx.com\/?p=3093","title":{"rendered":"Pron\u00f3stico del clima en Xalapa, Veracruz hoy s\u00e1bado 7 de febrero: temperatura, lluvia y calidad del aire. Reporte meteorol\u00f3gico completo para el fin de semana."},"content":{"rendered":"<p> <br \/>\n<\/p>\n<div>\n<p>Este s\u00e1bado, la capital veracruzana presenta condiciones invernales con un term\u00f3metro que marca actualmente <strong>13\u00b0C<\/strong>. La jornada estar\u00e1 caracterizada por abundante nubosidad y una sensaci\u00f3n t\u00e9rmica de <strong>12\u00b0C<\/strong>, lo que obligar\u00e1 a los habitantes a abrigarse bien desde temprano.<\/p>\n<h2>\u00bfQu\u00e9 temperaturas se esperan hoy en Xalapa?<\/h2>\n<p>El ambiente se mantendr\u00e1 fresco durante todo el d\u00eda, alcanzando una m\u00e1xima de apenas <strong>18\u00b0C<\/strong> en las horas vespertinas. Por la noche, el mercurio descender\u00e1 hasta registrar una m\u00ednima de <strong>9\u00b0C<\/strong>, generando un clima bastante fr\u00edo que requiere precauci\u00f3n al salir.<\/p>\n<p>La humedad relativa se ubica en un <strong>71%<\/strong>, intensificando la percepci\u00f3n de fr\u00edo en la piel. Aunque no se prev\u00e9n cambios dr\u00e1sticos, la estabilidad atmosf\u00e9rica mantendr\u00e1 los valores t\u00e9rmicos bajos, sin repuntes significativos de calor durante la tarde.<\/p>\n<h2>\u00bfLlover\u00e1 este s\u00e1bado en la capital?<\/h2>\n<p>A pesar de la densa cobertura nubosa que domina el horizonte, la probabilidad de precipitaciones se mantiene baja para esta jornada. Sin embargo, no se descartan lloviznas dispersas o \u00abchipi-chipi\u00bb t\u00edpicos de la zona monta\u00f1osa debido a la alta saturaci\u00f3n.<\/p>\n<p>El viento soplar\u00e1 de manera suave a una velocidad de <strong>2 m\/s<\/strong>, lo que apenas mover\u00e1 las ramas de los \u00e1rboles. El cielo permanecer\u00e1 mayormente cubierto, limitando la radiaci\u00f3n solar directa y contribuyendo a que la temperatura no aumente considerablemente.<\/p>\n<div style=\"background:linear-gradient(135deg,#0c1929 0%,#1a365d 50%,#234e82 100%);border-radius:12px;font-family:-apple-system,BlinkMacSystemFont,'Segoe UI',Roboto,sans-serif;margin:1rem 0;overflow:hidden;box-shadow:0 4px 20px rgba(0,0,0,0.25);\">\n<div style=\"display:flex;align-items:stretch;\">\n<div style=\"flex:1;padding:16px 20px;border-right:1px solid rgba(255,255,255,0.1);\">\n<p>Clima hoy<\/p>\n<p>Xalapa<\/p>\n<p>13<span style=\"font-size:1.5rem;color:rgba(255,255,255,0.7);\">\u00b0C<\/span><\/p>\n<p>muy nuboso<\/p>\n<\/div>\n<\/div>\n<\/div>\n<h2>Pron\u00f3stico del tiempo para los pr\u00f3ximos d\u00edas<\/h2>\n<p>El tiempo en Xalapa mostrar\u00e1 variaciones leves en los siguientes d\u00edas:<\/p>\n<p><strong>Domingo 08 de febrero<\/strong><br \/>Se espera una m\u00e1xima de <strong>19\u00b0C<\/strong> y m\u00ednima de <strong>9\u00b0C<\/strong>. Habr\u00e1 intervalos de nubes y sol con vientos de <strong>2 km\/h<\/strong>.<\/p>\n<p><strong>Lunes 09 de febrero<\/strong><br \/>El term\u00f3metro marcar\u00e1 hasta <strong>18\u00b0C<\/strong> con m\u00ednima de <strong>9\u00b0C<\/strong>. Regresar\u00e1 la nubosidad densa manteniendo el ambiente fresco y viento de <strong>2 km\/h<\/strong>.<\/p>\n<p><strong>Martes 10 de febrero<\/strong><br \/>Mejoran las condiciones con cielo claro, alcanzando <strong>21\u00b0C<\/strong> como m\u00e1xima y <strong>10\u00b0C<\/strong> de m\u00ednima, con brisa ligera de <strong>2 km\/h<\/strong>.<\/p>\n<p>La tendencia meteorol\u00f3gica indica una recuperaci\u00f3n gradual de los valores t\u00e9rmicos hacia el inicio de la pr\u00f3xima semana. Los d\u00edas seguir\u00e1n siendo frescos por las ma\u00f1anas, pero se espera mayor presencia de sol a partir del martes, elevando la sensaci\u00f3n de confort.<\/p>\n<h2>Recomendaciones de salud ante el fr\u00edo<\/h2>\n<p>Debido a las bajas temperaturas matutinas de <strong>9\u00b0C<\/strong>, es crucial proteger las v\u00edas respiratorias cubriendo nariz y boca. Se aconseja consumir frutas ricas en vitamina C y mantener la hidrataci\u00f3n, bebiendo al menos <strong>2 litros<\/strong> de agua aunque no se sienta sed.\n<\/p>\n<p>Para evitar enfermedades estacionales, se recomienda evitar los cambios bruscos de temperatura al entrar o salir de lugares cerrados. Si utiliza calefacci\u00f3n, procure ventilar las habitaciones peri\u00f3dicamente para renovar el aire y reducir la sequedad ambiental.\n<\/p>\n<h2>Impacto en actividades al aire libre<\/h2>\n<p>Las condiciones actuales son favorables para caminatas ligeras, siempre que se lleve ropa adecuada. El viento de <strong>2 m\/s<\/strong> no representa un obst\u00e1culo para el ejercicio exterior, pero la falta de sol directo sugiere realizar actividades f\u00edsicas en horarios centrales.\n<\/p>\n<p>La visibilidad podr\u00eda verse ligeramente reducida en zonas altas debido a la niebla matutina. Los conductores deben mantener una distancia prudente y encender las luces bajas, especialmente en las carreteras perif\u00e9ricas donde la humedad suele condensarse m\u00e1s.\n<\/p>\n<h2>\u00bfQu\u00e9 ropa usar hoy en Xalapa?<\/h2>\n<p>Se sugiere vestir en capas, utilizando una camiseta t\u00e9rmica base y un su\u00e9ter o chamarra abrigadora encima. Los materiales como lana o polar son ideales para retener el calor corporal frente a los <strong>13\u00b0C<\/strong> actuales, complementando con bufanda si es necesario.\n<\/p>\n<p>Al salir de casa, es indispensable llevar una chamarra resistente al viento. Aunque la lluvia no es inminente, un paraguas compacto puede ser \u00fatil por la nubosidad persistente. No olvide gafas de sol si la capa de nubes se rompe moment\u00e1neamente al mediod\u00eda.\n<\/p>\n<h2>Calidad del aire y monitoreo oficial<\/h2>\n<p>La calidad del aire en Xalapa se reporta como buena, con un \u00edndice AQI de <strong>1<\/strong>. Las part\u00edculas PM2.5 registran <strong>8.9 \u00b5g\/m\u00b3<\/strong> y las PM10 <strong>13.5 \u00b5g\/m\u00b3<\/strong>, lo que hace que el ambiente sea ideal para disfrutar de actividades al aire libre sin riesgos respiratorios.\n<\/p>\n<p>Para mantenerse informado sobre cualquier cambio repentino en el tiempo, se exhorta a la poblaci\u00f3n a seguir los avisos de Protecci\u00f3n Civil estatal. Consulte las actualizaciones horarias del Servicio Meteorol\u00f3gico Nacional para planificar sus traslados.<br \/>\n<\/p>\n<p><h3 style=\"margin-bottom:10px;font-family:Arial,sans-serif;\"\/>\n    <iframe src=\"https:\/\/openweathermap.org\/weathermap?basemap=map&amp;cities=true&amp;layer=temperature&amp;lat=23.6345&amp;lon=-102.5528&amp;zoom=5\" width=\"100%\" height=\"400\" style=\"border:none;border-radius:8px;\" loading=\"lazy\"><![CDATA[\n    ]]><\/iframe>\n<\/p>\n<p style=\"font-size:12px;color:#666;margin-top:20px;\"><em>Este art\u00edculo ha sido generado con el apoyo de IA y revisado por un editor. Para m\u00e1s informaci\u00f3n, consulte nuestros t\u00e9rminos y condiciones.<\/em><\/p>\n<\/p><\/div>\n<p><script>\n    !function(f,b,e,v,n,t,s)\n    {if(f.fbq)return;n=f.fbq=function(){n.callMethod?\n    n.callMethod.apply(n,arguments):n.queue.push(arguments)};\n    if(!f._fbq)f._fbq=n;n.push=n;n.loaded=!0;n.version='2.0';\n    n.queue=[];t=b.createElement(e);t.async=!0;\n    t.src=v;s=b.getElementsByTagName(e)[0];\n    s.parentNode.insertBefore(t,s)}(window, document,'script',\n    'https:\/\/connect.facebook.net\/en_US\/fbevents.js');\n    fbq('init', '237927003583820');\n    fbq('track', 'PageView');\n  <\/script><script>\n    !function(f,b,e,v,n,t,s)\n    {if(f.fbq)return;n=f.fbq=function(){n.callMethod?\n    n.callMethod.apply(n,arguments):n.queue.push(arguments)};\n    if(!f._fbq)f._fbq=n;n.push=n;n.loaded=!0;n.version='2.0';\n    n.queue=[];t=b.createElement(e);t.async=!0;\n    t.src=v;s=b.getElementsByTagName(e)[0];\n    s.parentNode.insertBefore(t,s)}(window, document,'script',\n    'https:\/\/connect.facebook.net\/en_US\/fbevents.js');\n    fbq('init', '802372280934901');\n    fbq('track', 'PageView');\n    <\/script><br \/>\n<br \/><\/p>\n","protected":false},"excerpt":{"rendered":"<p>Este s\u00e1bado, la capital veracruzana presenta condiciones invernales con un term\u00f3metro que marca actualmente 13\u00b0C. La jornada estar\u00e1 caracterizada por abundante nubosidad y una sensaci\u00f3n t\u00e9rmica de 12\u00b0C, lo que obligar\u00e1 a los habitantes a abrigarse bien desde temprano. \u00bfQu\u00e9 temperaturas se esperan hoy en Xalapa? El ambiente se mantendr\u00e1 fresco durante todo el d\u00eda, [&hellip;]<\/p>\n","protected":false},"author":2,"featured_media":3094,"comment_status":"","ping_status":"","sticky":false,"template":"","format":"standard","meta":{"footnotes":""},"categories":[2],"tags":[],"class_list":["post-3093","post","type-post","status-publish","format-standard","has-post-thumbnail","hentry","category-local"],"_links":{"self":[{"href":"https:\/\/conexion-mx.com\/index.php?rest_route=\/wp\/v2\/posts\/3093","targetHints":{"allow":["GET"]}}],"collection":[{"href":"https:\/\/conexion-mx.com\/index.php?rest_route=\/wp\/v2\/posts"}],"about":[{"href":"https:\/\/conexion-mx.com\/index.php?rest_route=\/wp\/v2\/types\/post"}],"author":[{"embeddable":true,"href":"https:\/\/conexion-mx.com\/index.php?rest_route=\/wp\/v2\/users\/2"}],"replies":[{"embeddable":true,"href":"https:\/\/conexion-mx.com\/index.php?rest_route=%2Fwp%2Fv2%2Fcomments&post=3093"}],"version-history":[{"count":0,"href":"https:\/\/conexion-mx.com\/index.php?rest_route=\/wp\/v2\/posts\/3093\/revisions"}],"wp:featuredmedia":[{"embeddable":true,"href":"https:\/\/conexion-mx.com\/index.php?rest_route=\/wp\/v2\/media\/3094"}],"wp:attachment":[{"href":"https:\/\/conexion-mx.com\/index.php?rest_route=%2Fwp%2Fv2%2Fmedia&parent=3093"}],"wp:term":[{"taxonomy":"category","embeddable":true,"href":"https:\/\/conexion-mx.com\/index.php?rest_route=%2Fwp%2Fv2%2Fcategories&post=3093"},{"taxonomy":"post_tag","embeddable":true,"href":"https:\/\/conexion-mx.com\/index.php?rest_route=%2Fwp%2Fv2%2Ftags&post=3093"}],"curies":[{"name":"wp","href":"https:\/\/api.w.org\/{rel}","templated":true}]}}