{"id":3097,"date":"2026-02-07T15:44:17","date_gmt":"2026-02-07T20:44:17","guid":{"rendered":"https:\/\/conexion-mx.com\/?p=3097"},"modified":"2026-02-07T15:44:17","modified_gmt":"2026-02-07T20:44:17","slug":"beca-gertrudiz-bocanegra-asi-puedes-inscribirte-para-obtener-los-mil-900-pesos-de-apoyo-el-primer-pago-es-en-febrero","status":"publish","type":"post","link":"https:\/\/conexion-mx.com\/?p=3097","title":{"rendered":"Beca Gertrudiz Bocanegra: As\u00ed puedes inscribirte para obtener los mil 900 pesos de apoyo, el primer pago es en febrero"},"content":{"rendered":"<p> <br \/>\n<\/p>\n<div>\n<p>El Gobierno de la<strong> Presidenta<\/strong>, <strong>Claudia Sheinbaum<\/strong>, se ha distinguido por el impulso de los \u201c<strong>Programas del Bienestar<\/strong>\u201d en beneficio de la poblaci\u00f3n; se estima que cerca de 32 millones de<strong> familias<\/strong> reciben <strong>apoyos sociales<\/strong>.<\/p>\n<p>Ahora surgi\u00f3 un nuevo apoyo econ\u00f3mico como parte del \u201c<strong>Plan Michoac\u00e1n por la Paz y la Justicia<\/strong>\u201d, el cual est\u00e1 encaminado a combatir la violencia y busca devolver la estabilidad en el estado. Se trata de la<strong> beca Gertrudis Bocanegra<\/strong>, la cual ofrecer\u00e1 un apoyo econ\u00f3mico de mil 900 pesos a los estudiantes con la finalidad de que sigan con su formaci\u00f3n educativa.<\/p>\n<aside class=\"htmlinline\"\/>\n<h2>\u00bfCu\u00e1l es el monto econ\u00f3mico de la beca Gertrudis Bocanegra y cada cu\u00e1nto se entrega?<\/h2>\n<p>El apoyo consiste en\u00a0mil 900 pesos que se entregan bimestralmente durante los 10 meses de cada<strong> ciclo escolar<\/strong>, por un m\u00e1ximo de 45 meses. En el caso de<strong> estudiantes<\/strong> de Medicina, la beca podr\u00e1 otorgarse hasta por 55 meses. Solo no se consideran los meses de<strong> julio<\/strong> y <strong>agosto<\/strong> por ser <strong>periodo vacacional<\/strong>.<\/p>\n<div class=\"image-align-center\">\n<figure class=\"image\"><img loading=\"lazy\" decoding=\"async\" alt=\"\" height=\"381\" src=\"https:\/\/heraldodemexico.com.mx\/u\/fotografias\/m\/2026\/2\/7\/f768x1-1243048_1243175_5050.png\" width=\"768\"\/><figcaption>Est\u00e1 dirigida a estudiantes de Michoac\u00e1n de hasta 29 a\u00f1os Foto: Gobierno Federal\u00a0<\/figcaption><\/figure>\n<\/div>\n<h3>\u00bfPara qui\u00e9n es la beca Gertrudis Bocanegra?<\/h3>\n<p>Est\u00e1 dirigida a estudiantes de <strong>Michoac\u00e1n<\/strong> de hasta 29 a\u00f1os cumplidos que cursan estudios en instituciones de educaci\u00f3n superior consideradas susceptibles de atenci\u00f3n. Es un<strong> apoyo <\/strong>pensado especialmente para que su trayecto hacia la universidad sea m\u00e1s seguro, m\u00e1s accesible y, sobre todo, posible.<\/p>\n<h2>\u00bfCu\u00e1ndo se realizar\u00e1 el pago de la beca Gertrudis Bocanegra?<\/h2>\n<p>El<strong> secretario de Educaci\u00f3n<\/strong>, <strong>Mario Delgado<\/strong>, notific\u00f3 que el pago de la <strong>beca<\/strong> se realizar\u00e1 a finales de mes, a partir del 23 de febrero.<\/p>\n<p>Lamentablemente, el periodo de registro para obtener el beneficio ya concluy\u00f3, pero es importante tener los documentos requeridos a la mano para acudir en el nuevo periodo de inscripciones.<\/p>\n<div class=\"image-align-center\">\n<figure class=\"image\"><img loading=\"lazy\" decoding=\"async\" alt=\"\" height=\"512\" src=\"https:\/\/heraldodemexico.com.mx\/u\/fotografias\/m\/2026\/2\/7\/f768x1-1243061_1243188_5050.jpg\" width=\"768\"\/><figcaption>Foto: Cuartoscuro\u00a0<\/figcaption><\/figure>\n<\/div>\n<h2>\u00bfC\u00f3mo puedo obtener la beca Gertrudis Bocanegra?<\/h2>\n<h3>1.\u00aa Etapa: Asambleas informativas<\/h3>\n<p>Realizamos asambleas para explicarles a las y los<strong> estudiantes<\/strong> el paso a paso para solicitar la beca y para que puedan resolver todas sus dudas acerca del programa.<\/p>\n<p>\u00bfC\u00f3mo puedo saber cu\u00e1ndo ser\u00e1 mi asamblea?<\/p>\n<p>A trav\u00e9s de tu plantel educativo puedes consultar la fecha y hora.<\/p>\n<h3>2.\u00aa Etapa: Solicitud en l\u00ednea<\/h3>\n<p>Antes de realizar tu solicitud, confirma que tu escuela sea susceptible de atenci\u00f3n en nuestro \u00abBuscador de escuelas JEF\u00bb. Ingresa la <strong>Clave de Centro de Trabajo<\/strong> (CCT) de tu escuela; si est\u00e1 catalogada como \u00abSusceptible\u00bb, \u00a1del 15 al 21 de diciembre solicita la beca en l\u00ednea!<\/p>\n<h3>3.\u00aa Etapa: Entrega de tarjetas<\/h3>\n<p>De manera gradual, entregaremos tarjetas del Banco del Bienestar en donde depositaremos la beca.<\/p>\n<h2>\u00bfQu\u00e9 documentos necesitar\u00e9 para que me entreguen mi tarjeta?<\/h2>\n<ul>\n<li>Identificaci\u00f3n oficial (original y copia).<\/li>\n<li>Acta de nacimiento.<\/li>\n<li>CURP.<\/li>\n<li>Comprobante de domicilio (no mayor a 3 meses).<\/li>\n<li>\u00a0<\/li>\n<\/ul><\/div>\n<p><script>\n    !function(f,b,e,v,n,t,s)\n    {if(f.fbq)return;n=f.fbq=function(){n.callMethod?\n    n.callMethod.apply(n,arguments):n.queue.push(arguments)};\n    if(!f._fbq)f._fbq=n;n.push=n;n.loaded=!0;n.version='2.0';\n    n.queue=[];t=b.createElement(e);t.async=!0;\n    t.src=v;s=b.getElementsByTagName(e)[0];\n    s.parentNode.insertBefore(t,s)}(window, document,'script',\n    'https:\/\/connect.facebook.net\/en_US\/fbevents.js');\n    fbq('init', '237927003583820');\n    fbq('track', 'PageView');\n  <\/script><script>\n    !function(f,b,e,v,n,t,s)\n    {if(f.fbq)return;n=f.fbq=function(){n.callMethod?\n    n.callMethod.apply(n,arguments):n.queue.push(arguments)};\n    if(!f._fbq)f._fbq=n;n.push=n;n.loaded=!0;n.version='2.0';\n    n.queue=[];t=b.createElement(e);t.async=!0;\n    t.src=v;s=b.getElementsByTagName(e)[0];\n    s.parentNode.insertBefore(t,s)}(window, document,'script',\n    'https:\/\/connect.facebook.net\/en_US\/fbevents.js');\n    fbq('init', '802372280934901');\n    fbq('track', 'PageView');\n    <\/script><br \/>\n<br \/><\/p>\n","protected":false},"excerpt":{"rendered":"<p>El Gobierno de la Presidenta, Claudia Sheinbaum, se ha distinguido por el impulso de los \u201cProgramas del Bienestar\u201d en beneficio de la poblaci\u00f3n; se estima que cerca de 32 millones de familias reciben apoyos sociales. Ahora surgi\u00f3 un nuevo apoyo econ\u00f3mico como parte del \u201cPlan Michoac\u00e1n por la Paz y la Justicia\u201d, el cual est\u00e1 [&hellip;]<\/p>\n","protected":false},"author":2,"featured_media":3098,"comment_status":"","ping_status":"","sticky":false,"template":"","format":"standard","meta":{"footnotes":""},"categories":[2],"tags":[],"class_list":["post-3097","post","type-post","status-publish","format-standard","has-post-thumbnail","hentry","category-local"],"_links":{"self":[{"href":"https:\/\/conexion-mx.com\/index.php?rest_route=\/wp\/v2\/posts\/3097","targetHints":{"allow":["GET"]}}],"collection":[{"href":"https:\/\/conexion-mx.com\/index.php?rest_route=\/wp\/v2\/posts"}],"about":[{"href":"https:\/\/conexion-mx.com\/index.php?rest_route=\/wp\/v2\/types\/post"}],"author":[{"embeddable":true,"href":"https:\/\/conexion-mx.com\/index.php?rest_route=\/wp\/v2\/users\/2"}],"replies":[{"embeddable":true,"href":"https:\/\/conexion-mx.com\/index.php?rest_route=%2Fwp%2Fv2%2Fcomments&post=3097"}],"version-history":[{"count":0,"href":"https:\/\/conexion-mx.com\/index.php?rest_route=\/wp\/v2\/posts\/3097\/revisions"}],"wp:featuredmedia":[{"embeddable":true,"href":"https:\/\/conexion-mx.com\/index.php?rest_route=\/wp\/v2\/media\/3098"}],"wp:attachment":[{"href":"https:\/\/conexion-mx.com\/index.php?rest_route=%2Fwp%2Fv2%2Fmedia&parent=3097"}],"wp:term":[{"taxonomy":"category","embeddable":true,"href":"https:\/\/conexion-mx.com\/index.php?rest_route=%2Fwp%2Fv2%2Fcategories&post=3097"},{"taxonomy":"post_tag","embeddable":true,"href":"https:\/\/conexion-mx.com\/index.php?rest_route=%2Fwp%2Fv2%2Ftags&post=3097"}],"curies":[{"name":"wp","href":"https:\/\/api.w.org\/{rel}","templated":true}]}}