{"id":3107,"date":"2026-02-08T17:14:56","date_gmt":"2026-02-08T22:14:56","guid":{"rendered":"https:\/\/conexion-mx.com\/?p=3107"},"modified":"2026-02-08T17:14:56","modified_gmt":"2026-02-08T22:14:56","slug":"suena-alerta-sismica-en-cdmx-reportan-temblor-de-magnitud-5-7-en-oaxaca-hoy-domingo-8-de-febrero","status":"publish","type":"post","link":"https:\/\/conexion-mx.com\/?p=3107","title":{"rendered":"Suena alerta s\u00edsmica en CDMX, reportan temblor de magnitud 5.7 en Oaxaca, HOY domingo 8 de febrero"},"content":{"rendered":"<p> <br \/>\n<\/p>\n<div>\n<p>Este domingo 8 de febrero del 2026 son\u00f3 la alerta s\u00edsmica en los<strong> altavoces del C5 <\/strong>en Ciudad de M\u00e9xico, adem\u00e1s de la alerta presidencial en los tel\u00e9fonos. De acuerdo con el Servicio Sismol\u00f3gico Nacional (SSN) el temblor ocurri\u00f3 en Puerto Escondido, Oaxaca, alcanzando una magnitud de 5.7.<\/p>\n<p>En el mensaje que aparece en los celulares alertaba por un <strong>sismo de magnitud severo<\/strong>, sin embargo hasta el momento no se reportan da\u00f1os en los diferentes servicios de transportes o inmuebles. Los usuarios que se han expresado en redes sociales indican que fue un movimiento imperceptible.<\/p>\n<aside class=\"htmlinline\"\/>\n<p>El movimiento tel\u00farico tuvo una profundidad de <strong>17 kil\u00f3metros<\/strong> en su epicentro, adem\u00e1s de una latitud de 15.90 u longitud de -96.94.<\/p>\n<p>Al respecto, la jefa de gobierno de Ciudad de M\u00e9xico, <strong>Clara Brugada<\/strong> inform\u00f3 que se activ\u00f3 la alerta s\u00edsmica por la emergencia.\u00a0<\/p>\n<blockquote>\n<p>\u00abSeguimos trabajando en las 16 alcald\u00edas para verificar condiciones y garantizar la seguridad de la ciudadan\u00eda\u00bb, indic\u00f3 en sus redes sociales.<\/p>\n<\/blockquote>\n<h2>Activan protocolos preventivos en municipios de la Costa Chica tras sismo cercano a Puerto Escondido<\/h2>\n<p>La gobernadora Evelyn Salgado Pineda, inform\u00f3 que fueron activados los protocolos de prevenci\u00f3n y actuaci\u00f3n en municipios de la regi\u00f3n Costa Chica de Guerrero, luego del sismo registrado la tarde de este lunes con epicentro en Oaxaca.<\/p>\n<p>De acuerdo con el reporte preliminar, el movimiento tel\u00farico ocurri\u00f3 a las 15:42 horas, con magnitud 5.7, localizado a 19 kil\u00f3metros al noreste de Puerto Escondido, Oaxaca.<\/p>\n<p>La mandataria estatal se\u00f1al\u00f3 que, debido a la cercan\u00eda del epicentro con territorio guerrerense, se estableci\u00f3 comunicaci\u00f3n con autoridades municipales y corporaciones de Protecci\u00f3n Civil para verificar posibles afectaciones en localidades colindantes.<\/p>\n<p>Hasta el momento, no se reportan da\u00f1os mayores ni personas lesionadas, aunque contin\u00faan los recorridos de supervisi\u00f3n en comunidades de la franja costera.<\/p>\n<p>Salgado Pineda llam\u00f3 a la poblaci\u00f3n a mantener la calma, atender las indicaciones oficiales y reportar cualquier emergencia al 911.<\/p>\n<p><em>Con informaci\u00f3n de Karla Ben\u00edtez<\/em><\/p>\n<\/p><\/div>\n<p><script>\n    !function(f,b,e,v,n,t,s)\n    {if(f.fbq)return;n=f.fbq=function(){n.callMethod?\n    n.callMethod.apply(n,arguments):n.queue.push(arguments)};\n    if(!f._fbq)f._fbq=n;n.push=n;n.loaded=!0;n.version='2.0';\n    n.queue=[];t=b.createElement(e);t.async=!0;\n    t.src=v;s=b.getElementsByTagName(e)[0];\n    s.parentNode.insertBefore(t,s)}(window, document,'script',\n    'https:\/\/connect.facebook.net\/en_US\/fbevents.js');\n    fbq('init', '237927003583820');\n    fbq('track', 'PageView');\n  <\/script><script>\n    !function(f,b,e,v,n,t,s)\n    {if(f.fbq)return;n=f.fbq=function(){n.callMethod?\n    n.callMethod.apply(n,arguments):n.queue.push(arguments)};\n    if(!f._fbq)f._fbq=n;n.push=n;n.loaded=!0;n.version='2.0';\n    n.queue=[];t=b.createElement(e);t.async=!0;\n    t.src=v;s=b.getElementsByTagName(e)[0];\n    s.parentNode.insertBefore(t,s)}(window, document,'script',\n    'https:\/\/connect.facebook.net\/en_US\/fbevents.js');\n    fbq('init', '802372280934901');\n    fbq('track', 'PageView');\n    <\/script><br \/>\n<br \/><\/p>\n","protected":false},"excerpt":{"rendered":"<p>Este domingo 8 de febrero del 2026 son\u00f3 la alerta s\u00edsmica en los altavoces del C5 en Ciudad de M\u00e9xico, adem\u00e1s de la alerta presidencial en los tel\u00e9fonos. De acuerdo con el Servicio Sismol\u00f3gico Nacional (SSN) el temblor ocurri\u00f3 en Puerto Escondido, Oaxaca, alcanzando una magnitud de 5.7. En el mensaje que aparece en los [&hellip;]<\/p>\n","protected":false},"author":2,"featured_media":3108,"comment_status":"","ping_status":"","sticky":false,"template":"","format":"standard","meta":{"footnotes":""},"categories":[2],"tags":[],"class_list":["post-3107","post","type-post","status-publish","format-standard","has-post-thumbnail","hentry","category-local"],"_links":{"self":[{"href":"https:\/\/conexion-mx.com\/index.php?rest_route=\/wp\/v2\/posts\/3107","targetHints":{"allow":["GET"]}}],"collection":[{"href":"https:\/\/conexion-mx.com\/index.php?rest_route=\/wp\/v2\/posts"}],"about":[{"href":"https:\/\/conexion-mx.com\/index.php?rest_route=\/wp\/v2\/types\/post"}],"author":[{"embeddable":true,"href":"https:\/\/conexion-mx.com\/index.php?rest_route=\/wp\/v2\/users\/2"}],"replies":[{"embeddable":true,"href":"https:\/\/conexion-mx.com\/index.php?rest_route=%2Fwp%2Fv2%2Fcomments&post=3107"}],"version-history":[{"count":0,"href":"https:\/\/conexion-mx.com\/index.php?rest_route=\/wp\/v2\/posts\/3107\/revisions"}],"wp:featuredmedia":[{"embeddable":true,"href":"https:\/\/conexion-mx.com\/index.php?rest_route=\/wp\/v2\/media\/3108"}],"wp:attachment":[{"href":"https:\/\/conexion-mx.com\/index.php?rest_route=%2Fwp%2Fv2%2Fmedia&parent=3107"}],"wp:term":[{"taxonomy":"category","embeddable":true,"href":"https:\/\/conexion-mx.com\/index.php?rest_route=%2Fwp%2Fv2%2Fcategories&post=3107"},{"taxonomy":"post_tag","embeddable":true,"href":"https:\/\/conexion-mx.com\/index.php?rest_route=%2Fwp%2Fv2%2Ftags&post=3107"}],"curies":[{"name":"wp","href":"https:\/\/api.w.org\/{rel}","templated":true}]}}