{"id":3111,"date":"2026-02-09T02:40:56","date_gmt":"2026-02-09T07:40:56","guid":{"rendered":"https:\/\/conexion-mx.com\/?p=3111"},"modified":"2026-02-09T02:40:56","modified_gmt":"2026-02-09T07:40:56","slug":"identifican-cuerpos-de-tres-mineros-secuestrados-en-culiacan","status":"publish","type":"post","link":"https:\/\/conexion-mx.com\/?p=3111","title":{"rendered":"Identifican cuerpos de tres mineros secuestrados en Culiac\u00e1n"},"content":{"rendered":"<p> <br \/>\n<\/p>\n<div itemprop=\"articleBody\">\n<div class=\"txt_contenido\">\n<p>Autoridades confirmaron la identidad de tres de los trabajadores mineros localizados sin vida en la fosa clandestina descubierta en la comunidad de <strong>El Verde<\/strong>, en <strong>Concordia<\/strong>, <strong>Sinaloa<\/strong>, como parte de las investigaciones por la desaparici\u00f3n de un grupo de empleados del sector minero.<\/p>\n<p>De acuerdo con informaci\u00f3n oficial, los <strong>cuerpos <\/strong>identificados corresponden a Jos\u00e9 \u00c1ngel Hern\u00e1ndez, Jos\u00e9 Manuel Casta\u00f1eda e Ignacio Aurelio Salazar, quienes formaban parte del grupo de trabajadores reportados como desaparecidos desde el pasado 23 de enero, luego de perder contacto en esta zona serrana.<\/p>\n<aside class=\"htmlinline\"\/>\n<p>Las identidades fueron confirmadas mediante <strong>estudios <\/strong>periciales y an\u00e1lisis forenses realizados por personal especializado, una vez que los restos fueron recuperados durante las labores de excavaci\u00f3n en una parcela donde se localiz\u00f3 el sitio clandestino.<\/p>\n<p>Desde el <strong>hallazgo<\/strong>, autoridades federales y estatales han mantenido un operativo permanente en la zona con la participaci\u00f3n de corporaciones de seguridad y equipos forenses, en busca de m\u00e1s indicios que permitan esclarecer lo ocurrido y ubicar al resto de los trabajadores que contin\u00faan desaparecidos.<\/p>\n<p>Hasta el momento, las <strong>autoridades <\/strong>no han precisado el n\u00famero total de restos localizados en el lugar, ni han dado a conocer detalles sobre las l\u00edneas de investigaci\u00f3n que se siguen, aunque confirmaron que el caso contin\u00faa bajo coordinaci\u00f3n federal.<\/p>\n<p>El <strong>hallazgo <\/strong>de esta fosa se suma a una serie de desapariciones registradas en municipios del sur del estado, particularmente en zonas serranas, donde en los \u00faltimos meses se ha incrementado la presencia de grupos delictivos y los reportes de personas no localizadas.<\/p>\n<\/p><\/div>\n<\/p><\/div>\n<p><script>\n    !function(f,b,e,v,n,t,s)\n    {if(f.fbq)return;n=f.fbq=function(){n.callMethod?\n    n.callMethod.apply(n,arguments):n.queue.push(arguments)};\n    if(!f._fbq)f._fbq=n;n.push=n;n.loaded=!0;n.version='2.0';\n    n.queue=[];t=b.createElement(e);t.async=!0;\n    t.src=v;s=b.getElementsByTagName(e)[0];\n    s.parentNode.insertBefore(t,s)}(window, document,'script',\n    'https:\/\/connect.facebook.net\/en_US\/fbevents.js');\n    fbq('init', '237927003583820');\n    fbq('track', 'PageView');\n  <\/script><script>\n    !function(f,b,e,v,n,t,s)\n    {if(f.fbq)return;n=f.fbq=function(){n.callMethod?\n    n.callMethod.apply(n,arguments):n.queue.push(arguments)};\n    if(!f._fbq)f._fbq=n;n.push=n;n.loaded=!0;n.version='2.0';\n    n.queue=[];t=b.createElement(e);t.async=!0;\n    t.src=v;s=b.getElementsByTagName(e)[0];\n    s.parentNode.insertBefore(t,s)}(window, document,'script',\n    'https:\/\/connect.facebook.net\/en_US\/fbevents.js');\n    fbq('init', '802372280934901');\n    fbq('track', 'PageView');\n    <\/script><br \/>\n<br \/><\/p>\n","protected":false},"excerpt":{"rendered":"<p>Autoridades confirmaron la identidad de tres de los trabajadores mineros localizados sin vida en la fosa clandestina descubierta en la comunidad de El Verde, en Concordia, Sinaloa, como parte de las investigaciones por la desaparici\u00f3n de un grupo de empleados del sector minero. De acuerdo con informaci\u00f3n oficial, los cuerpos identificados corresponden a Jos\u00e9 \u00c1ngel [&hellip;]<\/p>\n","protected":false},"author":2,"featured_media":3112,"comment_status":"","ping_status":"","sticky":false,"template":"","format":"standard","meta":{"footnotes":""},"categories":[2],"tags":[],"class_list":["post-3111","post","type-post","status-publish","format-standard","has-post-thumbnail","hentry","category-local"],"_links":{"self":[{"href":"https:\/\/conexion-mx.com\/index.php?rest_route=\/wp\/v2\/posts\/3111","targetHints":{"allow":["GET"]}}],"collection":[{"href":"https:\/\/conexion-mx.com\/index.php?rest_route=\/wp\/v2\/posts"}],"about":[{"href":"https:\/\/conexion-mx.com\/index.php?rest_route=\/wp\/v2\/types\/post"}],"author":[{"embeddable":true,"href":"https:\/\/conexion-mx.com\/index.php?rest_route=\/wp\/v2\/users\/2"}],"replies":[{"embeddable":true,"href":"https:\/\/conexion-mx.com\/index.php?rest_route=%2Fwp%2Fv2%2Fcomments&post=3111"}],"version-history":[{"count":0,"href":"https:\/\/conexion-mx.com\/index.php?rest_route=\/wp\/v2\/posts\/3111\/revisions"}],"wp:featuredmedia":[{"embeddable":true,"href":"https:\/\/conexion-mx.com\/index.php?rest_route=\/wp\/v2\/media\/3112"}],"wp:attachment":[{"href":"https:\/\/conexion-mx.com\/index.php?rest_route=%2Fwp%2Fv2%2Fmedia&parent=3111"}],"wp:term":[{"taxonomy":"category","embeddable":true,"href":"https:\/\/conexion-mx.com\/index.php?rest_route=%2Fwp%2Fv2%2Fcategories&post=3111"},{"taxonomy":"post_tag","embeddable":true,"href":"https:\/\/conexion-mx.com\/index.php?rest_route=%2Fwp%2Fv2%2Ftags&post=3111"}],"curies":[{"name":"wp","href":"https:\/\/api.w.org\/{rel}","templated":true}]}}