{"id":3113,"date":"2026-02-09T11:19:32","date_gmt":"2026-02-09T16:19:32","guid":{"rendered":"https:\/\/conexion-mx.com\/?p=3113"},"modified":"2026-02-09T11:19:32","modified_gmt":"2026-02-09T16:19:32","slug":"maiella-gomez-reforma-laboral-hara-cambio-historico-en-mexico-y-es-una-deuda-que-se-tiene-con-los-trabajadores","status":"publish","type":"post","link":"https:\/\/conexion-mx.com\/?p=3113","title":{"rendered":"Maiella G\u00f3mez: reforma laboral har\u00e1 cambio hist\u00f3rico en M\u00e9xico y es una deuda que se tiene con los trabajadores"},"content":{"rendered":"<p> <br \/>\n<\/p>\n<div itemprop=\"articleBody\">\n<div class=\"txt_contenido\">\n<p>Maiella\u00a0G\u00f3mez, presidenta de la Comisi\u00f3n de Trabajo y Previsi\u00f3n Social de la C\u00e1mara de Diputados,\u00a0destac\u00f3 que desde 1917 no ha habido un cambio en la <strong>jornada laboral en M\u00e9xico<\/strong> y expres\u00f3 su satisfacci\u00f3n porque\u00a0en nuestro pa\u00eds el 84%\u00a0de la poblaci\u00f3n\u00a0tiene conocimiento de\u00a0la propuesta de reducir la<strong> jornada laboral de 48 a 40 horas semanales<\/strong>,\u00a0como lo\u00a0revel\u00f3\u00a0la reciente encuesta de\u00a0QM Estudios de Opini\u00f3n, en alianza con\u00a0Heraldo Media\u00a0Group\u00a0sobre la\u00a0reforma\u00a0laboral.\u00a0<\/p>\n<p>En entrevista para el programa de \u201cHorizonte\u00a0H con\u00a0H\u00e9ctor Jim\u00e9nez Land\u00edn\u201d, de\u00a0Heraldo Televisi\u00f3n,\u00a0Maiella\u00a0G\u00f3mez\u00a0asegur\u00f3 que esta reforma laboral har\u00e1 un cambio hist\u00f3rico y es una deuda que se tienen con los <strong>trabajadores mexicanos<\/strong>.\u00a0<\/p>\n<aside class=\"htmlinline\"\/>\n<p>Agreg\u00f3 que esta iniciativa que probablemente ser\u00e1 aprobada esta semana en Comisiones de la C\u00e1mara de Diputados y en el\u00a0Pleno\u00a0de San L\u00e1zaro ser\u00e1 resultado de un trabajo largo de\u00a0la Secretar\u00eda del\u00a0Trabajo\u00a0en el que se escucharon a los acad\u00e9micos, empleadores y<strong>\u00a0trabajadores<\/strong>\u00a0por lo que es importante destacar que se trata de una iniciativa que viene\u00a0del\u00a0consenso.\u00a0<\/p>\n<aside class=\"relacionadas con-foto linea-1078\"><strong class=\"relacionadas-titulo-gral\">Noticias Relacionadas<\/strong><\/aside>\n<figure class=\"image\"><img loading=\"lazy\" decoding=\"async\" alt=\"\" height=\"434\" src=\"https:\/\/heraldodemexico.com.mx\/u\/fotografias\/m\/2024\/6\/19\/f768x1-961773_961900_5050.jpg\" width=\"768\"\/><figcaption>Im\u00e1genes de trabajadores mexicanos. Cr\u00e9ditos: Archivo.<\/figcaption><\/figure>\n<p>Subray\u00f3\u00a0que\u00a0de acuerdo con datos de la encuesta, el 62 por ciento de la poblaci\u00f3n en M\u00e9xico considera que la\u00a0aprobaci\u00f3n\u00a0de esta reforma\u00a0laboral\u00a0tendr\u00e1 un impacto\u00a0positivo y les permitir\u00e1 tener mejores oportunidades para descansar o para pasar mayor\u00a0tiempo\u00a0con su familia.\u00a0\u00a0<\/p>\n<blockquote>\n<p>Es importante porque sobre todo en temas de salud va a beneficiar esta iniciativa, el\u00a0<strong>trabajador\u00a0<\/strong>va a\u00a0estar\u00a0m\u00e1s productivo\u00a0porque va.\u00a0Estar m\u00e1s descansado y esto va a permitir que haya\u00a0menos accidentes\u00a0de trabajo que son muy comunes\u00a0despu\u00e9s\u00a0de jornadas largas\u201d, explic\u00f3.\u00a0\u00a0\u00a0\u00a0<\/p>\n<\/blockquote>\n<p>Maiella\u00a0G\u00f3mez asegur\u00f3 que la C\u00e1mara de Diputados ya est\u00e1 lista para recibir la iniciativa, hacer su an\u00e1lisis, y aprobarla una vez que ya este\u00a0estudiada.\u00a0<\/p>\n<blockquote>\n<p>Va a ser un d\u00eda de manteles largo porque estamos reformando la <strong>jornada laboral<\/strong> de los <strong>trabajadores de M\u00e9xico\u201d<\/strong>, puntualiz\u00f3.\u00a0<\/p>\n<\/blockquote>\n<p>Finalmente, la presidenta de la Comisi\u00f3n de Trabajo y Previsi\u00f3n Social de la C\u00e1mara de Diputados\u00a0explic\u00f3 que la\u00a0reducci\u00f3n de la <strong>jornada laboral de 40 a 48 horas<\/strong> se llevar\u00e1 acabo de manera gradual para proteger a las\u00a0empresas por lo que hizo una llamado a los <strong>trabajadores <\/strong>a cuidar\u00a0su trabajo.\u00a0\u00a0<\/p>\n<\/p><\/div>\n<\/p><\/div>\n<p><script>\n    !function(f,b,e,v,n,t,s)\n    {if(f.fbq)return;n=f.fbq=function(){n.callMethod?\n    n.callMethod.apply(n,arguments):n.queue.push(arguments)};\n    if(!f._fbq)f._fbq=n;n.push=n;n.loaded=!0;n.version='2.0';\n    n.queue=[];t=b.createElement(e);t.async=!0;\n    t.src=v;s=b.getElementsByTagName(e)[0];\n    s.parentNode.insertBefore(t,s)}(window, document,'script',\n    'https:\/\/connect.facebook.net\/en_US\/fbevents.js');\n    fbq('init', '237927003583820');\n    fbq('track', 'PageView');\n  <\/script><script>\n    !function(f,b,e,v,n,t,s)\n    {if(f.fbq)return;n=f.fbq=function(){n.callMethod?\n    n.callMethod.apply(n,arguments):n.queue.push(arguments)};\n    if(!f._fbq)f._fbq=n;n.push=n;n.loaded=!0;n.version='2.0';\n    n.queue=[];t=b.createElement(e);t.async=!0;\n    t.src=v;s=b.getElementsByTagName(e)[0];\n    s.parentNode.insertBefore(t,s)}(window, document,'script',\n    'https:\/\/connect.facebook.net\/en_US\/fbevents.js');\n    fbq('init', '802372280934901');\n    fbq('track', 'PageView');\n    <\/script><br \/>\n<br \/><\/p>\n","protected":false},"excerpt":{"rendered":"<p>Maiella\u00a0G\u00f3mez, presidenta de la Comisi\u00f3n de Trabajo y Previsi\u00f3n Social de la C\u00e1mara de Diputados,\u00a0destac\u00f3 que desde 1917 no ha habido un cambio en la jornada laboral en M\u00e9xico y expres\u00f3 su satisfacci\u00f3n porque\u00a0en nuestro pa\u00eds el 84%\u00a0de la poblaci\u00f3n\u00a0tiene conocimiento de\u00a0la propuesta de reducir la jornada laboral de 48 a 40 horas semanales,\u00a0como lo\u00a0revel\u00f3\u00a0la [&hellip;]<\/p>\n","protected":false},"author":2,"featured_media":3114,"comment_status":"","ping_status":"","sticky":false,"template":"","format":"standard","meta":{"footnotes":""},"categories":[2],"tags":[],"class_list":["post-3113","post","type-post","status-publish","format-standard","has-post-thumbnail","hentry","category-local"],"_links":{"self":[{"href":"https:\/\/conexion-mx.com\/index.php?rest_route=\/wp\/v2\/posts\/3113","targetHints":{"allow":["GET"]}}],"collection":[{"href":"https:\/\/conexion-mx.com\/index.php?rest_route=\/wp\/v2\/posts"}],"about":[{"href":"https:\/\/conexion-mx.com\/index.php?rest_route=\/wp\/v2\/types\/post"}],"author":[{"embeddable":true,"href":"https:\/\/conexion-mx.com\/index.php?rest_route=\/wp\/v2\/users\/2"}],"replies":[{"embeddable":true,"href":"https:\/\/conexion-mx.com\/index.php?rest_route=%2Fwp%2Fv2%2Fcomments&post=3113"}],"version-history":[{"count":0,"href":"https:\/\/conexion-mx.com\/index.php?rest_route=\/wp\/v2\/posts\/3113\/revisions"}],"wp:featuredmedia":[{"embeddable":true,"href":"https:\/\/conexion-mx.com\/index.php?rest_route=\/wp\/v2\/media\/3114"}],"wp:attachment":[{"href":"https:\/\/conexion-mx.com\/index.php?rest_route=%2Fwp%2Fv2%2Fmedia&parent=3113"}],"wp:term":[{"taxonomy":"category","embeddable":true,"href":"https:\/\/conexion-mx.com\/index.php?rest_route=%2Fwp%2Fv2%2Fcategories&post=3113"},{"taxonomy":"post_tag","embeddable":true,"href":"https:\/\/conexion-mx.com\/index.php?rest_route=%2Fwp%2Fv2%2Ftags&post=3113"}],"curies":[{"name":"wp","href":"https:\/\/api.w.org\/{rel}","templated":true}]}}