{"id":3117,"date":"2026-02-09T19:29:08","date_gmt":"2026-02-10T00:29:08","guid":{"rendered":"https:\/\/conexion-mx.com\/?p=3117"},"modified":"2026-02-09T19:29:08","modified_gmt":"2026-02-10T00:29:08","slug":"escobedo-y-la-ocde-fortalecen-colaboracion-para-modernizar-tramites-e-incentivar-la-inversion","status":"publish","type":"post","link":"https:\/\/conexion-mx.com\/?p=3117","title":{"rendered":"Escobedo y la OCDE fortalecen colaboraci\u00f3n para modernizar tr\u00e1mites e incentivar la inversi\u00f3n"},"content":{"rendered":"<p> <br \/>\n<\/p>\n<div itemprop=\"articleBody\">\n<div class=\"txt_contenido\">\n<p>La\u00a0<strong>Organizaci\u00f3n para la Cooperaci\u00f3n y el Desarrollo Econ\u00f3mico<\/strong>\u00a0(OCDE)\u00a0y el municipio de <strong>Escobedo<\/strong> encabezado por <strong>Andr\u00e9s Mijes<\/strong> trazaron este lunes una <strong>alianza estrat\u00e9gica<\/strong> en favor de la <strong>inversi\u00f3n<\/strong>,\u00a0el\u00a0<strong>crecimiento<\/strong> y\u00a0el\u00a0<strong>fortalecimiento\u00a0del\u00a0sistema\u00a0digital<\/strong>. El inicio del <strong>proyecto<\/strong> fue <strong>encabezado<\/strong> por el <strong>alcalde<\/strong> Andr\u00e9s Mijes y <strong>Manuel Flores<\/strong>, <strong>Coordinador del Programa de Pol\u00edtica Regulatoria en Am\u00e9rica Latina<\/strong>, quienes se comprometieron a trabajar para impulsar la innovaci\u00f3n en tr\u00e1mites y facilitar la inversi\u00f3n mediante herramientas tecnol\u00f3gicas que hagan los procesos m\u00e1s \u00e1giles, transparentes y eficientes.<\/p>\n<p>En su mensaje, Mijes precis\u00f3 que m\u00e1s all\u00e1 de formalizar una colaboraci\u00f3n, se est\u00e1 trazando una agenda de trabajo que permitir\u00e1 recabar informaci\u00f3n clave para <strong>elaborar un diagn\u00f3stico <\/strong>integral de los <strong>tr\u00e1mites<\/strong> <strong>municipales<\/strong> y construir un plan de implementaci\u00f3n. A\u00f1adi\u00f3 que,\u00a0cuando un gobierno decide abrirse a un <strong>diagn\u00f3stico internacional<\/strong> y someter sus procesos a revisi\u00f3n t\u00e9cnica, est\u00e1 asumiendo una responsabilidad mayor, que es gobernar con evidencia y no con intuici\u00f3n y con el modelo de la <strong>4T Norte\u00f1a<\/strong> ser\u00e1 una realidad.<\/p>\n<aside class=\"htmlinline\"\/>\n<figure class=\"image\"><img loading=\"lazy\" decoding=\"async\" alt=\"\" height=\"511\" src=\"https:\/\/heraldodemexico.com.mx\/u\/fotografias\/m\/2026\/2\/9\/f768x1-1243897_1244024_5050.jpeg\" width=\"768\"\/><figcaption>La intenci\u00f3n es mejorar la gesti\u00f3n de la comunidad. Foto: Especial<\/figcaption><\/figure>\n<blockquote>\n<p>\u201cNo se trata solo de digitalizar tr\u00e1mites. Se trata de repensar el ciclo completo de la inversi\u00f3n desde la perspectiva del usuario: qu\u00e9 tr\u00e1mite inicia primero, cu\u00e1l depende de otro, cu\u00e1nto tiempo toma cada paso y d\u00f3nde se generan cuellos de botella\u201d, se\u00f1al\u00f3 el Edil.<\/p>\n<aside class=\"relacionadas con-foto linea-1078\"><strong class=\"relacionadas-titulo-gral\">Noticias Relacionadas<\/strong><\/aside>\n<\/blockquote>\n<h2>La intenci\u00f3n es modernizar la gesti\u00f3n p\u00fablica<\/h2>\n<p>Con esta colaboraci\u00f3n se arranca un proceso t\u00e9cnico y estrat\u00e9gico enfocado en modernizar la gesti\u00f3n p\u00fablica local, mediante la adopci\u00f3n de tr\u00e1mites m\u00e1s simples, claros y digitales, para mejorar la experiencia de los usuarios y la eficiencia administrativa del municipio.<\/p>\n<figure class=\"image\"><img loading=\"lazy\" decoding=\"async\" alt=\"\" height=\"511\" src=\"https:\/\/heraldodemexico.com.mx\/u\/fotografias\/m\/2026\/2\/9\/f768x1-1243898_1244025_5050.jpeg\" width=\"768\"\/><figcaption>Los tr\u00e1mites ser\u00e1n m\u00e1s r\u00e1pidos y sencillos. Foto: Especial<\/figcaption><\/figure>\n<p>Actualmente, en Escobedo el 100 por ciento de los tr\u00e1mites de Desarrollo Urbano ya se realizan totalmente en l\u00ednea, lo que ha permitido potenciar inversiones.\u00a0<\/p>\n<h2>Habr\u00e1 m\u00e1s beneficios para la comunidad<\/h2>\n<p>Con la Ventanilla Digital de Inversiones este crecimiento ser\u00e1 mayor y generar\u00e1 m\u00e1s beneficios directos para la comunidad. Con estas acciones, Escobedo avanza en sinton\u00eda con lo se\u00f1alado por la Presidenta Claudia\u00a0Sheinbaum\u00a0Pardo, quien ha indicado que el crecimiento solo es sostenible cuando es equitativo, genera oportunidades y se apoya en instituciones s\u00f3lidas.<\/p>\n<p>Como parte de esta estrategia se realizar\u00e1n mesas de trabajo para sumar ideas y cristalizar un proyecto que busca ser \u00fanico por su eficiencia y convertirse en ejemplo de innovaci\u00f3n administrativa.<\/p>\n<\/p><\/div>\n<\/p><\/div>\n<p><script>\n    !function(f,b,e,v,n,t,s)\n    {if(f.fbq)return;n=f.fbq=function(){n.callMethod?\n    n.callMethod.apply(n,arguments):n.queue.push(arguments)};\n    if(!f._fbq)f._fbq=n;n.push=n;n.loaded=!0;n.version='2.0';\n    n.queue=[];t=b.createElement(e);t.async=!0;\n    t.src=v;s=b.getElementsByTagName(e)[0];\n    s.parentNode.insertBefore(t,s)}(window, document,'script',\n    'https:\/\/connect.facebook.net\/en_US\/fbevents.js');\n    fbq('init', '237927003583820');\n    fbq('track', 'PageView');\n  <\/script><script>\n    !function(f,b,e,v,n,t,s)\n    {if(f.fbq)return;n=f.fbq=function(){n.callMethod?\n    n.callMethod.apply(n,arguments):n.queue.push(arguments)};\n    if(!f._fbq)f._fbq=n;n.push=n;n.loaded=!0;n.version='2.0';\n    n.queue=[];t=b.createElement(e);t.async=!0;\n    t.src=v;s=b.getElementsByTagName(e)[0];\n    s.parentNode.insertBefore(t,s)}(window, document,'script',\n    'https:\/\/connect.facebook.net\/en_US\/fbevents.js');\n    fbq('init', '802372280934901');\n    fbq('track', 'PageView');\n    <\/script><br \/>\n<br \/><\/p>\n","protected":false},"excerpt":{"rendered":"<p>La\u00a0Organizaci\u00f3n para la Cooperaci\u00f3n y el Desarrollo Econ\u00f3mico\u00a0(OCDE)\u00a0y el municipio de Escobedo encabezado por Andr\u00e9s Mijes trazaron este lunes una alianza estrat\u00e9gica en favor de la inversi\u00f3n,\u00a0el\u00a0crecimiento y\u00a0el\u00a0fortalecimiento\u00a0del\u00a0sistema\u00a0digital. El inicio del proyecto fue encabezado por el alcalde Andr\u00e9s Mijes y Manuel Flores, Coordinador del Programa de Pol\u00edtica Regulatoria en Am\u00e9rica Latina, quienes se comprometieron a [&hellip;]<\/p>\n","protected":false},"author":2,"featured_media":3118,"comment_status":"","ping_status":"","sticky":false,"template":"","format":"standard","meta":{"footnotes":""},"categories":[2],"tags":[],"class_list":["post-3117","post","type-post","status-publish","format-standard","has-post-thumbnail","hentry","category-local"],"_links":{"self":[{"href":"https:\/\/conexion-mx.com\/index.php?rest_route=\/wp\/v2\/posts\/3117","targetHints":{"allow":["GET"]}}],"collection":[{"href":"https:\/\/conexion-mx.com\/index.php?rest_route=\/wp\/v2\/posts"}],"about":[{"href":"https:\/\/conexion-mx.com\/index.php?rest_route=\/wp\/v2\/types\/post"}],"author":[{"embeddable":true,"href":"https:\/\/conexion-mx.com\/index.php?rest_route=\/wp\/v2\/users\/2"}],"replies":[{"embeddable":true,"href":"https:\/\/conexion-mx.com\/index.php?rest_route=%2Fwp%2Fv2%2Fcomments&post=3117"}],"version-history":[{"count":0,"href":"https:\/\/conexion-mx.com\/index.php?rest_route=\/wp\/v2\/posts\/3117\/revisions"}],"wp:featuredmedia":[{"embeddable":true,"href":"https:\/\/conexion-mx.com\/index.php?rest_route=\/wp\/v2\/media\/3118"}],"wp:attachment":[{"href":"https:\/\/conexion-mx.com\/index.php?rest_route=%2Fwp%2Fv2%2Fmedia&parent=3117"}],"wp:term":[{"taxonomy":"category","embeddable":true,"href":"https:\/\/conexion-mx.com\/index.php?rest_route=%2Fwp%2Fv2%2Fcategories&post=3117"},{"taxonomy":"post_tag","embeddable":true,"href":"https:\/\/conexion-mx.com\/index.php?rest_route=%2Fwp%2Fv2%2Ftags&post=3117"}],"curies":[{"name":"wp","href":"https:\/\/api.w.org\/{rel}","templated":true}]}}