{"id":3119,"date":"2026-02-10T00:43:43","date_gmt":"2026-02-10T05:43:43","guid":{"rendered":"https:\/\/conexion-mx.com\/?p=3119"},"modified":"2026-02-10T00:43:43","modified_gmt":"2026-02-10T05:43:43","slug":"peter-pan-ballet-llegara-al-auditorio-nacional-para-mayo-de-2026","status":"publish","type":"post","link":"https:\/\/conexion-mx.com\/?p=3119","title":{"rendered":"Peter Pan Ballet llegar\u00e1 al Auditorio Nacional para mayo de 2026"},"content":{"rendered":"<p> <br \/>\n<\/p>\n<div itemprop=\"articleBody\">\n<div class=\"txt_contenido\">\n<p>La historia de <strong>Peter Pan,<\/strong> el ni\u00f1o que se niega a crecer, llegar\u00e1 a la <strong>Ciudad de M\u00e9xico <\/strong>con una puesta en escena convertida en <strong>Ballet<\/strong> la cual combina danza cl\u00e1sica, teatro y videomapping. El espect\u00e1culo se centra en ofrecer una experiencia atractiva para ni\u00f1as y ni\u00f1os como para el p\u00fablico adulto.\u00a0<\/p>\n<h2>Producci\u00f3n de gran formato con talento internacional<\/h2>\n<p>Este espect\u00e1culo re\u00fane a m\u00e1s de <strong>85 artistas en el escenario <\/strong>y est\u00e1 dirigido por <strong>Septime Webre,<\/strong> un reconocido core\u00f3grafo de ballet a nivel internacional. La puesta en escena combina distintos estilos de danza y utiliza proyecciones y efectos visuales para dar vida al mundo de <strong>Nunca Jam\u00e1s.<\/strong><\/p>\n<aside class=\"htmlinline\"\/>\n<p class=\"image-align-center\"><img loading=\"lazy\" decoding=\"async\" alt=\"\" height=\"894\" src=\"https:\/\/heraldodemexico.com.mx\/u\/fotografias\/m\/2026\/2\/9\/f768x1-1243895_1244022_5050.png\" width=\"768\"\/><\/p>\n<h2>Una versi\u00f3n creada especialmente para M\u00e9xico<\/h2>\n<p>La producci\u00f3n que se presentar\u00e1 en el <strong>Auditorio Nacional<\/strong> con\u00a0 elementos visuales inspirados en la <strong>cultura mexicana<\/strong>, sin modificar la esencia del relato original. La propuesta apuesta por una experiencia visual envolvente que conecta la fantas\u00eda con referencias culturales.<\/p>\n<h2>Boletos, Fecha y Sede\u00a0<\/h2>\n<p>La funci\u00f3n se presentar\u00e1 en el <strong>Auditorio Nacional el domingo 17 de mayo de 2026.<\/strong> Los boletos ya se encuentran disponibles y sus precios van desde los <strong>$385 a 3,472 dependiendo de la zona.\u00a0<\/strong><\/p>\n<\/p><\/div>\n<\/p><\/div>\n<p><script>\n    !function(f,b,e,v,n,t,s)\n    {if(f.fbq)return;n=f.fbq=function(){n.callMethod?\n    n.callMethod.apply(n,arguments):n.queue.push(arguments)};\n    if(!f._fbq)f._fbq=n;n.push=n;n.loaded=!0;n.version='2.0';\n    n.queue=[];t=b.createElement(e);t.async=!0;\n    t.src=v;s=b.getElementsByTagName(e)[0];\n    s.parentNode.insertBefore(t,s)}(window, document,'script',\n    'https:\/\/connect.facebook.net\/en_US\/fbevents.js');\n    fbq('init', '237927003583820');\n    fbq('track', 'PageView');\n  <\/script><br \/>\n<br \/><\/p>\n","protected":false},"excerpt":{"rendered":"<p>La historia de Peter Pan, el ni\u00f1o que se niega a crecer, llegar\u00e1 a la Ciudad de M\u00e9xico con una puesta en escena convertida en Ballet la cual combina danza cl\u00e1sica, teatro y videomapping. El espect\u00e1culo se centra en ofrecer una experiencia atractiva para ni\u00f1as y ni\u00f1os como para el p\u00fablico adulto.\u00a0 Producci\u00f3n de gran [&hellip;]<\/p>\n","protected":false},"author":4,"featured_media":3120,"comment_status":"","ping_status":"","sticky":false,"template":"","format":"standard","meta":{"footnotes":""},"categories":[33],"tags":[],"class_list":["post-3119","post","type-post","status-publish","format-standard","has-post-thumbnail","hentry","category-cultura"],"_links":{"self":[{"href":"https:\/\/conexion-mx.com\/index.php?rest_route=\/wp\/v2\/posts\/3119","targetHints":{"allow":["GET"]}}],"collection":[{"href":"https:\/\/conexion-mx.com\/index.php?rest_route=\/wp\/v2\/posts"}],"about":[{"href":"https:\/\/conexion-mx.com\/index.php?rest_route=\/wp\/v2\/types\/post"}],"author":[{"embeddable":true,"href":"https:\/\/conexion-mx.com\/index.php?rest_route=\/wp\/v2\/users\/4"}],"replies":[{"embeddable":true,"href":"https:\/\/conexion-mx.com\/index.php?rest_route=%2Fwp%2Fv2%2Fcomments&post=3119"}],"version-history":[{"count":0,"href":"https:\/\/conexion-mx.com\/index.php?rest_route=\/wp\/v2\/posts\/3119\/revisions"}],"wp:featuredmedia":[{"embeddable":true,"href":"https:\/\/conexion-mx.com\/index.php?rest_route=\/wp\/v2\/media\/3120"}],"wp:attachment":[{"href":"https:\/\/conexion-mx.com\/index.php?rest_route=%2Fwp%2Fv2%2Fmedia&parent=3119"}],"wp:term":[{"taxonomy":"category","embeddable":true,"href":"https:\/\/conexion-mx.com\/index.php?rest_route=%2Fwp%2Fv2%2Fcategories&post=3119"},{"taxonomy":"post_tag","embeddable":true,"href":"https:\/\/conexion-mx.com\/index.php?rest_route=%2Fwp%2Fv2%2Ftags&post=3119"}],"curies":[{"name":"wp","href":"https:\/\/api.w.org\/{rel}","templated":true}]}}