{"id":3121,"date":"2026-02-10T03:41:00","date_gmt":"2026-02-10T08:41:00","guid":{"rendered":"https:\/\/conexion-mx.com\/?p=3121"},"modified":"2026-02-10T03:41:00","modified_gmt":"2026-02-10T08:41:00","slug":"clima-hoy-zacatecas-martes-10-de-febrero-pronostico-del-tiempo-temperatura-maxima-de-20-grados-calidad-del-aire-y-cielo-nublado","status":"publish","type":"post","link":"https:\/\/conexion-mx.com\/?p=3121","title":{"rendered":"Clima hoy Zacatecas martes 10 de febrero: pron\u00f3stico del tiempo, temperatura m\u00e1xima de 20 grados, calidad del aire y cielo nublado"},"content":{"rendered":"<p> <br \/>\n<\/p>\n<div>\n<p>Este martes <strong>10<\/strong> de febrero, los habitantes de Zacatecas enfrentar\u00e1n una jornada caracterizada por cielos mayormente cubiertos y un ambiente fresco. El term\u00f3metro actual marca <strong>15\u00b0C<\/strong>, aunque la sensaci\u00f3n t\u00e9rmica desciende ligeramente a <strong>14\u00b0C<\/strong> debido a las condiciones atmosf\u00e9ricas del d\u00eda.<\/p>\n<h2>\u00bfCu\u00e1l ser\u00e1 la temperatura m\u00e1xima hoy?<\/h2>\n<p>Durante el transcurso del d\u00eda, se espera que el mercurio alcance una m\u00e1xima de <strong>20\u00b0C<\/strong> en las horas centrales. Por la ma\u00f1ana y la noche, el fr\u00edo se har\u00e1 sentir con mayor intensidad, registrando valores m\u00ednimos cercanos a los <strong>12\u00b0C<\/strong>, por lo que se sugiere tomar precauciones al salir.<\/p>\n<p>La humedad relativa se mantiene baja, en un <strong>39%<\/strong>, lo que contribuye a la percepci\u00f3n de aire seco en la regi\u00f3n. Aunque no hace calor extremo, la oscilaci\u00f3n t\u00e9rmica ser\u00e1 moderada, obligando a la poblaci\u00f3n a adaptar su vestimenta conforme avancen las horas de la tarde.<\/p>\n<h2>Condiciones de cielo y probabilidad de lluvia<\/h2>\n<p>A pesar de la densa nubosidad que cubrir\u00e1 el firmamento zacatecano durante gran parte de la jornada, la probabilidad de precipitaciones significativas es baja. Las nubes ser\u00e1n las protagonistas del paisaje, bloqueando la radiaci\u00f3n solar directa sin generar aguaceros importantes.<\/p>\n<p>El viento soplar\u00e1 con una velocidad constante de <strong>5<\/strong> metros por segundo, lo que podr\u00eda aumentar la sensaci\u00f3n de frescura en zonas altas o descampadas. Estas corrientes de aire ayudar\u00e1n a dispersar ligeramente la capa nubosa, aunque el tono gris predominar\u00e1 en el horizonte.<\/p>\n<div style=\"background:linear-gradient(135deg,#0c1929 0%,#1a365d 50%,#234e82 100%);border-radius:12px;font-family:-apple-system,BlinkMacSystemFont,'Segoe UI',Roboto,sans-serif;margin:1rem 0;overflow:hidden;box-shadow:0 4px 20px rgba(0,0,0,0.25);\">\n<div style=\"display:flex;align-items:stretch;\">\n<div style=\"flex:1;padding:16px 20px;border-right:1px solid rgba(255,255,255,0.1);\">\n<p>Clima hoy<\/p>\n<p>Zacatecas<\/p>\n<p>15<span style=\"font-size:1.5rem;color:rgba(255,255,255,0.7);\">\u00b0C<\/span><\/p>\n<p>muy nuboso<\/p>\n<\/div>\n<\/div>\n<\/div>\n<h2>Pron\u00f3stico para los pr\u00f3ximos d\u00edas<\/h2>\n<p>El tiempo mejorar\u00e1 paulatinamente hacia mitad de semana con cielos m\u00e1s limpios:<\/p>\n<p><strong>11 de febrero<\/strong><br \/>Cielo despejado con m\u00e1xima de <strong>21\u00b0C<\/strong> y m\u00ednima de <strong>7\u00b0C<\/strong>. Viento suave de <strong>2 km\/h<\/strong>.<\/p>\n<p><strong>12 de febrero<\/strong><br \/>Soleado, term\u00f3metro hasta <strong>23\u00b0C<\/strong> y m\u00ednima de <strong>8\u00b0C<\/strong>. Brisa de <strong>2 km\/h<\/strong>.<\/p>\n<p><strong>13 de febrero<\/strong><br \/>Intervalos nubosos, m\u00e1xima de <strong>23\u00b0C<\/strong> y m\u00ednima de <strong>11\u00b0C<\/strong>. Viento de <strong>4 km\/h<\/strong>.<\/p>\n<p>La tendencia general indica un ligero aumento en las temperaturas diurnas para el resto de la semana, alcanzando los <strong>23\u00b0C<\/strong>. Sin embargo, las ma\u00f1anas seguir\u00e1n siendo fr\u00edas, con descensos hasta los <strong>7\u00b0C<\/strong>, marcando un contraste t\u00edpico de la temporada invernal en esta zona del pa\u00eds.<\/p>\n<h2>Consejos de salud ante el clima fr\u00edo<\/h2>\n<p>Ante el ambiente fresco de <strong>15\u00b0C<\/strong>, es vital proteger las v\u00edas respiratorias para evitar enfermedades estacionales. Se aconseja mantener una hidrataci\u00f3n adecuada bebiendo al menos <strong>2<\/strong> litros de agua y consumir alimentos ricos en vitamina C para fortalecer el sistema inmune.\n<\/p>\n<p>Si planea realizar actividades fuera de casa, trate de evitar los cambios bruscos de temperatura, especialmente al salir de lugares calefaccionados. Las horas m\u00e1s fr\u00edas ser\u00e1n antes de las <strong>9:00<\/strong> de la ma\u00f1ana y despu\u00e9s de las <strong>19:00<\/strong> horas, requiriendo mayor abrigo.\n<\/p>\n<h2>\u00bfC\u00f3mo afecta el clima las actividades diarias?<\/h2>\n<p>Las condiciones nubladas son ideales para quienes prefieren ejercitarse sin el sol directo, aunque el viento de <strong>5<\/strong> m\/s podr\u00eda incomodar en deportes de precisi\u00f3n. Correr o caminar es viable, siempre que se realice un calentamiento previo adecuado para evitar lesiones musculares.\n<\/p>\n<p>En cuanto a la movilidad, la visibilidad es buena pese a las nubes, facilitando el tr\u00e1nsito vehicular. No se reportan lluvias que afecten el asfalto, por lo que el flujo en carreteras estatales deber\u00eda mantenerse normal, respetando los l\u00edmites de velocidad habituales.\n<\/p>\n<h2>Vestimenta recomendada para hoy<\/h2>\n<p>Se recomienda vestir en capas, utilizando una camiseta t\u00e9rmica o de algod\u00f3n debajo y un su\u00e9ter o chamarra ligera encima. Dado que la m\u00e1xima llegar\u00e1 a <strong>20\u00b0C<\/strong>, podr\u00eda sentir calor al mediod\u00eda, por lo que tener la opci\u00f3n de quitarse una prenda ser\u00e1 muy \u00fatil y c\u00f3modo.\n<\/p>\n<p>No olvide llevar consigo una bufanda ligera si sale muy temprano o regresa tarde a su hogar. Aunque no se prev\u00e9 lluvia, el viento puede resecar la piel, as\u00ed que el uso de crema hidratante y b\u00e1lsamo labial es esencial para combatir los efectos del aire seco y la humedad del <strong>39%<\/strong>.\n<\/p>\n<h2>Calidad del aire y monitoreo oficial<\/h2>\n<p>El \u00cdndice de Calidad del Aire (AQI) se reporta en nivel <strong>2<\/strong>, considerado aceptable. Con part\u00edculas PM2.5 en <strong>10.9<\/strong> \u00b5g\/m\u00b3 y PM10 en <strong>12.2<\/strong> \u00b5g\/m\u00b3, las condiciones son aptas para la mayor\u00eda, aunque personas muy sensibles deber\u00edan observar si presentan molestias respiratorias.\n<\/p>\n<p>Para mantenerse informado sobre cualquier cambio repentino, se sugiere seguir las cuentas de Protecci\u00f3n Civil estatal y el Servicio Meteorol\u00f3gico Nacional. Las actualizaciones se emiten cada <strong>3<\/strong> horas, garantizando que la poblaci\u00f3n tenga datos precisos para planificar su jornada.<br \/>\n<\/p>\n<p><h3 style=\"margin-bottom:10px;font-family:Arial,sans-serif;\"\/>\n    <iframe src=\"https:\/\/openweathermap.org\/weathermap?basemap=map&amp;cities=true&amp;layer=temperature&amp;lat=23.6345&amp;lon=-102.5528&amp;zoom=5\" width=\"100%\" height=\"400\" style=\"border:none;border-radius:8px;\" loading=\"lazy\"><![CDATA[\n    ]]><\/iframe>\n<\/p>\n<p style=\"font-size:12px;color:#666;margin-top:20px;\"><em>Este art\u00edculo ha sido generado con el apoyo de IA y revisado por un editor. Para m\u00e1s informaci\u00f3n, consulte nuestros t\u00e9rminos y condiciones.<\/em><\/p>\n<\/p><\/div>\n<p><script>\n    !function(f,b,e,v,n,t,s)\n    {if(f.fbq)return;n=f.fbq=function(){n.callMethod?\n    n.callMethod.apply(n,arguments):n.queue.push(arguments)};\n    if(!f._fbq)f._fbq=n;n.push=n;n.loaded=!0;n.version='2.0';\n    n.queue=[];t=b.createElement(e);t.async=!0;\n    t.src=v;s=b.getElementsByTagName(e)[0];\n    s.parentNode.insertBefore(t,s)}(window, document,'script',\n    'https:\/\/connect.facebook.net\/en_US\/fbevents.js');\n    fbq('init', '237927003583820');\n    fbq('track', 'PageView');\n  <\/script><script>\n    !function(f,b,e,v,n,t,s)\n    {if(f.fbq)return;n=f.fbq=function(){n.callMethod?\n    n.callMethod.apply(n,arguments):n.queue.push(arguments)};\n    if(!f._fbq)f._fbq=n;n.push=n;n.loaded=!0;n.version='2.0';\n    n.queue=[];t=b.createElement(e);t.async=!0;\n    t.src=v;s=b.getElementsByTagName(e)[0];\n    s.parentNode.insertBefore(t,s)}(window, document,'script',\n    'https:\/\/connect.facebook.net\/en_US\/fbevents.js');\n    fbq('init', '802372280934901');\n    fbq('track', 'PageView');\n    <\/script><br \/>\n<br \/><\/p>\n","protected":false},"excerpt":{"rendered":"<p>Este martes 10 de febrero, los habitantes de Zacatecas enfrentar\u00e1n una jornada caracterizada por cielos mayormente cubiertos y un ambiente fresco. El term\u00f3metro actual marca 15\u00b0C, aunque la sensaci\u00f3n t\u00e9rmica desciende ligeramente a 14\u00b0C debido a las condiciones atmosf\u00e9ricas del d\u00eda. \u00bfCu\u00e1l ser\u00e1 la temperatura m\u00e1xima hoy? Durante el transcurso del d\u00eda, se espera que [&hellip;]<\/p>\n","protected":false},"author":2,"featured_media":3122,"comment_status":"","ping_status":"","sticky":false,"template":"","format":"standard","meta":{"footnotes":""},"categories":[2],"tags":[],"class_list":["post-3121","post","type-post","status-publish","format-standard","has-post-thumbnail","hentry","category-local"],"_links":{"self":[{"href":"https:\/\/conexion-mx.com\/index.php?rest_route=\/wp\/v2\/posts\/3121","targetHints":{"allow":["GET"]}}],"collection":[{"href":"https:\/\/conexion-mx.com\/index.php?rest_route=\/wp\/v2\/posts"}],"about":[{"href":"https:\/\/conexion-mx.com\/index.php?rest_route=\/wp\/v2\/types\/post"}],"author":[{"embeddable":true,"href":"https:\/\/conexion-mx.com\/index.php?rest_route=\/wp\/v2\/users\/2"}],"replies":[{"embeddable":true,"href":"https:\/\/conexion-mx.com\/index.php?rest_route=%2Fwp%2Fv2%2Fcomments&post=3121"}],"version-history":[{"count":0,"href":"https:\/\/conexion-mx.com\/index.php?rest_route=\/wp\/v2\/posts\/3121\/revisions"}],"wp:featuredmedia":[{"embeddable":true,"href":"https:\/\/conexion-mx.com\/index.php?rest_route=\/wp\/v2\/media\/3122"}],"wp:attachment":[{"href":"https:\/\/conexion-mx.com\/index.php?rest_route=%2Fwp%2Fv2%2Fmedia&parent=3121"}],"wp:term":[{"taxonomy":"category","embeddable":true,"href":"https:\/\/conexion-mx.com\/index.php?rest_route=%2Fwp%2Fv2%2Fcategories&post=3121"},{"taxonomy":"post_tag","embeddable":true,"href":"https:\/\/conexion-mx.com\/index.php?rest_route=%2Fwp%2Fv2%2Ftags&post=3121"}],"curies":[{"name":"wp","href":"https:\/\/api.w.org\/{rel}","templated":true}]}}