{"id":3137,"date":"2026-02-11T14:32:11","date_gmt":"2026-02-11T19:32:11","guid":{"rendered":"https:\/\/conexion-mx.com\/?p=3137"},"modified":"2026-02-11T14:32:11","modified_gmt":"2026-02-11T19:32:11","slug":"morena-redefine-su-estrategia-politica-a-partir-del-humanismo-mexicano","status":"publish","type":"post","link":"https:\/\/conexion-mx.com\/?p=3137","title":{"rendered":"Morena redefine su estrategia pol\u00edtica a partir del humanismo mexicano"},"content":{"rendered":"<p> <br \/>\n<\/p>\n<div itemprop=\"articleBody\">\n<div class=\"txt_contenido\">\n<p>La estrategia va en ordenar y actualizar el rumbo pol\u00edtico de <strong>Morena<\/strong> a partir de la reflexi\u00f3n interna. El partido busca fortalecer su <strong>identidad<\/strong> y su <strong>narrativa<\/strong> usando el concepto de <strong>humanismo mexicano <\/strong>como eje central, no solo como discurso, sino como gu\u00eda para la toma de decisiones y la misma acci\u00f3n pol\u00edtica.\u00a0<\/p>\n<h2>El Consejo Consultivo es la\u00a0clave<\/h2>\n<p>Para lograrlo, <strong>Morena<\/strong> apuesta por <strong>escuchar a sus propios especialistas<\/strong> y consejeros, integrar estas ideas en su estructura interna y convertirlas en una l\u00ednea de trabajo. La intenci\u00f3n es que el partido tenga un <strong>mensaje coherente, una agenda mejor definida y una visi\u00f3n a largo plazo que le permita mantenerse unido y con rumbo.\u00a0<\/strong><\/p>\n<aside class=\"htmlinline\"\/>\n<p class=\"image-align-center\"><img loading=\"lazy\" decoding=\"async\" alt=\"\" height=\"400\" src=\"https:\/\/heraldodemexico.com.mx\/u\/fotografias\/m\/2025\/5\/21\/f768x400-1130614_1174517_5050.jpg\" width=\"768\"\/><\/p>\n<h2>Visi\u00f3n de largo plazo para consolidar el proyecto pol\u00edtico<\/h2>\n<p>La estrategia tambi\u00e9n tiene como objetivo\u00a0\u00a0mirar hacia adelante, <strong>ajustar<\/strong> el <strong>rumbo<\/strong> con <strong>anticipaci\u00f3n<\/strong> y preparar al partido para los <strong>retos futuros, <\/strong>manteniendo unidad, direcci\u00f3n y <strong>capacidad de adaptaci\u00f3n.<\/strong><\/p>\n<\/p><\/div>\n<\/p><\/div>\n<p><script>\n    !function(f,b,e,v,n,t,s)\n    {if(f.fbq)return;n=f.fbq=function(){n.callMethod?\n    n.callMethod.apply(n,arguments):n.queue.push(arguments)};\n    if(!f._fbq)f._fbq=n;n.push=n;n.loaded=!0;n.version='2.0';\n    n.queue=[];t=b.createElement(e);t.async=!0;\n    t.src=v;s=b.getElementsByTagName(e)[0];\n    s.parentNode.insertBefore(t,s)}(window, document,'script',\n    'https:\/\/connect.facebook.net\/en_US\/fbevents.js');\n    fbq('init', '237927003583820');\n    fbq('track', 'PageView');\n  <\/script><script>\n    !function(f,b,e,v,n,t,s)\n    {if(f.fbq)return;n=f.fbq=function(){n.callMethod?\n    n.callMethod.apply(n,arguments):n.queue.push(arguments)};\n    if(!f._fbq)f._fbq=n;n.push=n;n.loaded=!0;n.version='2.0';\n    n.queue=[];t=b.createElement(e);t.async=!0;\n    t.src=v;s=b.getElementsByTagName(e)[0];\n    s.parentNode.insertBefore(t,s)}(window, document,'script',\n    'https:\/\/connect.facebook.net\/en_US\/fbevents.js');\n    fbq('init', '802372280934901');\n    fbq('track', 'PageView');\n    <\/script><br \/>\n<br \/><\/p>\n","protected":false},"excerpt":{"rendered":"<p>La estrategia va en ordenar y actualizar el rumbo pol\u00edtico de Morena a partir de la reflexi\u00f3n interna. El partido busca fortalecer su identidad y su narrativa usando el concepto de humanismo mexicano como eje central, no solo como discurso, sino como gu\u00eda para la toma de decisiones y la misma acci\u00f3n pol\u00edtica.\u00a0 El Consejo [&hellip;]<\/p>\n","protected":false},"author":2,"featured_media":3138,"comment_status":"","ping_status":"","sticky":false,"template":"","format":"standard","meta":{"footnotes":""},"categories":[2],"tags":[],"class_list":["post-3137","post","type-post","status-publish","format-standard","has-post-thumbnail","hentry","category-local"],"_links":{"self":[{"href":"https:\/\/conexion-mx.com\/index.php?rest_route=\/wp\/v2\/posts\/3137","targetHints":{"allow":["GET"]}}],"collection":[{"href":"https:\/\/conexion-mx.com\/index.php?rest_route=\/wp\/v2\/posts"}],"about":[{"href":"https:\/\/conexion-mx.com\/index.php?rest_route=\/wp\/v2\/types\/post"}],"author":[{"embeddable":true,"href":"https:\/\/conexion-mx.com\/index.php?rest_route=\/wp\/v2\/users\/2"}],"replies":[{"embeddable":true,"href":"https:\/\/conexion-mx.com\/index.php?rest_route=%2Fwp%2Fv2%2Fcomments&post=3137"}],"version-history":[{"count":0,"href":"https:\/\/conexion-mx.com\/index.php?rest_route=\/wp\/v2\/posts\/3137\/revisions"}],"wp:featuredmedia":[{"embeddable":true,"href":"https:\/\/conexion-mx.com\/index.php?rest_route=\/wp\/v2\/media\/3138"}],"wp:attachment":[{"href":"https:\/\/conexion-mx.com\/index.php?rest_route=%2Fwp%2Fv2%2Fmedia&parent=3137"}],"wp:term":[{"taxonomy":"category","embeddable":true,"href":"https:\/\/conexion-mx.com\/index.php?rest_route=%2Fwp%2Fv2%2Fcategories&post=3137"},{"taxonomy":"post_tag","embeddable":true,"href":"https:\/\/conexion-mx.com\/index.php?rest_route=%2Fwp%2Fv2%2Ftags&post=3137"}],"curies":[{"name":"wp","href":"https:\/\/api.w.org\/{rel}","templated":true}]}}