{"id":3145,"date":"2026-02-12T10:38:53","date_gmt":"2026-02-12T15:38:53","guid":{"rendered":"https:\/\/conexion-mx.com\/?p=3145"},"modified":"2026-02-12T10:38:53","modified_gmt":"2026-02-12T15:38:53","slug":"asi-se-elabora-la-ceniza-del-miercoles-de-ceniza-el-proceso-paso-a-paso","status":"publish","type":"post","link":"https:\/\/conexion-mx.com\/?p=3145","title":{"rendered":"As\u00ed se elabora la ceniza del Mi\u00e9rcoles de Ceniza: el proceso paso a paso"},"content":{"rendered":"<p> <br \/>\n<\/p>\n<div>\n<p>El <strong>Mi\u00e9rcoles de Ceniza<\/strong> es la fecha que marca el inicio de la <strong>Cuaresma <\/strong>en la tradici\u00f3n cat\u00f3lica, un periodo de 40 d\u00edas de preparaci\u00f3n espiritual previo a la <strong>Semana Santa<\/strong>. En este d\u00eda, los fieles reciben en la frente una <strong>cruz de ceniza<\/strong>, que se obtiene al quemar\u00a0las palmas benditas del <strong>Domingo de Ramos<\/strong> del a\u00f1o anterior, adem\u00e1s de otros objetos sagrados.<\/p>\n<p>Este rito marca la preparaci\u00f3n de los fieles para celebrar\u00a0la <strong>Pascua<\/strong>, la fiesta m\u00e1s importante del cristianismo que celebra la resurrecci\u00f3n de<strong> Jes\u00fas<\/strong>, y de acuerdo con la tradici\u00f3n cat\u00f3lica,\u00a0es un recordatorio para los fieles de la necesidad de arrepentimiento y conversi\u00f3n.\u00a0El padre <strong>Jos\u00e9 de Jes\u00fas Aguilar Vald\u00e9s,\u00a0subdirector de Radio y Televisi\u00f3n del Arzobispado de\u00a0M\u00e9xico<\/strong>, explica en entrevista con <strong>El Heraldo de M\u00e9xico<\/strong> que el <strong>Mi\u00e9rcoles de Ceniza <\/strong>es tambi\u00e9n un recordatorio de la\u00a0transitoriedad de la vida terrenal.<\/p>\n<aside class=\"htmlinline\"\/>\n<blockquote>\n<p>\u00abEn los tiempos antiguos, todos los <strong>carnavales<\/strong> terminaban con un carro que\u00a0tra\u00eda la <strong>muerte<\/strong>, indicando que la carne desaparece, desaparece\u00a0todo aquello que tenga que ver\u00a0con el <strong>placer <\/strong>para reflexionar m\u00e1s profundamente. Por eso, precisamente, en el <strong>Mi\u00e9rcoles de Ceniza<\/strong>\u00a0se recuerda que el ser humano es <strong>polvo <\/strong>y al <strong>polvo<\/strong> volver\u00e1, si es que no est\u00e1 unido\u00a0a <strong>Cristo <\/strong>para poder tener una vida eterna\u00bb, detalla.<\/p>\n<\/blockquote>\n<div class=\"image-align-center\">\n<figure class=\"image\"><img loading=\"lazy\" decoding=\"async\" alt=\"\" height=\"453\" src=\"https:\/\/heraldodemexico.com.mx\/u\/fotografias\/m\/2026\/2\/11\/f768x1-1245232_1245359_5050.jpg\" width=\"680\"\/><figcaption>El Mi\u00e9rcoles de Ceniza es la fecha que marca el inicio de la Cuaresma en la tradici\u00f3n cat\u00f3lica. Foto: David Galicia S\u00e1nchez<\/figcaption><\/figure>\n<\/div>\n<h2>\u00bfDe d\u00f3nde proviene la <strong>ceniza<\/strong>?<\/h2>\n<p><strong>Aguilar Vald\u00e9s<\/strong> explica que, adem\u00e1s de las <strong>palmas benditas<\/strong> del <strong>Domingo de Ramos <\/strong>del a\u00f1o anterior, la <strong>ceniza<\/strong> se elabora tambi\u00e9n con <strong>objetos\u00a0sagrados <\/strong>que ya perdieron su funcionalidad y que no se pueden tirar a la basura, por ejemplo, los <strong>ornamentos de los sacerdotes<\/strong>,\u00a0las <strong>sotanas<\/strong> y las <strong>casullas<\/strong> que ya no sirven, as\u00ed como <strong>biblias <\/strong>y otros libros deteriorados que se usan en la misa, y la<strong> ropa<\/strong> que viste a las efigies de nazarenos, v\u00edrgenes y ni\u00f1os Dios, entre otras.\u00a0<\/p>\n<p>Para la Iglesia, la imposici\u00f3n de la\u00a0<strong>ceniza <\/strong>en la frente de quienes acuden a tomarla simboliza la <strong>invitaci\u00f3n a la conversi\u00f3n interior<\/strong>, al arrepentimiento de los pecados y al retorno a <strong>Dios<\/strong>, sin embargo, el<strong> padre Aguilar <\/strong>advierte que hay quienes participan en este rito con una idea distinta.<\/p>\n<blockquote>\n<p>\u00abEl <strong>Mi\u00e9rcoles de Ceniza<\/strong> tiene\u00a0esta caracter\u00edstica, invitar a la gente a la reflexi\u00f3n y a la <strong>conversi\u00f3n<\/strong>, es decir,\u00a0al cambio de vida. Aunque, lamentablemente, algunos toman la <strong>ceniza <\/strong>simplemente como algo\u00a0m\u00e1gico para que no les\u00a0vaya mal\u00bb, asegura.<\/p>\n<\/blockquote>\n<div class=\"image-align-center\">\n<figure class=\"image\"><img loading=\"lazy\" decoding=\"async\" alt=\"\" height=\"453\" src=\"https:\/\/heraldodemexico.com.mx\/u\/fotografias\/m\/2026\/2\/11\/f768x1-1245237_1245364_5050.jpg\" width=\"680\"\/><figcaption>La ceniza se elabora con palmas benditas el Domingo de Ramos del a\u00f1o anterior y objetos sagrados como im\u00e1genes y prendas deteriorados. Foto: David Galicia S\u00e1nchez<\/figcaption><\/figure>\n<\/div>\n<h2>As\u00ed se elabora la <strong>ceniza<\/strong>, paso a paso<\/h2>\n<p>La recolecci\u00f3n de las <strong>palmas <\/strong>y de otros objetos con los que se puede hacer <strong>ceniza<\/strong> se lleva a cabo en cada iglesia o parroquia, a petici\u00f3n de los sacerdotes o de manera voluntaria los feligreses pueden acudir a dejarlo.<\/p>\n<p>Al realizar una demostraci\u00f3n sobre la preparaci\u00f3n de la <strong>ceniza<\/strong> para el inicio de la <strong>Cuaresma<\/strong>, el <strong>can\u00f3nigo Gabriel Corral Mart\u00edn, miembro del Cabildo de la Catedral Metropolitana de la Ciudad de M\u00e9xico<\/strong>, explica que una vez que se dispone de los elementos necesarios para elaborar la <strong>ceniza<\/strong>, se colocan en un recipiente met\u00e1lico amplio, resistente al calor y se les prende fuego hasta que se carbonicen.<\/p>\n<p>Cuando el <strong>fuego<\/strong> se ha consumido y en el recipiente solo queda el <strong>material carbonizado<\/strong>, con ayuda de un mortero se tritura todo, hasta que quede un polvo muy fino que despu\u00e9s se deposita en recipientes m\u00e1s peque\u00f1os que los <strong>sacerdotes<\/strong> usar\u00e1n para <strong>bendecir la ceniza <\/strong>el <strong>mi\u00e9rcoles<\/strong> que marca el inicio de la <strong>Cuaresma<\/strong> y aplicarla a quienes acudan a tomarla. <strong>Corral Mart\u00edn <\/strong>afirma que la quema de las <strong>palmas<\/strong> la puede hacer alguno de los <strong>sacristanes <\/strong>y no se realiza alguna <strong>oraci\u00f3n<\/strong> durante el proceso, sino hasta el <strong>Mi\u00e9rcoles de Ceniza<\/strong>, cuando se bendice con agua, incienso y una <strong>oraci\u00f3n<\/strong>.<\/p>\n<blockquote>\n<p>\u00abEl d\u00eda del <strong>Mi\u00e9rcoles de Ceniza<\/strong>, al iniciar la celebraci\u00f3n, se hace la <strong>bendici\u00f3n de la ceniza <\/strong>con una oraci\u00f3n especial que simboliza justamente eso, que esa ceniza que vamos a recibir es el s\u00edmbolo de la conversi\u00f3n, del cambio de actitudes en nuestra vida que dan mucho que desear y que no nos llevan\u00a0a\u00a0ser personas de bien para quienes nos rodean. Paz y perd\u00f3n tiene\u00a0que ser el s\u00edmbolo de la <strong>Cuaresma<\/strong>\u00ab, sostiene.\n<\/p>\n<\/blockquote>\n<div class=\"image-align-center\">\n<figure class=\"image\"><img loading=\"lazy\" decoding=\"async\" alt=\"\" height=\"453\" src=\"https:\/\/heraldodemexico.com.mx\/u\/fotografias\/m\/2026\/2\/11\/f768x1-1245239_1245366_5050.jpg\" width=\"680\"\/><figcaption>Los elementos necesarios para elaborar la ceniza se colocan en un recipiente met\u00e1lico y se les prende fuego. Foto: David Galicia S\u00e1nchez<\/figcaption><\/figure>\n<\/div>\n<h2>\u00bfPor qu\u00e9 se coloca la <strong>ceniza<\/strong> en la <strong>frente<\/strong> o en la <strong>cabeza<\/strong>?<\/h2>\n<p>De acuerdo con la <strong>Arquidi\u00f3cesis de M\u00e9xico<\/strong>, imponer la ceniza es un gesto que evoca la naturaleza finita de la vida terrenal, y la necesidad de hacer un esfuerzo de autodisciplina y renuncia a ciertos placeres durante la <strong>Cuaresma<\/strong>.<\/p>\n<p>Tras la bendici\u00f3n de la ceniza, el <strong>sacerdote<\/strong> o un laico marcan a cada persona con ella, ya sea en la frente o en la coronilla de la cabeza, haciendo la<strong> se\u00f1al de la cruz<\/strong> y diciendo las palabras: \u201cRecuerda que <strong>eres polvo y al polvo volver\u00e1s<\/strong>\u201d o \u201carrepi\u00e9ntete y cree en el<strong> Evangelio<\/strong>\u201d.<\/p>\n<p>La <strong>ceniza <\/strong>es un elemento que aparece en algunos relatos del <strong>Antiguo Testamento<\/strong> como un s\u00edmbolo de humildad y abandono de las comodidades. Por ejemplo, en el libro del <strong>profeta Jon\u00e1s<\/strong>, cuando este recorre la ciudad de <strong>N\u00ednive <\/strong>para advertir que ser\u00e1 destruida por su maldad, el rey, al enterarse, se levanta de su trono, se despoja de su manto real para vestirse de luto y sentarse sobre <strong>ceniza<\/strong>.<\/p>\n<p>Y aunque el uso de la<strong> ceniza<\/strong> tiene antecedentes b\u00edblicos, la <strong>pr\u00e1ctica lit\u00fargica<\/strong> formal se estableci\u00f3 hasta el a\u00f1o <strong>1091<\/strong>, durante la celebraci\u00f3n\u00a0del <strong>S\u00ednodo de Benevento<\/strong>, presidido por el<strong> Papa Urbano II<\/strong>,\u00a0cuando la <strong>Iglesia Cat\u00f3lica<\/strong> hizo oficial y comenz\u00f3 a implementar\u00a0la pr\u00e1ctica de imponer\u00a0la ceniza a los fieles el <strong>mi\u00e9rcoles<\/strong> previo al primer domingo de <strong>Cuaresma<\/strong>.<\/p>\n<div class=\"image-align-center\">\n<figure class=\"image\"><img loading=\"lazy\" decoding=\"async\" alt=\"\" height=\"453\" src=\"https:\/\/heraldodemexico.com.mx\/u\/fotografias\/m\/2026\/2\/11\/f768x1-1245240_1245367_5050.jpg\" width=\"680\"\/><figcaption>\u201cRecuerda que eres polvo y al polvo volver\u00e1s\u201d, es una de las frases que se enuncian al colocar la ceniza. Foto: David Galicia S\u00e1nchez<\/figcaption><\/figure>\n<\/div>\n<h2>\u00bfQu\u00e9 pasa si alguien no puede acudir a tomar <strong>ceniza<\/strong>?<\/h2>\n<p>El <strong>Mi\u00e9rcoles de Ceniza<\/strong> es com\u00fan ver a las puertas de las iglesias largas filas de fieles que acuden a tomar ceniza. Algunos consideran que es un mandato de la Iglesia, sin embargo, el <strong>padre Jos\u00e9 de Jes\u00fas Aguilar <\/strong>aclara que al no ser un acto fundamental de la fe cristiana, tomar ceniza no es algo obligatorio.\u00a0Adem\u00e1s, explica que si alguna persona no puede acudir a recibir la ceniza, basta con que haga el prop\u00f3sito de iniciar la <strong>Cuaresma<\/strong> con un deseo genuino de cambio.<\/p>\n<blockquote>\n<p>\u00abPor ejemplo, aquella gente que\u00a0est\u00e1 enferma, que est\u00e1 <strong>inm\u00f3vil <\/strong>en su cama, esa <strong>enfermedad <\/strong>es para ellos la <strong>ceniza<\/strong>. Aquella\u00a0gente que vive muy lejos de la <strong>parroquia <\/strong>y no tiene posibilidad de ir, o bien porque est\u00e1 en\u00a0una ciudad donde lamentablemente <strong>se persigue a los cristianos<\/strong>, como en este momento en algunas\u00a0partes de <strong>Europa oriental<\/strong>, para ellos esa es su <strong>ceniza<\/strong>\u00ab.\n<\/p>\n<\/blockquote>\n<p><strong>Aguilar Vald\u00e9s<\/strong> tambi\u00e9n expone que los ni\u00f1os reci\u00e9n nacidos y aquellos que no han realizado la<strong> primera comuni\u00f3n<\/strong> no deben recibir la ceniza,\u00a0\u00abporque no saben lo que es el <strong>pecado<\/strong> y por lo tanto ellos no tendr\u00edan que convertirse,\u00a0ya que tienen una vida totalmente limpia\u00bb, refiere.<\/p>\n<div class=\"image-align-center\">\n<figure class=\"image\"><img loading=\"lazy\" decoding=\"async\" alt=\"\" height=\"453\" src=\"https:\/\/heraldodemexico.com.mx\/u\/fotografias\/m\/2026\/2\/11\/f768x1-1245243_1245370_5050.jpg\" width=\"680\"\/><figcaption>Al no ser un acto fundamental de la fe cristiana, tomar ceniza no es algo obligatorio. Foto: David Galicia S\u00e1nchez<\/figcaption><\/figure>\n<\/div>\n<h2>\u00bfCu\u00e1ndo se celebra el <strong>Mi\u00e9rcoles de Ceniza 2026<\/strong>?<\/h2>\n<p>El <strong>18 de febrero<\/strong> es la fecha en que se celebra\u00a0el <strong>Mi\u00e9rcoles de Ceniza en 2026<\/strong>. A partir de esta fecha, se cuentan los 40 d\u00edas que corresponden a la <strong>Cuaresma<\/strong>, el periodo del calendario lit\u00fargico cristiano de preparaci\u00f3n espiritual para la <strong>Pascua<\/strong>, durante el cual los fieles est\u00e1n llamados a realizar pr\u00e1cticas de penitencia, ayuno y oraci\u00f3n con el fin de conmemorar la pasi\u00f3n, muerte y <strong>resurrecci\u00f3n de Jes\u00fas<\/strong>.<\/p>\n<p>La <strong>Cuaresma<\/strong>, refiere la <strong>Arquidi\u00f3cesis de M\u00e9xico<\/strong>, inicia con el <strong>Mi\u00e9rcoles de Ceniza<\/strong> y termina el <strong>Jueves Santo<\/strong>, para dar paso al <strong>Triduo Pascual<\/strong>, como se denominan las celebraciones del <strong>Jueves Santo, Viernes Santo, S\u00e1bado Santo<\/strong> y<strong> Domingo de Resurrecci\u00f3n<\/strong>. En <strong>2026<\/strong>, dichas celebraciones corresponden a las siguientes fechas:<\/p>\n<ul>\n<li>18 de febrero:\u00a0<strong>Mi\u00e9rcoles de Ceniza<\/strong>, marca el inicio de la\u00a0<strong>Cuaresma<\/strong>.<\/li>\n<li>29 de marzo:\u00a0<strong>Domingo de Ramos<\/strong>, inicia la\u00a0<strong>Semana Santa<\/strong>.<\/li>\n<li>2 de abril:\u00a0<strong>Jueves Santo<\/strong>, termina la\u00a0<strong>Cuaresma<\/strong>.<\/li>\n<li>3 de abril:\u00a0<strong>Viernes Santo,<\/strong> se conmemora la crucifixi\u00f3n de\u00a0<strong>Jes\u00fas<\/strong>.<\/li>\n<li>4 de abril:\u00a0<strong>S\u00e1bado de Gloria.<\/strong><\/li>\n<li>5 de abril:\u00a0<strong>Domingo de Pascua<\/strong>, concluye la\u00a0<strong>Semana Santa<\/strong>.<\/li>\n<\/ul>\n<p>En el marco de la demostraci\u00f3n sobre la elaboraci\u00f3n de la <strong>ceniza<\/strong>, el\u00a0c<strong>an\u00f3nigo Gabriel Corral Mart\u00edn<\/strong>\u00a0lanza una \u00faltima <strong>reflexi\u00f3n<\/strong> sobre la marca de la <strong>ceniza en la frente<\/strong> o en la <strong>cabeza<\/strong>, y traslada su significado m\u00e1s all\u00e1 de lo meramente lit\u00fargico para ubicarlo en un contexto m\u00e1s humano y cotidiano.<\/p>\n<blockquote>\n<p>\u00abHoy queda para nosotros\u00a0este<strong> s\u00edmbolo<\/strong> que ponemos en la frente: la<strong> cruz<\/strong>, simbolizando que yo quiero arrepentirme de mis actitudes de pecado, de soberbia, de maldad, de prepotencia, actitudes de lo que quieras,\u00a0eso es el sentido de la <strong>ceniza<\/strong>.\u00a0Si no\u00a0va acompa\u00f1ado de un cambio se queda en un acto muy superficial que no significa nada m\u00e1s que un<strong> gesto<\/strong>\u00ab, sostiene.\n<\/p>\n<\/blockquote><\/div>\n<p><script>\n    !function(f,b,e,v,n,t,s)\n    {if(f.fbq)return;n=f.fbq=function(){n.callMethod?\n    n.callMethod.apply(n,arguments):n.queue.push(arguments)};\n    if(!f._fbq)f._fbq=n;n.push=n;n.loaded=!0;n.version='2.0';\n    n.queue=[];t=b.createElement(e);t.async=!0;\n    t.src=v;s=b.getElementsByTagName(e)[0];\n    s.parentNode.insertBefore(t,s)}(window, document,'script',\n    'https:\/\/connect.facebook.net\/en_US\/fbevents.js');\n    fbq('init', '237927003583820');\n    fbq('track', 'PageView');\n  <\/script><script>\n    !function(f,b,e,v,n,t,s)\n    {if(f.fbq)return;n=f.fbq=function(){n.callMethod?\n    n.callMethod.apply(n,arguments):n.queue.push(arguments)};\n    if(!f._fbq)f._fbq=n;n.push=n;n.loaded=!0;n.version='2.0';\n    n.queue=[];t=b.createElement(e);t.async=!0;\n    t.src=v;s=b.getElementsByTagName(e)[0];\n    s.parentNode.insertBefore(t,s)}(window, document,'script',\n    'https:\/\/connect.facebook.net\/en_US\/fbevents.js');\n    fbq('init', '1188480345046653');\n    fbq('track', 'PageView');\n    <\/script><br \/>\n<br \/><\/p>\n","protected":false},"excerpt":{"rendered":"<p>El Mi\u00e9rcoles de Ceniza es la fecha que marca el inicio de la Cuaresma en la tradici\u00f3n cat\u00f3lica, un periodo de 40 d\u00edas de preparaci\u00f3n espiritual previo a la Semana Santa. En este d\u00eda, los fieles reciben en la frente una cruz de ceniza, que se obtiene al quemar\u00a0las palmas benditas del Domingo de Ramos [&hellip;]<\/p>\n","protected":false},"author":3,"featured_media":3146,"comment_status":"","ping_status":"","sticky":false,"template":"","format":"standard","meta":{"footnotes":""},"categories":[34],"tags":[],"class_list":["post-3145","post","type-post","status-publish","format-standard","has-post-thumbnail","hentry","category-sociedad"],"_links":{"self":[{"href":"https:\/\/conexion-mx.com\/index.php?rest_route=\/wp\/v2\/posts\/3145","targetHints":{"allow":["GET"]}}],"collection":[{"href":"https:\/\/conexion-mx.com\/index.php?rest_route=\/wp\/v2\/posts"}],"about":[{"href":"https:\/\/conexion-mx.com\/index.php?rest_route=\/wp\/v2\/types\/post"}],"author":[{"embeddable":true,"href":"https:\/\/conexion-mx.com\/index.php?rest_route=\/wp\/v2\/users\/3"}],"replies":[{"embeddable":true,"href":"https:\/\/conexion-mx.com\/index.php?rest_route=%2Fwp%2Fv2%2Fcomments&post=3145"}],"version-history":[{"count":0,"href":"https:\/\/conexion-mx.com\/index.php?rest_route=\/wp\/v2\/posts\/3145\/revisions"}],"wp:featuredmedia":[{"embeddable":true,"href":"https:\/\/conexion-mx.com\/index.php?rest_route=\/wp\/v2\/media\/3146"}],"wp:attachment":[{"href":"https:\/\/conexion-mx.com\/index.php?rest_route=%2Fwp%2Fv2%2Fmedia&parent=3145"}],"wp:term":[{"taxonomy":"category","embeddable":true,"href":"https:\/\/conexion-mx.com\/index.php?rest_route=%2Fwp%2Fv2%2Fcategories&post=3145"},{"taxonomy":"post_tag","embeddable":true,"href":"https:\/\/conexion-mx.com\/index.php?rest_route=%2Fwp%2Fv2%2Ftags&post=3145"}],"curies":[{"name":"wp","href":"https:\/\/api.w.org\/{rel}","templated":true}]}}