{"id":3149,"date":"2026-02-12T23:10:16","date_gmt":"2026-02-13T04:10:16","guid":{"rendered":"https:\/\/conexion-mx.com\/?p=3149"},"modified":"2026-02-12T23:10:16","modified_gmt":"2026-02-13T04:10:16","slug":"cuantos-anos-podria-pasar-en-prision-anthony-n-hombre-que-arrojo-a-lobito-por-escaleras-en-naucalpan","status":"publish","type":"post","link":"https:\/\/conexion-mx.com\/?p=3149","title":{"rendered":"\u00bfCu\u00e1ntos a\u00f1os podr\u00eda pasar en prisi\u00f3n Anthony \u00abN\u00bb hombre que arroj\u00f3 a Lobito por escaleras en Naucalpan?"},"content":{"rendered":"<p> <br \/>\n<\/p>\n<div itemprop=\"articleBody\">\n<div class=\"txt_contenido\">\n<p>La<strong> Fiscal\u00eda General de Justicia del Estado de M\u00e9xico (FGJEM)\u00a0<\/strong>detuvo a Anthony Fran N, este 12 de febrero por arrojar a un perro llamado \u00abLobito\u00bb de unas escaleras ubicadas en el municipio de Naucalpan, Estado de M\u00e9xico, hecho que se difundi\u00f3 a trav\u00e9s de un video que se viraliz\u00f3 en redes sociales donde se muestra el <strong>acto de crueldad animal.\u00a0<\/strong><\/p>\n<p>Asociaciones de rescate y vecinos de la zona pusieron una <strong>denuncia <\/strong>en su contra tras identificarlo en el video que es conocido mediante medios de comunicaci\u00f3n y otros canales ante el nivel de indignaci\u00f3n que ha causado en la poblaci\u00f3n, ahora el sujeto es investigado por el delito de <strong>maltrato animal.<\/strong><\/p>\n<aside class=\"htmlinline\"\/>\n<p>El canino fue rescatado tras la ca\u00edda por la fundaci\u00f3n de rescate<strong> Mundo Patitas<\/strong>, quienes le dieron atenci\u00f3n veterinaria y cuidados b\u00e1sicos que requer\u00eda tras ser arrojado, <strong>Lobito <\/strong>ten\u00eda fracturas y heridas graves, sin embargo se ha recuperado al pasar las semanas, y ahora buscar\u00e1n darlo en adopci\u00f3n.<\/p>\n<aside class=\"relacionadas con-foto linea-1078\"><strong class=\"relacionadas-titulo-gral\">Noticias Relacionadas<\/strong><\/aside>\n<p>Los vecinos de Lobito anunciaron que viv\u00eda en las calles, pero todos lo cuidaban, era un perro tranquilo y amoroso, por lo que se pronunciaron tras enterarse de la tragedia. A trav\u00e9s de una intervenci\u00f3n de las autoridades municipales, la calle donde ocurri\u00f3 el caso fue intervenida con colores y colocaron su nombre en su honor.\u00a0<\/p>\n<h2>\u00bfCu\u00e1ntos a\u00f1os podr\u00eda pasar en la c\u00e1rcel Anthony Fran, hombre que arroj\u00f3 a perro de unas escaleras?<\/h2>\n<p>Tras la detenci\u00f3n se celebr\u00f3 la audiencia inicial en su contra donde se present\u00f3 el video de prueba del acto que cometi\u00f3 que enmarca la forma en que lo carga y avienta de m\u00e1s de <strong>3 metros de altura<\/strong>, tras escuchar a las autoridades Anthony solt\u00f3 l\u00e1grimas por la disposici\u00f3n.<\/p>\n<p>Las autoridades determinaron recluirlo en el penal de <strong>Barrientos<\/strong>, la detenci\u00f3n se logr\u00f3 tras una orden de cateo donde fue ubicado el responsable.<\/p>\n<p>\u00a0<\/p>\n<\/p><\/div>\n<\/p><\/div>\n<p><script>\n    !function(f,b,e,v,n,t,s)\n    {if(f.fbq)return;n=f.fbq=function(){n.callMethod?\n    n.callMethod.apply(n,arguments):n.queue.push(arguments)};\n    if(!f._fbq)f._fbq=n;n.push=n;n.loaded=!0;n.version='2.0';\n    n.queue=[];t=b.createElement(e);t.async=!0;\n    t.src=v;s=b.getElementsByTagName(e)[0];\n    s.parentNode.insertBefore(t,s)}(window, document,'script',\n    'https:\/\/connect.facebook.net\/en_US\/fbevents.js');\n    fbq('init', '237927003583820');\n    fbq('track', 'PageView');\n  <\/script><script>\n    !function(f,b,e,v,n,t,s)\n    {if(f.fbq)return;n=f.fbq=function(){n.callMethod?\n    n.callMethod.apply(n,arguments):n.queue.push(arguments)};\n    if(!f._fbq)f._fbq=n;n.push=n;n.loaded=!0;n.version='2.0';\n    n.queue=[];t=b.createElement(e);t.async=!0;\n    t.src=v;s=b.getElementsByTagName(e)[0];\n    s.parentNode.insertBefore(t,s)}(window, document,'script',\n    'https:\/\/connect.facebook.net\/en_US\/fbevents.js');\n    fbq('init', '802372280934901');\n    fbq('track', 'PageView');\n    <\/script><br \/>\n<br \/><\/p>\n","protected":false},"excerpt":{"rendered":"<p>La Fiscal\u00eda General de Justicia del Estado de M\u00e9xico (FGJEM)\u00a0detuvo a Anthony Fran N, este 12 de febrero por arrojar a un perro llamado \u00abLobito\u00bb de unas escaleras ubicadas en el municipio de Naucalpan, Estado de M\u00e9xico, hecho que se difundi\u00f3 a trav\u00e9s de un video que se viraliz\u00f3 en redes sociales donde se muestra [&hellip;]<\/p>\n","protected":false},"author":2,"featured_media":3150,"comment_status":"","ping_status":"","sticky":false,"template":"","format":"standard","meta":{"footnotes":""},"categories":[2],"tags":[],"class_list":["post-3149","post","type-post","status-publish","format-standard","has-post-thumbnail","hentry","category-local"],"_links":{"self":[{"href":"https:\/\/conexion-mx.com\/index.php?rest_route=\/wp\/v2\/posts\/3149","targetHints":{"allow":["GET"]}}],"collection":[{"href":"https:\/\/conexion-mx.com\/index.php?rest_route=\/wp\/v2\/posts"}],"about":[{"href":"https:\/\/conexion-mx.com\/index.php?rest_route=\/wp\/v2\/types\/post"}],"author":[{"embeddable":true,"href":"https:\/\/conexion-mx.com\/index.php?rest_route=\/wp\/v2\/users\/2"}],"replies":[{"embeddable":true,"href":"https:\/\/conexion-mx.com\/index.php?rest_route=%2Fwp%2Fv2%2Fcomments&post=3149"}],"version-history":[{"count":0,"href":"https:\/\/conexion-mx.com\/index.php?rest_route=\/wp\/v2\/posts\/3149\/revisions"}],"wp:featuredmedia":[{"embeddable":true,"href":"https:\/\/conexion-mx.com\/index.php?rest_route=\/wp\/v2\/media\/3150"}],"wp:attachment":[{"href":"https:\/\/conexion-mx.com\/index.php?rest_route=%2Fwp%2Fv2%2Fmedia&parent=3149"}],"wp:term":[{"taxonomy":"category","embeddable":true,"href":"https:\/\/conexion-mx.com\/index.php?rest_route=%2Fwp%2Fv2%2Fcategories&post=3149"},{"taxonomy":"post_tag","embeddable":true,"href":"https:\/\/conexion-mx.com\/index.php?rest_route=%2Fwp%2Fv2%2Ftags&post=3149"}],"curies":[{"name":"wp","href":"https:\/\/api.w.org\/{rel}","templated":true}]}}