{"id":3155,"date":"2026-02-13T03:50:16","date_gmt":"2026-02-13T08:50:16","guid":{"rendered":"https:\/\/conexion-mx.com\/?p=3155"},"modified":"2026-02-13T03:50:16","modified_gmt":"2026-02-13T08:50:16","slug":"la-oscurecida-paleta-de-adrian-socorro","status":"publish","type":"post","link":"https:\/\/conexion-mx.com\/?p=3155","title":{"rendered":"La oscurecida paleta de Adri\u00e1n Socorro"},"content":{"rendered":"<p> <br \/>\n<\/p>\n<div>\n<p>La luz se apag\u00f3 en la isla de Cuba y la paleta de<strong> Adri\u00e1n Socorro (Matanzas, 1979) se oscureci\u00f3.<\/strong><\/p>\n<p>\u201cComo no es secreto para nadie, Cuba atraviesa una crisis energ\u00e9tica fuerte que apunta a peor. Mi obra era muy colorista hace unos a\u00f1os atr\u00e1s, pero producto de esta situaci\u00f3n que estamos enfrentando he tenido que tomar una decisi\u00f3n: o emigraba a estos colores fr\u00edos, blancos, negros, azules, grises, para poder seguir trabajando con falta de iluminaci\u00f3n, o simplemente no pod\u00eda trabajar\u201d, explica <strong>Socorro <\/strong>sobre \u201cQue la noche sea leve\u201d, conjunto de pinturas y dibujos que lo traen de vuelta a M\u00e9xico.<\/p>\n<aside class=\"htmlinline\"\/>\n<p>En las paredes de la <strong>Galer\u00eda Covarrubias<\/strong> (Oaxaca 95, Roma Norte) los cuadros nos hablan de la noche, de la sensualidad que busca esconderse en la oscuridad, del desorden y el exceso, de la fiesta que permite llevar el d\u00eda.<\/p>\n<blockquote>\n<p>\u201cLa noche evoca no solamente vida nocturna, evoca oscuridad, evoca una manera de vida, modo, hay un cambio de modo de d\u00eda a modo nocturno\u201d, cuenta.<\/p>\n<\/blockquote>\n<p>En su tierra natal, Socorro conserva su taller en una vieja nave industrial, donde la iluminaci\u00f3n resulta indispensable, pero ante la crisis energ\u00e9tica que vive la isla, junto a sus paisanos, padece cortes de 38 o 40 horas seguidas.<\/p>\n<blockquote>\n<p>\u201cYo vengo diciendo que est\u00e1 es la muestra m\u00e1s cubana que he pintado. Existe un romanticismo hacia el Caribe, hacia los cubanos, que son las palmas, la playa, los autos americanos viejos, los fumadores de tabaco, pero Cuba es much\u00edsimo m\u00e1s que eso\u201d.<\/p>\n<\/blockquote>\n<p>\u201cMi obra es una postal cubana donde la vida va hacia otros varios caminos. En este caso, el m\u00edo apunta a buscar en la fiesta, en la belle \u00e9poque, en el cabaret, en el teatro, de alguna manera una especie de resiliencia, de qu\u00e9 manera enfrento felizmente, o lo m\u00e1s felizmente posible, esta realidad desde lo que me gusta hacer que es pintar\u201d.<\/p>\n<p>Casado desde hace 15 a\u00f1os con la actriz Sonia Mar\u00eda Cobos, el artista cubano conoce el mundo del teatro desde dentro, por lo que \u201cvoy creando mi propio teatro, mi propia dramaturgia\u201d. \u00c9l mismo se aleja de toda tradici\u00f3n que busque encasillarlo solo como artista cubano, dice que su gran referente es el impresionismo, especialmente el alem\u00e1n.<\/p>\n<p>En sus cuadros oscurecidos se ven gestos sutiles de galanteo, de clase y coqueteo, pero tambi\u00e9n de drama, de cierto horror:<\/p>\n<blockquote>\n<p>\u201cVuelvo una y otra vez al retrato, al desnudo, a la muerte desde lo muerto en s\u00ed. No al hecho espeluznante de fallecer, sino de dar vida a lo que ya no la tiene\u201d.\n<\/p>\n<\/blockquote>\n<p>Adicionalmente, en Covarrubias se expone la colectiva \u201cResonancias latentes\u201d que incluye a una serie de artistas mexicanos cuya obra \u201cdeambula entre un estilo psicod\u00e9lico, on\u00edrico, como entre sue\u00f1os\u201d, explica la directora Ariana Hern\u00e1ndez.<\/p>\n<p>La muestra incluye obras de<strong> Alexandra Conolli, Chisko Mojica, Gonzalo Salaxar, Enrique Mendoza, Luna L\u00f3pez, Miguel Cuauht\u00e9moc, Francisco Marroqu\u00edn, Daniela L\u00f3pez, Arturo Rivera, Miguel Bravo y Sebasti\u00e1n Guirao.<\/strong><br \/>\u00a0<\/p>\n<p>\u00a0<\/p>\n<p>FOTOS: CORTES\u00cdA, LUIS CARLOS S\u00c1NCHEZ Y TOMADA DE FB.\u00a0<\/p>\n<p>MAAZ<\/p>\n<p>\u00a0<\/p>\n<\/p><\/div>\n<p><script>\n    !function(f,b,e,v,n,t,s)\n    {if(f.fbq)return;n=f.fbq=function(){n.callMethod?\n    n.callMethod.apply(n,arguments):n.queue.push(arguments)};\n    if(!f._fbq)f._fbq=n;n.push=n;n.loaded=!0;n.version='2.0';\n    n.queue=[];t=b.createElement(e);t.async=!0;\n    t.src=v;s=b.getElementsByTagName(e)[0];\n    s.parentNode.insertBefore(t,s)}(window, document,'script',\n    'https:\/\/connect.facebook.net\/en_US\/fbevents.js');\n    fbq('init', '237927003583820');\n    fbq('track', 'PageView');\n  <\/script><br \/>\n<br \/><\/p>\n","protected":false},"excerpt":{"rendered":"<p>La luz se apag\u00f3 en la isla de Cuba y la paleta de Adri\u00e1n Socorro (Matanzas, 1979) se oscureci\u00f3. \u201cComo no es secreto para nadie, Cuba atraviesa una crisis energ\u00e9tica fuerte que apunta a peor. Mi obra era muy colorista hace unos a\u00f1os atr\u00e1s, pero producto de esta situaci\u00f3n que estamos enfrentando he tenido que [&hellip;]<\/p>\n","protected":false},"author":4,"featured_media":3156,"comment_status":"","ping_status":"","sticky":false,"template":"","format":"standard","meta":{"footnotes":""},"categories":[33],"tags":[],"class_list":["post-3155","post","type-post","status-publish","format-standard","has-post-thumbnail","hentry","category-cultura"],"_links":{"self":[{"href":"https:\/\/conexion-mx.com\/index.php?rest_route=\/wp\/v2\/posts\/3155","targetHints":{"allow":["GET"]}}],"collection":[{"href":"https:\/\/conexion-mx.com\/index.php?rest_route=\/wp\/v2\/posts"}],"about":[{"href":"https:\/\/conexion-mx.com\/index.php?rest_route=\/wp\/v2\/types\/post"}],"author":[{"embeddable":true,"href":"https:\/\/conexion-mx.com\/index.php?rest_route=\/wp\/v2\/users\/4"}],"replies":[{"embeddable":true,"href":"https:\/\/conexion-mx.com\/index.php?rest_route=%2Fwp%2Fv2%2Fcomments&post=3155"}],"version-history":[{"count":0,"href":"https:\/\/conexion-mx.com\/index.php?rest_route=\/wp\/v2\/posts\/3155\/revisions"}],"wp:featuredmedia":[{"embeddable":true,"href":"https:\/\/conexion-mx.com\/index.php?rest_route=\/wp\/v2\/media\/3156"}],"wp:attachment":[{"href":"https:\/\/conexion-mx.com\/index.php?rest_route=%2Fwp%2Fv2%2Fmedia&parent=3155"}],"wp:term":[{"taxonomy":"category","embeddable":true,"href":"https:\/\/conexion-mx.com\/index.php?rest_route=%2Fwp%2Fv2%2Fcategories&post=3155"},{"taxonomy":"post_tag","embeddable":true,"href":"https:\/\/conexion-mx.com\/index.php?rest_route=%2Fwp%2Fv2%2Ftags&post=3155"}],"curies":[{"name":"wp","href":"https:\/\/api.w.org\/{rel}","templated":true}]}}