{"id":3163,"date":"2026-02-14T01:14:53","date_gmt":"2026-02-14T06:14:53","guid":{"rendered":"https:\/\/conexion-mx.com\/?p=3163"},"modified":"2026-02-14T01:14:53","modified_gmt":"2026-02-14T06:14:53","slug":"pronostico-del-clima-en-nogales-sonora-hoy-sabado-14-de-febrero-temperatura-viento-y-condiciones-meteorologicas","status":"publish","type":"post","link":"https:\/\/conexion-mx.com\/?p=3163","title":{"rendered":"Pron\u00f3stico del clima en Nogales, Sonora hoy s\u00e1bado 14 de febrero: temperatura, viento y condiciones meteorol\u00f3gicas"},"content":{"rendered":"<p> <br \/>\n<\/p>\n<div>\n<p>Este s\u00e1bado <strong>14 de febrero<\/strong>, los habitantes de Nogales, Sonora, disfrutar\u00e1n de condiciones estables. El term\u00f3metro marca actualmente <strong>20\u00b0C<\/strong>, ofreciendo un ambiente templado ideal para realizar actividades al exterior sin contratiempos clim\u00e1ticos mayores.<\/p>\n<h2>\u00bfQu\u00e9 temperaturas se esperan hoy?<\/h2>\n<p>Durante la jornada, la m\u00e1xima alcanzar\u00e1 los <strong>24\u00b0C<\/strong>, mientras que la sensaci\u00f3n t\u00e9rmica se mantendr\u00e1 cercana a los <strong>19\u00b0C<\/strong>. Es un d\u00eda caracterizado por la suavidad en el ambiente, alej\u00e1ndose de los extremos fr\u00edos o calurosos t\u00edpicos de otras estaciones.<\/p>\n<p>Por la noche, se prev\u00e9 un descenso hasta los <strong>16\u00b0C<\/strong>, por lo que refrescar\u00e1 ligeramente. La humedad relativa se sit\u00faa en un <strong>44%<\/strong>, lo que contribuye a que el aire se sienta seco y ligero, evitando la sensaci\u00f3n de bochorno en las horas pico de sol.<\/p>\n<h2>\u00bfHay probabilidad de lluvia en Nogales?<\/h2>\n<p>El cielo se mantendr\u00e1 mayormente despejado durante todo el d\u00eda, reduciendo la probabilidad de precipitaciones a niveles m\u00ednimos. No se esperan lluvias ni aguaceros que puedan interrumpir los planes de San Valent\u00edn en la regi\u00f3n fronteriza.<\/p>\n<p>Las corrientes de aire ser\u00e1n pr\u00e1cticamente imperceptibles, con una velocidad de apenas <strong>1 m\/s<\/strong>. La ausencia de nubosidad densa permitir\u00e1 disfrutar de una radiaci\u00f3n solar directa, por lo que la visibilidad ser\u00e1 excelente en carreteras y zonas urbanas.<\/p>\n<div style=\"background:linear-gradient(135deg,#0c1929 0%,#1a365d 50%,#234e82 100%);border-radius:12px;font-family:-apple-system,BlinkMacSystemFont,'Segoe UI',Roboto,sans-serif;margin:1rem 0;overflow:hidden;box-shadow:0 4px 20px rgba(0,0,0,0.25);\">\n<div style=\"display:flex;align-items:stretch;\">\n<div style=\"flex:1;padding:16px 20px;border-right:1px solid rgba(255,255,255,0.1);\">\n<p>Clima hoy<\/p>\n<p>Nogales<\/p>\n<p>20<span style=\"font-size:1.5rem;color:rgba(255,255,255,0.7);\">\u00b0C<\/span><\/p>\n<p>cielo claro<\/p>\n<\/div>\n<\/div>\n<\/div>\n<h2>Pron\u00f3stico para los pr\u00f3ximos d\u00edas<\/h2>\n<p>A continuaci\u00f3n, detallamos la evoluci\u00f3n meteorol\u00f3gica para el inicio de semana:<\/p>\n<p><strong>Domingo 15 de febrero<\/strong><br \/>Se espera una m\u00e1xima de <strong>25\u00b0C<\/strong> y m\u00ednima de <strong>16\u00b0C<\/strong>. El cielo presentar\u00e1 intervalos nubosos con vientos de <strong>2 km\/h<\/strong>.<\/p>\n<p><strong>Lunes 16 de febrero<\/strong><br \/>El term\u00f3metro marcar\u00e1 hasta <strong>24\u00b0C<\/strong> bajando a <strong>17\u00b0C<\/strong>. Continuar\u00e1 la nubosidad parcial y brisa ligera de <strong>2 km\/h<\/strong>.<\/p>\n<p><strong>Martes 17 de febrero<\/strong><br \/>Refrescar\u00e1 levemente con una tope de <strong>21\u00b0C<\/strong> y base de <strong>16\u00b0C<\/strong>. Nubes dispersas y viento aumentando a <strong>4 km\/h<\/strong>.<\/p>\n<p>La tendencia general muestra una estabilidad atmosf\u00e9rica notable, con variaciones t\u00e9rmicas m\u00ednimas entre d\u00edas. La presencia de nubes ir\u00e1 en aumento progresivo hacia el inicio de la semana laboral, aunque sin representar amenazas de tormentas severas.<\/p>\n<h2>Consejos de salud ante el clima<\/h2>\n<p>Aunque el calor no es extremo, la exposici\u00f3n prolongada al sol requiere protecci\u00f3n. Se sugiere aplicar bloqueador solar con factor superior a <strong>30<\/strong> y mantener una hidrataci\u00f3n constante, bebiendo al menos <strong>2 litros<\/strong> de agua para compensar la sequedad del aire.\n<\/p>\n<p>Las horas centrales, entre las <strong>12:00<\/strong> y las <strong>16:00<\/strong>, presentar\u00e1n la mayor radiaci\u00f3n UV. Si planea caminatas largas, procure buscar sombra o realizar estas actividades temprano en la ma\u00f1ana o al atardecer para evitar fatiga innecesaria.\n<\/p>\n<h2>\u00bfC\u00f3mo afecta el tiempo a tus planes?<\/h2>\n<p>Las condiciones son perfectas para el deporte al aire libre, como correr o ciclismo. La falta de viento fuerte y la temperatura moderada de <strong>20\u00b0C<\/strong> favorecen el rendimiento f\u00edsico sin el riesgo de golpe de calor o enfriamiento r\u00e1pido tras el ejercicio.\n<\/p>\n<p>En cuanto a la movilidad, el asfalto seco y la excelente visibilidad garantizan un tr\u00e1nsito fluido. No existen alertas meteorol\u00f3gicas que puedan generar retrasos en el transporte p\u00fablico o congesti\u00f3n vehicular derivada del mal tiempo en la ciudad.\n<\/p>\n<h2>Vestimenta y preparaci\u00f3n<\/h2>\n<p>Se recomienda vestir en capas o usar ropa ligera de algod\u00f3n durante el d\u00eda. Una camiseta de manga larga o una chaqueta delgada ser\u00e1n suficientes para estar c\u00f3modo. Evite prendas t\u00e9rmicas pesadas, ya que el ambiente no ser\u00e1 g\u00e9lido.\n<\/p>\n<p>Al salir de casa, no olvide sus gafas de sol y una gorra para protegerse del brillo solar. Aunque no se prev\u00e9n lluvias, llevar una botella de agua reutilizable es esencial. No es necesario cargar con paraguas o impermeables voluminosos hoy.\n<\/p>\n<h2>Calidad del aire y monitoreo<\/h2>\n<p>El \u00cdndice de Calidad del Aire (AQI) se reporta en <strong>2<\/strong>, considerado aceptable. Las part\u00edculas PM2.5 registran <strong>2.2 \u00b5g\/m\u00b3<\/strong> y las PM10 <strong>7.2 \u00b5g\/m\u00b3<\/strong>, lo que hace que el ambiente sea apto para la mayor\u00eda de las personas sin riesgos respiratorios.\n<\/p>\n<p>Para mantenerse informado sobre cambios repentinos, sugerimos seguir las cuentas de Protecci\u00f3n Civil de Sonora y el Servicio Meteorol\u00f3gico Nacional. Estas fuentes emiten actualizaciones cada <strong>3<\/strong> horas en caso de eventualidades atmosf\u00e9ricas importantes.<br \/>\n<\/p>\n<p><h3 style=\"margin-bottom:10px;font-family:Arial,sans-serif;\"\/>\n    <iframe src=\"https:\/\/openweathermap.org\/weathermap?basemap=map&amp;cities=true&amp;layer=temperature&amp;lat=23.6345&amp;lon=-102.5528&amp;zoom=5\" width=\"100%\" height=\"400\" style=\"border:none;border-radius:8px;\" loading=\"lazy\"><![CDATA[\n    ]]><\/iframe>\n<\/p>\n<p style=\"font-size:12px;color:#666;margin-top:20px;\"><em>Este art\u00edculo ha sido generado con el apoyo de IA y revisado por un editor. Para m\u00e1s informaci\u00f3n, consulte nuestros t\u00e9rminos y condiciones.<\/em><\/p>\n<\/p><\/div>\n<p><script>\n    !function(f,b,e,v,n,t,s)\n    {if(f.fbq)return;n=f.fbq=function(){n.callMethod?\n    n.callMethod.apply(n,arguments):n.queue.push(arguments)};\n    if(!f._fbq)f._fbq=n;n.push=n;n.loaded=!0;n.version='2.0';\n    n.queue=[];t=b.createElement(e);t.async=!0;\n    t.src=v;s=b.getElementsByTagName(e)[0];\n    s.parentNode.insertBefore(t,s)}(window, document,'script',\n    'https:\/\/connect.facebook.net\/en_US\/fbevents.js');\n    fbq('init', '237927003583820');\n    fbq('track', 'PageView');\n  <\/script><script>\n    !function(f,b,e,v,n,t,s)\n    {if(f.fbq)return;n=f.fbq=function(){n.callMethod?\n    n.callMethod.apply(n,arguments):n.queue.push(arguments)};\n    if(!f._fbq)f._fbq=n;n.push=n;n.loaded=!0;n.version='2.0';\n    n.queue=[];t=b.createElement(e);t.async=!0;\n    t.src=v;s=b.getElementsByTagName(e)[0];\n    s.parentNode.insertBefore(t,s)}(window, document,'script',\n    'https:\/\/connect.facebook.net\/en_US\/fbevents.js');\n    fbq('init', '802372280934901');\n    fbq('track', 'PageView');\n    <\/script><br \/>\n<br \/><\/p>\n","protected":false},"excerpt":{"rendered":"<p>Este s\u00e1bado 14 de febrero, los habitantes de Nogales, Sonora, disfrutar\u00e1n de condiciones estables. El term\u00f3metro marca actualmente 20\u00b0C, ofreciendo un ambiente templado ideal para realizar actividades al exterior sin contratiempos clim\u00e1ticos mayores. \u00bfQu\u00e9 temperaturas se esperan hoy? Durante la jornada, la m\u00e1xima alcanzar\u00e1 los 24\u00b0C, mientras que la sensaci\u00f3n t\u00e9rmica se mantendr\u00e1 cercana a [&hellip;]<\/p>\n","protected":false},"author":2,"featured_media":3164,"comment_status":"","ping_status":"","sticky":false,"template":"","format":"standard","meta":{"footnotes":""},"categories":[2],"tags":[],"class_list":["post-3163","post","type-post","status-publish","format-standard","has-post-thumbnail","hentry","category-local"],"_links":{"self":[{"href":"https:\/\/conexion-mx.com\/index.php?rest_route=\/wp\/v2\/posts\/3163","targetHints":{"allow":["GET"]}}],"collection":[{"href":"https:\/\/conexion-mx.com\/index.php?rest_route=\/wp\/v2\/posts"}],"about":[{"href":"https:\/\/conexion-mx.com\/index.php?rest_route=\/wp\/v2\/types\/post"}],"author":[{"embeddable":true,"href":"https:\/\/conexion-mx.com\/index.php?rest_route=\/wp\/v2\/users\/2"}],"replies":[{"embeddable":true,"href":"https:\/\/conexion-mx.com\/index.php?rest_route=%2Fwp%2Fv2%2Fcomments&post=3163"}],"version-history":[{"count":0,"href":"https:\/\/conexion-mx.com\/index.php?rest_route=\/wp\/v2\/posts\/3163\/revisions"}],"wp:featuredmedia":[{"embeddable":true,"href":"https:\/\/conexion-mx.com\/index.php?rest_route=\/wp\/v2\/media\/3164"}],"wp:attachment":[{"href":"https:\/\/conexion-mx.com\/index.php?rest_route=%2Fwp%2Fv2%2Fmedia&parent=3163"}],"wp:term":[{"taxonomy":"category","embeddable":true,"href":"https:\/\/conexion-mx.com\/index.php?rest_route=%2Fwp%2Fv2%2Fcategories&post=3163"},{"taxonomy":"post_tag","embeddable":true,"href":"https:\/\/conexion-mx.com\/index.php?rest_route=%2Fwp%2Fv2%2Ftags&post=3163"}],"curies":[{"name":"wp","href":"https:\/\/api.w.org\/{rel}","templated":true}]}}