{"id":3165,"date":"2026-02-14T05:15:30","date_gmt":"2026-02-14T10:15:30","guid":{"rendered":"https:\/\/conexion-mx.com\/?p=3165"},"modified":"2026-02-14T05:15:30","modified_gmt":"2026-02-14T10:15:30","slug":"el-grupo-los-acosta-se-presentara-en-la-arena-cdmx-el-14-de-febrero","status":"publish","type":"post","link":"https:\/\/conexion-mx.com\/?p=3165","title":{"rendered":"El grupo Los Acosta se presentar\u00e1 en la Arena CDMX el 14 de febrero"},"content":{"rendered":"<p> <br \/>\n<\/p>\n<div>\n<p>Con tres d\u00e9cadas en los escenarios,<strong> Los\u00a0Acosta\u00a0prepara un concierto lleno de \u00e9xitos este 14 de febrero en la Arena Ciudad de M\u00e9xico,<\/strong> un show en el que esperan complacer a tres generaciones que hoy en d\u00eda escuchan su m\u00fasica.\u00a0<\/p>\n<blockquote>\n<p>\u201cEs maravilloso ver c\u00f3mo las personas j\u00f3venes y no tan j\u00f3venes, cantan en vivo nuestros temas, que hicimos con tanta devoci\u00f3n, emoci\u00f3n e ilusi\u00f3n, y siempre pensando en que cada uno ten\u00eda potencial\u00bb, apunt\u00f3 el integrante baterista.<\/p>\n<aside class=\"htmlinline\"\/><\/blockquote>\n<p><strong>Francisco Coss\u00edo, guitarrista de la banda<\/strong>, se\u00f1al\u00f3 que si han logrado mantenerse es porque son letras y m\u00fasica que llegan al coraz\u00f3n:<\/p>\n<blockquote>\n<p>\u201cLa m\u00fasica de Los\u00a0Acosta\u00a0es atemporal. No importa la \u00e9poca en que fueron escritas o producidas las piezas, le sigue haciendo justicia a la forma en la que fue compuesta. Por ello, la siguen disfrutando los antiguos seguidores y sus familias\u201d.<\/p>\n<\/blockquote>\n<p>Se\u00f1al\u00f3 tambi\u00e9n que las mismas personas que eran fans del grupo desde el principio, ahora le ponen sus temas \u201ca sus hijos, a estas pr\u00f3ximas generaciones, entonces ellos crecen con ese gusto de escucharlas\u201d, explic\u00f3 el guitarrista.<\/p>\n<p>Han grabado cerca de 400 canciones en su vida musical. Asegur\u00f3 que en este momento no han dejado de componer ni de crear nuevo material. Su sencillo m\u00e1s reciente lleva por nombre \u2018Hechizo mortal\u2019. Describi\u00f3 que se trata de una fusi\u00f3n de rock latino y cumbia en su discograf\u00eda.<\/p>\n<p>\u201cAh\u00ed sin perder nuestro estilo, nuestra esencia\u201d, declar\u00f3 el baterista Carlos\u00a0Acosta\u00a0al hablar sobre la mezcla de g\u00e9neros en su nueva composici\u00f3n. A\u00f1adi\u00f3 que la vida del grupo est\u00e1 en un excelente momento.<\/p>\n<p>El m\u00fasico estima que el concierto en la Arena Ciudad de M\u00e9xico ser\u00e1 muy extenso para sus seguidores. \u201cS\u00ed, son m\u00e1s de dos horas de muchas canciones y no se va a repetir ninguna porque hay mucho material que tenemos grabado\u201d, apunt\u00f3.<\/p>\n<p>No tendr\u00e1n a una banda abridora, pero s\u00ed a un comediante que se hace llamar \u201cEl Pl\u00e1tano\u201d, \u00e9l pondr\u00e1 el ambiente previo a su show.\u00a0<\/p>\n<p>Finalmente, se cuestion\u00f3 a la banda sobre los retos a la hora de componer sus letras nuevas:<\/p>\n<blockquote>\n<p>\u201cNos adaptamos a todas las \u00e9pocas y lenguajes, hemos presentado sencillos en los \u00faltimos meses y se llaman \u2018\u2019Ya borre tu contacto\u2019, \u2018Maldito TikTok\u2019 y \u2018Todo por un WhatsApp\u2019\u201d.\n<\/p>\n<\/blockquote>\n<p>Revel\u00f3 que tienen varias canciones guardadas para el futuro.<\/p>\n<blockquote>\n<p>\u201cHemos estado componiendo temas nuevos precisamente para actualizarlos\u201d, dijo el m\u00fasico.\n<\/p>\n<\/blockquote>\n<p>\u00a0<\/p>\n<p>MAAZ<\/p>\n<p>\u00a0<\/p>\n<\/p><\/div>\n<p><script>\n    !function(f,b,e,v,n,t,s)\n    {if(f.fbq)return;n=f.fbq=function(){n.callMethod?\n    n.callMethod.apply(n,arguments):n.queue.push(arguments)};\n    if(!f._fbq)f._fbq=n;n.push=n;n.loaded=!0;n.version='2.0';\n    n.queue=[];t=b.createElement(e);t.async=!0;\n    t.src=v;s=b.getElementsByTagName(e)[0];\n    s.parentNode.insertBefore(t,s)}(window, document,'script',\n    'https:\/\/connect.facebook.net\/en_US\/fbevents.js');\n    fbq('init', '237927003583820');\n    fbq('track', 'PageView');\n  <\/script><script>\n    !function(f,b,e,v,n,t,s)\n    {if(f.fbq)return;n=f.fbq=function(){n.callMethod?\n    n.callMethod.apply(n,arguments):n.queue.push(arguments)};\n    if(!f._fbq)f._fbq=n;n.push=n;n.loaded=!0;n.version='2.0';\n    n.queue=[];t=b.createElement(e);t.async=!0;\n    t.src=v;s=b.getElementsByTagName(e)[0];\n    s.parentNode.insertBefore(t,s)}(window, document,'script',\n    'https:\/\/connect.facebook.net\/en_US\/fbevents.js');\n    fbq('init', '775201487065840');\n    fbq('track', 'PageView');\n    <\/script><br \/>\n<br \/><\/p>\n","protected":false},"excerpt":{"rendered":"<p>Con tres d\u00e9cadas en los escenarios, Los\u00a0Acosta\u00a0prepara un concierto lleno de \u00e9xitos este 14 de febrero en la Arena Ciudad de M\u00e9xico, un show en el que esperan complacer a tres generaciones que hoy en d\u00eda escuchan su m\u00fasica.\u00a0 \u201cEs maravilloso ver c\u00f3mo las personas j\u00f3venes y no tan j\u00f3venes, cantan en vivo nuestros temas, [&hellip;]<\/p>\n","protected":false},"author":3,"featured_media":3166,"comment_status":"","ping_status":"","sticky":false,"template":"","format":"standard","meta":{"footnotes":""},"categories":[35],"tags":[],"class_list":["post-3165","post","type-post","status-publish","format-standard","has-post-thumbnail","hentry","category-espectaculos"],"_links":{"self":[{"href":"https:\/\/conexion-mx.com\/index.php?rest_route=\/wp\/v2\/posts\/3165","targetHints":{"allow":["GET"]}}],"collection":[{"href":"https:\/\/conexion-mx.com\/index.php?rest_route=\/wp\/v2\/posts"}],"about":[{"href":"https:\/\/conexion-mx.com\/index.php?rest_route=\/wp\/v2\/types\/post"}],"author":[{"embeddable":true,"href":"https:\/\/conexion-mx.com\/index.php?rest_route=\/wp\/v2\/users\/3"}],"replies":[{"embeddable":true,"href":"https:\/\/conexion-mx.com\/index.php?rest_route=%2Fwp%2Fv2%2Fcomments&post=3165"}],"version-history":[{"count":0,"href":"https:\/\/conexion-mx.com\/index.php?rest_route=\/wp\/v2\/posts\/3165\/revisions"}],"wp:featuredmedia":[{"embeddable":true,"href":"https:\/\/conexion-mx.com\/index.php?rest_route=\/wp\/v2\/media\/3166"}],"wp:attachment":[{"href":"https:\/\/conexion-mx.com\/index.php?rest_route=%2Fwp%2Fv2%2Fmedia&parent=3165"}],"wp:term":[{"taxonomy":"category","embeddable":true,"href":"https:\/\/conexion-mx.com\/index.php?rest_route=%2Fwp%2Fv2%2Fcategories&post=3165"},{"taxonomy":"post_tag","embeddable":true,"href":"https:\/\/conexion-mx.com\/index.php?rest_route=%2Fwp%2Fv2%2Ftags&post=3165"}],"curies":[{"name":"wp","href":"https:\/\/api.w.org\/{rel}","templated":true}]}}