{"id":3171,"date":"2026-02-14T17:26:58","date_gmt":"2026-02-14T22:26:58","guid":{"rendered":"https:\/\/conexion-mx.com\/?p=3171"},"modified":"2026-02-14T17:26:58","modified_gmt":"2026-02-14T22:26:58","slug":"arranca-la-compania-nacional-de-danza-su-temporada-en-la-unam","status":"publish","type":"post","link":"https:\/\/conexion-mx.com\/?p=3171","title":{"rendered":"Arranca la Compa\u00f1\u00eda Nacional de Danza su temporada en la UNAM"},"content":{"rendered":"<p> <br \/>\n<\/p>\n<div>\n<p>La <strong>Compa\u00f1\u00eda Nacional de Danza <\/strong>inicia su temporada 2026 el 13 y 14 de febrero en la <strong>Sala Miguel Covarrubias del Centro Cultural Universitario,<\/strong> con una Gala Contempor\u00e1nea que marca el pulso del a\u00f1o. La apertura en la <strong>UNAM <\/strong>no es un gesto menor: sit\u00faa el arranque fuera del <strong>Palacio de Bellas Artes<\/strong> y apuesta por un programa que cruza generaciones y est\u00e9ticas.<\/p>\n<blockquote>\n<p>\u201cCada programa de la Temporada 2026 fue curado para tender puentes entre el repertorio cl\u00e1sico y las nuevas miradas de la creaci\u00f3n contempor\u00e1nea, siempre con el p\u00fablico en el centro\u201d, afirm\u00f3 <strong>Erick Rodr\u00edguez,<\/strong> director art\u00edstico de la agrupaci\u00f3n.<\/p>\n<aside class=\"htmlinline\"\/><\/blockquote>\n<p>La gala re\u00fane a creadoras y creadores nacionales e internacionales. D\u00e9j\u00e0, de <strong>Edgar Zendejas<\/strong>, parte de una idea precisa: \u201ctoda obra o manifestaci\u00f3n art\u00edstica, en mi opini\u00f3n, es algo que ya existe, nosotros s\u00f3lo somos el medio o el instrumento para darle vida en este plano f\u00edsico\u201d.<\/p>\n<p>La pieza, creada en colaboraci\u00f3n con las y los bailarines, dialoga con <strong>Love, Fear, Loss, de Ricardo Amarante<\/strong>, inspirada en la vida y m\u00fasica de <strong>Edith Piaf; <\/strong>Underground, de <strong>Jacqueline L\u00f3pez,<\/strong> que imagina una supervivencia bajo tierra tras un colapso; Mare Crisium, del armenio <strong>Arshak Ghalumyan<\/strong>, sobre la energ\u00eda femenina entre la Luna y el mar; y V\u00e9rtigo, de <strong>Sonia Jim\u00e9nez<\/strong>, con m\u00fasica de <strong>Arturo M\u00e1rquez<\/strong>.<\/p>\n<p>Rodr\u00edguez ha planteado una ruta anual que alterna tradici\u00f3n y riesgo. Tras febrero, la compa\u00f1\u00eda volver\u00e1 al Palacio de Bellas Artes con La S\u00edlfide y El Escoc\u00e9s; en abril y mayo coproducir\u00e1 con la Compa\u00f1\u00eda Nacional de \u00d3pera El amor brujo | La vida breve, de Manuel de Falla; en verano regresar\u00e1 La Cenicienta; en octubre se presentar\u00e1 Lago de los cisnes en el Auditorio Nacional; y en noviembre llegar\u00e1 una Gala Balanchine. El cierre ser\u00e1, como cada a\u00f1o, El Cascanueces en diciembre.<\/p>\n<blockquote>\n<p>\u201cQueremos que la danza sea una experiencia cercana y significativa, que conmueva, despierte curiosidad y haga sentir bienvenidas a personas de todas las edades y trayectorias\u201d, sostuvo Rodr\u00edguez.<\/p>\n<\/blockquote>\n<p>La temporada, m\u00e1s que un listado de t\u00edtulos, perfila una declaraci\u00f3n: la danza como conversaci\u00f3n p\u00fablica a lo largo de todo el a\u00f1o.<\/p>\n<p>\u00a0<\/p>\n<p>MAAZ<\/p>\n<p>\u00a0<\/p>\n<\/p><\/div>\n<p><script>\n    !function(f,b,e,v,n,t,s)\n    {if(f.fbq)return;n=f.fbq=function(){n.callMethod?\n    n.callMethod.apply(n,arguments):n.queue.push(arguments)};\n    if(!f._fbq)f._fbq=n;n.push=n;n.loaded=!0;n.version='2.0';\n    n.queue=[];t=b.createElement(e);t.async=!0;\n    t.src=v;s=b.getElementsByTagName(e)[0];\n    s.parentNode.insertBefore(t,s)}(window, document,'script',\n    'https:\/\/connect.facebook.net\/en_US\/fbevents.js');\n    fbq('init', '237927003583820');\n    fbq('track', 'PageView');\n  <\/script><br \/>\n<br \/><\/p>\n","protected":false},"excerpt":{"rendered":"<p>La Compa\u00f1\u00eda Nacional de Danza inicia su temporada 2026 el 13 y 14 de febrero en la Sala Miguel Covarrubias del Centro Cultural Universitario, con una Gala Contempor\u00e1nea que marca el pulso del a\u00f1o. La apertura en la UNAM no es un gesto menor: sit\u00faa el arranque fuera del Palacio de Bellas Artes y apuesta [&hellip;]<\/p>\n","protected":false},"author":4,"featured_media":3172,"comment_status":"","ping_status":"","sticky":false,"template":"","format":"standard","meta":{"footnotes":""},"categories":[33],"tags":[],"class_list":["post-3171","post","type-post","status-publish","format-standard","has-post-thumbnail","hentry","category-cultura"],"_links":{"self":[{"href":"https:\/\/conexion-mx.com\/index.php?rest_route=\/wp\/v2\/posts\/3171","targetHints":{"allow":["GET"]}}],"collection":[{"href":"https:\/\/conexion-mx.com\/index.php?rest_route=\/wp\/v2\/posts"}],"about":[{"href":"https:\/\/conexion-mx.com\/index.php?rest_route=\/wp\/v2\/types\/post"}],"author":[{"embeddable":true,"href":"https:\/\/conexion-mx.com\/index.php?rest_route=\/wp\/v2\/users\/4"}],"replies":[{"embeddable":true,"href":"https:\/\/conexion-mx.com\/index.php?rest_route=%2Fwp%2Fv2%2Fcomments&post=3171"}],"version-history":[{"count":0,"href":"https:\/\/conexion-mx.com\/index.php?rest_route=\/wp\/v2\/posts\/3171\/revisions"}],"wp:featuredmedia":[{"embeddable":true,"href":"https:\/\/conexion-mx.com\/index.php?rest_route=\/wp\/v2\/media\/3172"}],"wp:attachment":[{"href":"https:\/\/conexion-mx.com\/index.php?rest_route=%2Fwp%2Fv2%2Fmedia&parent=3171"}],"wp:term":[{"taxonomy":"category","embeddable":true,"href":"https:\/\/conexion-mx.com\/index.php?rest_route=%2Fwp%2Fv2%2Fcategories&post=3171"},{"taxonomy":"post_tag","embeddable":true,"href":"https:\/\/conexion-mx.com\/index.php?rest_route=%2Fwp%2Fv2%2Ftags&post=3171"}],"curies":[{"name":"wp","href":"https:\/\/api.w.org\/{rel}","templated":true}]}}