{"id":3173,"date":"2026-02-14T19:43:03","date_gmt":"2026-02-15T00:43:03","guid":{"rendered":"https:\/\/conexion-mx.com\/?p=3173"},"modified":"2026-02-14T19:43:03","modified_gmt":"2026-02-15T00:43:03","slug":"que-paso-hoy-14-de-febrero-en-la-autopista-chamapa-lecheria","status":"publish","type":"post","link":"https:\/\/conexion-mx.com\/?p=3173","title":{"rendered":"\u00bfQu\u00e9 pas\u00f3 HOY 14 de febrero en la Autopista Chamapa-Lecheria?"},"content":{"rendered":"<p> <br \/>\n<\/p>\n<div itemprop=\"articleBody\">\n<div class=\"txt_contenido\">\n<p>\u00bfTe diriges hacia la zona del Estado de M\u00e9xico? Toma precauciones debido a que se ha registrado un incendio en la <strong>Autopista Chamapa-Lecher\u00eda,<\/strong> por lo que elementos de <strong>Protecci\u00f3n Civil<\/strong> exhortan a la ciudadan\u00eda a evitar la zona y dejar que las maniobras de sofocaci\u00f3n se realicen.\u00a0<\/p>\n<p>De acuerdo con los primeros reportes,\u00a0en la <strong>Autopista Chamapa-Lecheria,<\/strong> atr\u00e1s de la Plaza Galer\u00edas, se report\u00f3 un incendio en <strong>una zona de pastizal. <\/strong>La afectaci\u00f3n en ambos sentidos ocurri\u00f3 a la altura del kil\u00f3metro 14 provocando poca <strong>visibilidad para los conductores.\u00a0<\/strong><\/p>\n<aside class=\"htmlinline\"\/>\n<blockquote>\n<p>\u00abCuerpos de emergencia se encuentran laborando en un incendio de pastizal en la Autopista Chamapa-Lecheria , atr\u00e1s de la Plaza Galer\u00eda\u00bb, se lee en la publicaci\u00f3n del C5 del Estado de M\u00e9xico<\/p>\n<aside class=\"relacionadas con-foto linea-1078\"><strong class=\"relacionadas-titulo-gral\">Noticias Relacionadas<\/strong><\/aside>\n<\/blockquote>\n<p>Fue alrededor de las 17:29 horas cuando\u00a0<strong>Caminos y Puentes Federales de Ingresos y Servicios Conexos (CAPUFE) <\/strong>anunciaron que se restablecieron la circulaci\u00f3n <strong>en ambos sentidos. <\/strong>Se pide a los conductores tomar <strong>precauciones y respetar las las se\u00f1ales de velocidad.\u00a0<\/strong><\/p>\n<p>\u00a0<\/p>\n<\/p><\/div>\n<\/p><\/div>\n<p><script>\n    !function(f,b,e,v,n,t,s)\n    {if(f.fbq)return;n=f.fbq=function(){n.callMethod?\n    n.callMethod.apply(n,arguments):n.queue.push(arguments)};\n    if(!f._fbq)f._fbq=n;n.push=n;n.loaded=!0;n.version='2.0';\n    n.queue=[];t=b.createElement(e);t.async=!0;\n    t.src=v;s=b.getElementsByTagName(e)[0];\n    s.parentNode.insertBefore(t,s)}(window, document,'script',\n    'https:\/\/connect.facebook.net\/en_US\/fbevents.js');\n    fbq('init', '237927003583820');\n    fbq('track', 'PageView');\n  <\/script><script>\n    !function(f,b,e,v,n,t,s)\n    {if(f.fbq)return;n=f.fbq=function(){n.callMethod?\n    n.callMethod.apply(n,arguments):n.queue.push(arguments)};\n    if(!f._fbq)f._fbq=n;n.push=n;n.loaded=!0;n.version='2.0';\n    n.queue=[];t=b.createElement(e);t.async=!0;\n    t.src=v;s=b.getElementsByTagName(e)[0];\n    s.parentNode.insertBefore(t,s)}(window, document,'script',\n    'https:\/\/connect.facebook.net\/en_US\/fbevents.js');\n    fbq('init', '802372280934901');\n    fbq('track', 'PageView');\n    <\/script><br \/>\n<br \/><\/p>\n","protected":false},"excerpt":{"rendered":"<p>\u00bfTe diriges hacia la zona del Estado de M\u00e9xico? Toma precauciones debido a que se ha registrado un incendio en la Autopista Chamapa-Lecher\u00eda, por lo que elementos de Protecci\u00f3n Civil exhortan a la ciudadan\u00eda a evitar la zona y dejar que las maniobras de sofocaci\u00f3n se realicen.\u00a0 De acuerdo con los primeros reportes,\u00a0en la Autopista [&hellip;]<\/p>\n","protected":false},"author":2,"featured_media":3174,"comment_status":"","ping_status":"","sticky":false,"template":"","format":"standard","meta":{"footnotes":""},"categories":[2],"tags":[],"class_list":["post-3173","post","type-post","status-publish","format-standard","has-post-thumbnail","hentry","category-local"],"_links":{"self":[{"href":"https:\/\/conexion-mx.com\/index.php?rest_route=\/wp\/v2\/posts\/3173","targetHints":{"allow":["GET"]}}],"collection":[{"href":"https:\/\/conexion-mx.com\/index.php?rest_route=\/wp\/v2\/posts"}],"about":[{"href":"https:\/\/conexion-mx.com\/index.php?rest_route=\/wp\/v2\/types\/post"}],"author":[{"embeddable":true,"href":"https:\/\/conexion-mx.com\/index.php?rest_route=\/wp\/v2\/users\/2"}],"replies":[{"embeddable":true,"href":"https:\/\/conexion-mx.com\/index.php?rest_route=%2Fwp%2Fv2%2Fcomments&post=3173"}],"version-history":[{"count":0,"href":"https:\/\/conexion-mx.com\/index.php?rest_route=\/wp\/v2\/posts\/3173\/revisions"}],"wp:featuredmedia":[{"embeddable":true,"href":"https:\/\/conexion-mx.com\/index.php?rest_route=\/wp\/v2\/media\/3174"}],"wp:attachment":[{"href":"https:\/\/conexion-mx.com\/index.php?rest_route=%2Fwp%2Fv2%2Fmedia&parent=3173"}],"wp:term":[{"taxonomy":"category","embeddable":true,"href":"https:\/\/conexion-mx.com\/index.php?rest_route=%2Fwp%2Fv2%2Fcategories&post=3173"},{"taxonomy":"post_tag","embeddable":true,"href":"https:\/\/conexion-mx.com\/index.php?rest_route=%2Fwp%2Fv2%2Ftags&post=3173"}],"curies":[{"name":"wp","href":"https:\/\/api.w.org\/{rel}","templated":true}]}}