{"id":3185,"date":"2026-02-16T05:37:33","date_gmt":"2026-02-16T10:37:33","guid":{"rendered":"https:\/\/conexion-mx.com\/?p=3185"},"modified":"2026-02-16T05:37:33","modified_gmt":"2026-02-16T10:37:33","slug":"talent-land-llega-a-la-ciudad-de-mexico","status":"publish","type":"post","link":"https:\/\/conexion-mx.com\/?p=3185","title":{"rendered":"Talent Land llega a la Ciudad de M\u00e9xico"},"content":{"rendered":"<p> <br \/>\n<\/p>\n<div>\n<p>Durante tres d\u00edas, la <strong>Ciudad de M\u00e9xico<\/strong> se convertir\u00e1 en la capital de las propuestas tecnol\u00f3gicas que se convertir\u00e1n en la cotidianeidad del futuro, mediante muestras, conferencias, charlas y concursos.<\/p>\n<p>Y es que, por primera vez en ocho a\u00f1os, <strong>Talent Land<\/strong>, el evento que re\u00fane a lo mejor de la tecnolog\u00eda, a los nuevos talentos y los creativos m\u00e1s famosos, cambia su sede en la Perla Tapat\u00eda para trasladarse a Expo Santa Fe.<\/p>\n<aside class=\"htmlinline\"\/>\n<blockquote>\n<p>\u201cEstamos muy emocionados de este salto cu\u00e1ntico que estamos dando con la llegada de Talent Land a la Ciudad de M\u00e9xico. Es la novena edici\u00f3n del evento, pero la primera que suceder\u00e1 ac\u00e1, del 7 al 9 de abril en Expo Santa Fe.\u00a0<\/p>\n<p>\u201cEn esta ocasi\u00f3n venimos con un formato muy similar a lo que ten\u00edamos con las tierras tem\u00e1ticas, que en esta ocasi\u00f3n ser\u00e1n seis. Conservaremos la parte business, la parte de investor, la parte de health, la parte creator, la parte de de los developers y la parte de future, que se vuelve muy destacada en temas de tendencias y futuro\u201d, explica, en entrevista exclusiva para El Heraldo de M\u00e9xico, <strong>Iv\u00e1n Mill\u00e1n<\/strong>, <strong>organizador del evento<\/strong>.<\/p>\n<\/blockquote>\n<h2>Una fuente de inspiraci\u00f3n<\/h2>\n<p>Una de los mayores atractivos de este evento, que se realizar\u00e1 del 7 al 9 de abril en <strong>Expo Santa Fe<\/strong>, es su interactividad porque, adem\u00e1s de escuchar a conferencistas l\u00edderes en su ramo, tambi\u00e9n podr\u00e1s probar tus habilidades.<\/p>\n<blockquote>\n<p>\u201cTalent Land es un evento para inspirarse con los contenidos, pero tambi\u00e9n es un evento para demostrar tu talento participando en algunas de las actividades que tenemos, que van desde los hackatones, donde puedes dar soluci\u00f3n a problem\u00e1ticas que te plantean, hasta din\u00e1micas de emprendimiento para recibir alg\u00fan incentivo.<\/p>\n<p>\u201cEn la edici\u00f3n de M\u00e9xico estaremos presentando una plataforma que podr\u00e1n utilizar todos los participantes, Talent DNA, con la cual podr\u00e1n describir un poco qui\u00e9nes son, qu\u00e9 est\u00e1n buscando, cu\u00e1les son sus intereses\u201d, <strong>a\u00f1ade<\/strong>.<\/p>\n<\/blockquote>\n<p><strong>Talent Land<\/strong> no es solo un evento para j\u00f3venes, pues abre las puertas para personas que ya se encuentran en el campo de trabajo y quieren conocer las nuevas tendencias para no quedarse atr\u00e1s.<\/p>\n<blockquote>\n<p>\u201cCon el paso de los a\u00f1os hemos estado recibiendo ya tambi\u00e9n un porcentaje importante de profesionales y estamos seguros que en la Ciudad de M\u00e9xico seguramente la mitad ser\u00e1n ingenieros y probablemente podr\u00e1n ser profesionistas, dado que en la \u00faltima edici\u00f3n de Jalisco, el 30 por ciento eran profesionales de alrededor de 35 a\u00f1os.<\/p>\n<p>\u201cLos contenidos son interesantes para j\u00f3venes adultos y dentro de los contenidos que tenemos se habla mucho de todo lo que tenemos que seguir aprendiendo con nuevas tendencias y tecnolog\u00edas para estar preparados para el futuro laboral\u201d, <strong>concluy\u00f3<\/strong>.\n<\/p>\n<\/blockquote><\/div>\n<p><script>\n    !function(f,b,e,v,n,t,s)\n    {if(f.fbq)return;n=f.fbq=function(){n.callMethod?\n    n.callMethod.apply(n,arguments):n.queue.push(arguments)};\n    if(!f._fbq)f._fbq=n;n.push=n;n.loaded=!0;n.version='2.0';\n    n.queue=[];t=b.createElement(e);t.async=!0;\n    t.src=v;s=b.getElementsByTagName(e)[0];\n    s.parentNode.insertBefore(t,s)}(window, document,'script',\n    'https:\/\/connect.facebook.net\/en_US\/fbevents.js');\n    fbq('init', '237927003583820');\n    fbq('track', 'PageView');\n  <\/script><br \/>\n<br \/><\/p>\n","protected":false},"excerpt":{"rendered":"<p>Durante tres d\u00edas, la Ciudad de M\u00e9xico se convertir\u00e1 en la capital de las propuestas tecnol\u00f3gicas que se convertir\u00e1n en la cotidianeidad del futuro, mediante muestras, conferencias, charlas y concursos. Y es que, por primera vez en ocho a\u00f1os, Talent Land, el evento que re\u00fane a lo mejor de la tecnolog\u00eda, a los nuevos talentos [&hellip;]<\/p>\n","protected":false},"author":4,"featured_media":3186,"comment_status":"","ping_status":"","sticky":false,"template":"","format":"standard","meta":{"footnotes":""},"categories":[36],"tags":[],"class_list":["post-3185","post","type-post","status-publish","format-standard","has-post-thumbnail","hentry","category-tecnologia"],"_links":{"self":[{"href":"https:\/\/conexion-mx.com\/index.php?rest_route=\/wp\/v2\/posts\/3185","targetHints":{"allow":["GET"]}}],"collection":[{"href":"https:\/\/conexion-mx.com\/index.php?rest_route=\/wp\/v2\/posts"}],"about":[{"href":"https:\/\/conexion-mx.com\/index.php?rest_route=\/wp\/v2\/types\/post"}],"author":[{"embeddable":true,"href":"https:\/\/conexion-mx.com\/index.php?rest_route=\/wp\/v2\/users\/4"}],"replies":[{"embeddable":true,"href":"https:\/\/conexion-mx.com\/index.php?rest_route=%2Fwp%2Fv2%2Fcomments&post=3185"}],"version-history":[{"count":0,"href":"https:\/\/conexion-mx.com\/index.php?rest_route=\/wp\/v2\/posts\/3185\/revisions"}],"wp:featuredmedia":[{"embeddable":true,"href":"https:\/\/conexion-mx.com\/index.php?rest_route=\/wp\/v2\/media\/3186"}],"wp:attachment":[{"href":"https:\/\/conexion-mx.com\/index.php?rest_route=%2Fwp%2Fv2%2Fmedia&parent=3185"}],"wp:term":[{"taxonomy":"category","embeddable":true,"href":"https:\/\/conexion-mx.com\/index.php?rest_route=%2Fwp%2Fv2%2Fcategories&post=3185"},{"taxonomy":"post_tag","embeddable":true,"href":"https:\/\/conexion-mx.com\/index.php?rest_route=%2Fwp%2Fv2%2Ftags&post=3185"}],"curies":[{"name":"wp","href":"https:\/\/api.w.org\/{rel}","templated":true}]}}