{"id":3189,"date":"2026-02-16T07:01:18","date_gmt":"2026-02-16T12:01:18","guid":{"rendered":"https:\/\/conexion-mx.com\/?p=3189"},"modified":"2026-02-16T07:01:18","modified_gmt":"2026-02-16T12:01:18","slug":"la-sinfonica-nacional-apuesta-por-los-compositores-mexicanos","status":"publish","type":"post","link":"https:\/\/conexion-mx.com\/?p=3189","title":{"rendered":"La Sinf\u00f3nica Nacional apuesta por los compositores mexicanos"},"content":{"rendered":"<p> <br \/>\n<\/p>\n<div>\n<p>Tras cerrar 2025 con un crecimiento del 7 por ciento en asistencia, la <strong>Orquesta Sinf\u00f3nica Nacional (OSN)<\/strong> inicia su Primera Temporada 2026, que se lleva a cabo del 13 de febrero al 28 de junio, con una apuesta clara: m\u00e1s m\u00fasica mexicana, mayor presencia de mujeres en el podio y en el pentagrama, nuevas grabaciones y la consolidaci\u00f3n de un premio nacional para solistas, explica su director titular y art\u00edstico, <strong>Ludwig Carrasco<\/strong>.<\/p>\n<blockquote>\n<p>\u201cEn la mayor\u00eda de los programas incluiremos al menos una obra de compositores mexicanos, porque queremos que la OSN sea una plataforma id\u00f3nea de difusi\u00f3n de la m\u00fasica mexicana\u201d, subraya.<\/p>\n<aside class=\"htmlinline\"\/><\/blockquote>\n<p>El homenaje a <strong>Manuel Enr\u00edquez<\/strong> (1926-1994), en el marco del centenario de su nacimiento, abre el Programa 1 con Rapsodia latinoamericana, a ello se suman el estreno en M\u00e9xico del Concierto para guitarra n\u00fam. 3, de Eduardo Angulo; el rescate de la Sinfon\u00eda Tropical, de <strong>Jacobo Kostakovsky,<\/strong> \u201cque llevaba d\u00e9cadas sin interpretarse\u201d; as\u00ed como obras de <strong>Lilia V\u00e1zquez Kuntze, Marcela Rodr\u00edguez y Gabriela Ortiz.<\/strong><\/p>\n<p>De manera especial, Carrasco destaca el Programa 8, Concierto para las Infancias, que se realiza el 3 de mayo bajo la direcci\u00f3n de Rodrigo S\u00e1mano, con obras como Pedro y el lobo, de <strong>Sergei Prokofiev<\/strong>: \u201cEs un concierto pensado para que ni\u00f1as y ni\u00f1os se acerquen a la m\u00fasica sinf\u00f3nica de forma l\u00fadica y memorable\u201d.<\/p>\n<p>Asimismo, el Programa 14, destaca, est\u00e1 dedicado \u00edntegramente a la m\u00fasica mexicana, con piezas como Fiestas, de <strong>H\u00e9ctor Quintanar; <\/strong>Danza negra, de Salvador Contreras; Danz\u00f3n n\u00fam. 2, de<strong> Arturo M\u00e1rquez;<\/strong> y Noche de los Mayas, de Silvestre Revueltas.<\/p>\n<blockquote>\n<p>\u201cQueremos seguir produciendo repertorio nuevo y mantener viva la creaci\u00f3n sinf\u00f3nica. No podemos depender \u00fanicamente de los grandes cl\u00e1sicos; necesitamos dialogar con nuestro tiempo\u201d, afirma Carrasco.<\/p>\n<\/blockquote>\n<p>La temporada tambi\u00e9n incluye la realizaci\u00f3n del segundo Premio de Interpretaci\u00f3n de la OSN, dirigido a solistas de todo el pa\u00eds, cuyos ganadores pueden debutar con la orquesta: \u201cQueremos abrir oportunidades reales a los talentos nacionales\u201d.<\/p>\n<p>Entre las compositoras programadas figuran <strong>Lilia V\u00e1zquez Kuntze, Marcela Rodr\u00edguez y Gabriela Ortiz (M\u00e9xico); Ethel Smyth (Inglaterra); Deborah Cheetham Fraillon (Australia); y Agathe Backer-Grondahl (Noruega)<\/strong>, de quien se realiza el estreno en M\u00e9xico de su obra Scherzo.<\/p>\n<p>En el \u00e1mbito vocal participar\u00e1n la soprano Anabel de la Mora y la mezzosoprano Justina Gringyte:<\/p>\n<blockquote>\n<p>\u201cSon voces que enriquecen el panorama y demuestran que el talento no tiene g\u00e9nero\u201d.\n<\/p>\n<\/blockquote>\n<p>La temporada tambi\u00e9n da espacio a directores mexicanos con proyecci\u00f3n internacional, como Alondra de la Parra y Rodrigo S\u00e1mano, adem\u00e1s del regreso al p\u00f3dium del maestro Jorge Mester.<\/p>\n<blockquote>\n<p>\u201cEs fundamental propiciar la presencia de directores mexicanos j\u00f3venes que est\u00e1n destacando fuera del pa\u00eds, y al mismo tiempo reconocer a quienes han construido nuestra tradici\u00f3n\u201d, explica.\n<\/p>\n<\/blockquote>\n<p>Entre los invitados especiales destacan Iv\u00e1n L\u00f3pez Reynoso (director), Manuel Hern\u00e1ndez (clarinete), Pablo Garibay (guitarra) y H\u00e9ctor Guzm\u00e1n (\u00f3rgano), as\u00ed como el pianista Jorge Federico Osorio y el tenor Ram\u00f3n Vargas.<\/p>\n<p>Adem\u00e1s de la programaci\u00f3n en sala, la OSN emprende este a\u00f1o una serie de grabaciones dedicadas a m\u00fasica mexicana, cuyos detalles se van a dar a conocer m\u00e1s adelante: \u201cEs un paso importante para documentar y proyectar nuestro repertorio\u201d.<\/p>\n<p>Por otra parte, el director orquestal destaca que en junio, la OSN celebra los 60 a\u00f1os de relaciones entre M\u00e9xico y Australia, con la participaci\u00f3n de la directora australiana Jessica Cottis y la obra Earth, de Deborah Cheetham Fraillon.<\/p>\n<blockquote>\n<p>\u201cLa m\u00fasica funciona como un puente cultural. Este programa conecta naturaleza, culturas originarias y una visi\u00f3n contempor\u00e1nea del mundo\u201d, destaca Ludwig Carrasco.\n<\/p>\n<\/blockquote>\n<p>Con 16 programas, grabaciones en puerta, un premio nacional y una presencia femenina hist\u00f3rica, la OSN tiene una meta clara:<\/p>\n<blockquote>\n<p>\u201cMantener viva la llama de la m\u00fasica sinf\u00f3nica en di\u00e1logo con nuestra sociedad\u201d.\n<\/p>\n<\/blockquote>\n<p>\u00a0<\/p>\n<h2><strong>A DETALLE<\/strong><\/h2>\n<ul>\n<li>La Primera Temporada de la OSN se conforma por 16 programas.<\/li>\n<li>Es el tercer a\u00f1o de Ludwig Carrasco al frente de la orquesta.<\/li>\n<\/ul>\n<p>\u00a0<\/p>\n<p>MAAZ<\/p>\n<p>\u00a0<\/p>\n<\/p><\/div>\n<p><script>\n    !function(f,b,e,v,n,t,s)\n    {if(f.fbq)return;n=f.fbq=function(){n.callMethod?\n    n.callMethod.apply(n,arguments):n.queue.push(arguments)};\n    if(!f._fbq)f._fbq=n;n.push=n;n.loaded=!0;n.version='2.0';\n    n.queue=[];t=b.createElement(e);t.async=!0;\n    t.src=v;s=b.getElementsByTagName(e)[0];\n    s.parentNode.insertBefore(t,s)}(window, document,'script',\n    'https:\/\/connect.facebook.net\/en_US\/fbevents.js');\n    fbq('init', '237927003583820');\n    fbq('track', 'PageView');\n  <\/script><br \/>\n<br \/><\/p>\n","protected":false},"excerpt":{"rendered":"<p>Tras cerrar 2025 con un crecimiento del 7 por ciento en asistencia, la Orquesta Sinf\u00f3nica Nacional (OSN) inicia su Primera Temporada 2026, que se lleva a cabo del 13 de febrero al 28 de junio, con una apuesta clara: m\u00e1s m\u00fasica mexicana, mayor presencia de mujeres en el podio y en el pentagrama, nuevas grabaciones [&hellip;]<\/p>\n","protected":false},"author":4,"featured_media":3190,"comment_status":"","ping_status":"","sticky":false,"template":"","format":"standard","meta":{"footnotes":""},"categories":[33],"tags":[],"class_list":["post-3189","post","type-post","status-publish","format-standard","has-post-thumbnail","hentry","category-cultura"],"_links":{"self":[{"href":"https:\/\/conexion-mx.com\/index.php?rest_route=\/wp\/v2\/posts\/3189","targetHints":{"allow":["GET"]}}],"collection":[{"href":"https:\/\/conexion-mx.com\/index.php?rest_route=\/wp\/v2\/posts"}],"about":[{"href":"https:\/\/conexion-mx.com\/index.php?rest_route=\/wp\/v2\/types\/post"}],"author":[{"embeddable":true,"href":"https:\/\/conexion-mx.com\/index.php?rest_route=\/wp\/v2\/users\/4"}],"replies":[{"embeddable":true,"href":"https:\/\/conexion-mx.com\/index.php?rest_route=%2Fwp%2Fv2%2Fcomments&post=3189"}],"version-history":[{"count":0,"href":"https:\/\/conexion-mx.com\/index.php?rest_route=\/wp\/v2\/posts\/3189\/revisions"}],"wp:featuredmedia":[{"embeddable":true,"href":"https:\/\/conexion-mx.com\/index.php?rest_route=\/wp\/v2\/media\/3190"}],"wp:attachment":[{"href":"https:\/\/conexion-mx.com\/index.php?rest_route=%2Fwp%2Fv2%2Fmedia&parent=3189"}],"wp:term":[{"taxonomy":"category","embeddable":true,"href":"https:\/\/conexion-mx.com\/index.php?rest_route=%2Fwp%2Fv2%2Fcategories&post=3189"},{"taxonomy":"post_tag","embeddable":true,"href":"https:\/\/conexion-mx.com\/index.php?rest_route=%2Fwp%2Fv2%2Ftags&post=3189"}],"curies":[{"name":"wp","href":"https:\/\/api.w.org\/{rel}","templated":true}]}}