{"id":3201,"date":"2026-02-17T17:29:20","date_gmt":"2026-02-17T22:29:20","guid":{"rendered":"https:\/\/conexion-mx.com\/?p=3201"},"modified":"2026-02-17T17:29:20","modified_gmt":"2026-02-17T22:29:20","slug":"participamos-con-propuestas-pero-la-redaccion-final-de-la-reforma-electoral-sera-del-ejecutivo-verde","status":"publish","type":"post","link":"https:\/\/conexion-mx.com\/?p=3201","title":{"rendered":"Participamos con propuestas, pero la redacci\u00f3n final de la reforma electoral ser\u00e1 del Ejecutivo: Verde"},"content":{"rendered":"<p> <br \/>\n<\/p>\n<div itemprop=\"articleBody\">\n<div class=\"txt_contenido\">\n<p>El coordinador del <strong>Partido Verde<\/strong> en la C\u00e1mara de Diputados, Carlos Puente Salas, rechaz\u00f3 conocer el borrador de la iniciativa de reforma electoral que recibi\u00f3 la presidenta de M\u00e9xico, <strong>Claudia Sheinbaum.\u00a0<\/strong><\/p>\n<p>Y es que afirm\u00f3 que su bancada particip\u00f3 en la mesa de di\u00e1logo convocada por el <strong>Ejecutivo<\/strong> para analizarla, pero aclar\u00f3 que no hubo una redacci\u00f3n conjunta de la iniciativa y que la propuesta final corresponder\u00e1 exclusivamente al <strong>Ejecutivo Federal<\/strong>. Dej\u00f3 en claro que cada fuerza pol\u00edtica expuso sus prioridades, y est\u00e1n a la expectativa de si alguna se tom\u00f3 en cuenta por las autoridades federales.\u00a0<\/p>\n<aside class=\"htmlinline\"\/>\n<blockquote>\n<p>\u201cNo est\u00e1bamos construyendo una redacci\u00f3n de manera conjunta. Quien la va a presentar el Poder Ejecutivo. Fuimos platicando donde nosotros vemos, los pros, los contras de cada uno de los temas. Bueno ser\u00e1 una valoraci\u00f3n y una facultad del Poder Ejecutivo, reconozco la apertura que tuvieron para con nosotros para invitarnos a la mesa, escucharnos, tomarnos en cuenta\u201d, puntualiz\u00f3.<\/p>\n<aside class=\"relacionadas con-foto linea-1078\"><strong class=\"relacionadas-titulo-gral\">Noticias Relacionadas<\/strong><\/aside>\n<\/blockquote>\n<p>Explic\u00f3 que plante\u00f3 diversos temas, entre ellos fiscalizaci\u00f3n, blindaje de los procesos electorales y mecanismos para evitar la intervenci\u00f3n del crimen organizado en el financiamiento de campa\u00f1as. Sin embargo, insisti\u00f3 en que la definici\u00f3n final del texto ser\u00e1 facultad de la titular del Ejecutivo, Claudia Sheinbaum.\u00a0<\/p>\n<blockquote>\n<p>\u201cVamos a esperar cu\u00e1l es la decisi\u00f3n final del Poder Ejecutivo, cu\u00e1l es el texto y la redacci\u00f3n que habr\u00e1n de enviarlo al Congreso de la Uni\u00f3n\u201d, sostuvo.<\/p>\n<\/blockquote>\n<p>Afirm\u00f3, y asegur\u00f3 que la alianza con <strong>Morena<\/strong> y el <strong>PT<\/strong> \u201cest\u00e1 m\u00e1s s\u00f3lida y m\u00e1s firme que nunca. Hay alianza para largo\u2026 y vamos a ganar en el 2027, mayor\u00eda calificada\u201d, concluy\u00f3.<\/p>\n<h2><u>Te puede interesar:<\/u><\/h2>\n<p>CS<\/p>\n<\/p><\/div>\n<\/p><\/div>\n<p><script>\n    !function(f,b,e,v,n,t,s)\n    {if(f.fbq)return;n=f.fbq=function(){n.callMethod?\n    n.callMethod.apply(n,arguments):n.queue.push(arguments)};\n    if(!f._fbq)f._fbq=n;n.push=n;n.loaded=!0;n.version='2.0';\n    n.queue=[];t=b.createElement(e);t.async=!0;\n    t.src=v;s=b.getElementsByTagName(e)[0];\n    s.parentNode.insertBefore(t,s)}(window, document,'script',\n    'https:\/\/connect.facebook.net\/en_US\/fbevents.js');\n    fbq('init', '237927003583820');\n    fbq('track', 'PageView');\n  <\/script><script>\n    !function(f,b,e,v,n,t,s)\n    {if(f.fbq)return;n=f.fbq=function(){n.callMethod?\n    n.callMethod.apply(n,arguments):n.queue.push(arguments)};\n    if(!f._fbq)f._fbq=n;n.push=n;n.loaded=!0;n.version='2.0';\n    n.queue=[];t=b.createElement(e);t.async=!0;\n    t.src=v;s=b.getElementsByTagName(e)[0];\n    s.parentNode.insertBefore(t,s)}(window, document,'script',\n    'https:\/\/connect.facebook.net\/en_US\/fbevents.js');\n    fbq('init', '802372280934901');\n    fbq('track', 'PageView');\n    <\/script><br \/>\n<br \/><\/p>\n","protected":false},"excerpt":{"rendered":"<p>El coordinador del Partido Verde en la C\u00e1mara de Diputados, Carlos Puente Salas, rechaz\u00f3 conocer el borrador de la iniciativa de reforma electoral que recibi\u00f3 la presidenta de M\u00e9xico, Claudia Sheinbaum.\u00a0 Y es que afirm\u00f3 que su bancada particip\u00f3 en la mesa de di\u00e1logo convocada por el Ejecutivo para analizarla, pero aclar\u00f3 que no hubo [&hellip;]<\/p>\n","protected":false},"author":2,"featured_media":3202,"comment_status":"","ping_status":"","sticky":false,"template":"","format":"standard","meta":{"footnotes":""},"categories":[2],"tags":[],"class_list":["post-3201","post","type-post","status-publish","format-standard","has-post-thumbnail","hentry","category-local"],"_links":{"self":[{"href":"https:\/\/conexion-mx.com\/index.php?rest_route=\/wp\/v2\/posts\/3201","targetHints":{"allow":["GET"]}}],"collection":[{"href":"https:\/\/conexion-mx.com\/index.php?rest_route=\/wp\/v2\/posts"}],"about":[{"href":"https:\/\/conexion-mx.com\/index.php?rest_route=\/wp\/v2\/types\/post"}],"author":[{"embeddable":true,"href":"https:\/\/conexion-mx.com\/index.php?rest_route=\/wp\/v2\/users\/2"}],"replies":[{"embeddable":true,"href":"https:\/\/conexion-mx.com\/index.php?rest_route=%2Fwp%2Fv2%2Fcomments&post=3201"}],"version-history":[{"count":0,"href":"https:\/\/conexion-mx.com\/index.php?rest_route=\/wp\/v2\/posts\/3201\/revisions"}],"wp:featuredmedia":[{"embeddable":true,"href":"https:\/\/conexion-mx.com\/index.php?rest_route=\/wp\/v2\/media\/3202"}],"wp:attachment":[{"href":"https:\/\/conexion-mx.com\/index.php?rest_route=%2Fwp%2Fv2%2Fmedia&parent=3201"}],"wp:term":[{"taxonomy":"category","embeddable":true,"href":"https:\/\/conexion-mx.com\/index.php?rest_route=%2Fwp%2Fv2%2Fcategories&post=3201"},{"taxonomy":"post_tag","embeddable":true,"href":"https:\/\/conexion-mx.com\/index.php?rest_route=%2Fwp%2Fv2%2Ftags&post=3201"}],"curies":[{"name":"wp","href":"https:\/\/api.w.org\/{rel}","templated":true}]}}