{"id":3207,"date":"2026-02-17T20:37:05","date_gmt":"2026-02-18T01:37:05","guid":{"rendered":"https:\/\/conexion-mx.com\/?p=3207"},"modified":"2026-02-17T20:37:05","modified_gmt":"2026-02-18T01:37:05","slug":"ano-nuevo-chino-2026-que-significa-el-ano-del-caballo-de-fuego-y-como-se-celebra-en-cdmx","status":"publish","type":"post","link":"https:\/\/conexion-mx.com\/?p=3207","title":{"rendered":"A\u00f1o Nuevo Chino 2026: qu\u00e9 significa el A\u00f1o del Caballo de Fuego y c\u00f3mo se celebra en CDMX"},"content":{"rendered":"<p> <br \/>\n<\/p>\n<div>\n<p>El <strong>A\u00f1o Nuevo Chino<\/strong>, tambi\u00e9n conocido como <strong>Festival de Primavera<\/strong>, es una de las celebraciones m\u00e1s significativas en Asia y en las comunidades chinas alrededor del mundo, al marcar el inicio de un nuevo ciclo en el calendario tradicional.<\/p>\n<p>De acuerdo con el <strong>Instituto<\/strong> <strong>Confucio<\/strong>, la festividad, regida por el <strong>calendario lunisolar<\/strong>, se celebra este 17 de febrero y da paso al <strong>A\u00f1o del Caballo de Fuego<\/strong>, una combinaci\u00f3n que en el hor\u00f3scopo chino simboliza dinamismo, pasi\u00f3n y determinaci\u00f3n.<\/p>\n<aside class=\"htmlinline\"\/>\n<p>El <strong>caballo<\/strong> est\u00e1 asociado con la <strong>libertad<\/strong>, la <strong>independencia<\/strong><strong> <\/strong>y el <strong>movimiento<\/strong>; mientras que el elemento fuego representa pasi\u00f3n, coraje, creatividad y valent\u00eda.\u00a0<\/p>\n<p>En el<strong> Barrio Chino<\/strong>, ubicado en el <strong>Centro Hist\u00f3rico de la Ciudad de M\u00e9xico<\/strong>, los festejos se extienden durante toda la semana con danzas tradicionales, exhibiciones culturales y una amplia oferta gastron\u00f3mica oriental.\u00a0<\/p>\n<div class=\"image-align-center\">\n<figure class=\"image\"><img loading=\"lazy\" decoding=\"async\" alt=\"\" height=\"1024\" src=\"https:\/\/heraldodemexico.com.mx\/u\/fotografias\/m\/2026\/2\/16\/f768x1-1247184_1247311_5050.jpeg\" width=\"768\"\/><figcaption>Comerciantes ofrecen amuletos y figuras alusivas al nuevo ciclo en el Barrio Chino de la CDMX. Foto: Especial\u00a0<\/figcaption><\/figure>\n<\/div>\n<p>Adem\u00e1s, comerciantes ofrecen amuletos y figuras alusivas al nuevo ciclo.<\/p>\n<blockquote>\n<p>Estos caballos son para la abundancia, tanto para la casa como para los negocios, para que haya dinero, salud y prosperidad\u201d, se\u00f1al\u00f3 Mercedes, comerciante de la zona, mientras mostraba adornos con monedas doradas y s\u00edmbolos tradicionales.<\/p>\n<\/blockquote>\n<p>Aunque en <strong>M\u00e9xico<\/strong> no es una festividad oficial, la comunidad china mantiene viva la tradici\u00f3n.\u00a0<\/p>\n<p>De acuerdo con la <strong>Embajada de China en M\u00e9xico<\/strong>, en el pa\u00eds residen aproximadamente 14 mil ciudadanos chinos y m\u00e1s de 40 mil descendientes, principalmente en la capital y en el estado de <strong>Baja California<\/strong>.<\/p>\n<p>dhfm\u00a0<\/p>\n<\/p><\/div>\n<p><script>\n    !function(f,b,e,v,n,t,s)\n    {if(f.fbq)return;n=f.fbq=function(){n.callMethod?\n    n.callMethod.apply(n,arguments):n.queue.push(arguments)};\n    if(!f._fbq)f._fbq=n;n.push=n;n.loaded=!0;n.version='2.0';\n    n.queue=[];t=b.createElement(e);t.async=!0;\n    t.src=v;s=b.getElementsByTagName(e)[0];\n    s.parentNode.insertBefore(t,s)}(window, document,'script',\n    'https:\/\/connect.facebook.net\/en_US\/fbevents.js');\n    fbq('init', '237927003583820');\n    fbq('track', 'PageView');\n  <\/script><br \/>\n<br \/><\/p>\n","protected":false},"excerpt":{"rendered":"<p>El A\u00f1o Nuevo Chino, tambi\u00e9n conocido como Festival de Primavera, es una de las celebraciones m\u00e1s significativas en Asia y en las comunidades chinas alrededor del mundo, al marcar el inicio de un nuevo ciclo en el calendario tradicional. De acuerdo con el Instituto Confucio, la festividad, regida por el calendario lunisolar, se celebra este [&hellip;]<\/p>\n","protected":false},"author":4,"featured_media":3208,"comment_status":"","ping_status":"","sticky":false,"template":"","format":"standard","meta":{"footnotes":""},"categories":[33],"tags":[],"class_list":["post-3207","post","type-post","status-publish","format-standard","has-post-thumbnail","hentry","category-cultura"],"_links":{"self":[{"href":"https:\/\/conexion-mx.com\/index.php?rest_route=\/wp\/v2\/posts\/3207","targetHints":{"allow":["GET"]}}],"collection":[{"href":"https:\/\/conexion-mx.com\/index.php?rest_route=\/wp\/v2\/posts"}],"about":[{"href":"https:\/\/conexion-mx.com\/index.php?rest_route=\/wp\/v2\/types\/post"}],"author":[{"embeddable":true,"href":"https:\/\/conexion-mx.com\/index.php?rest_route=\/wp\/v2\/users\/4"}],"replies":[{"embeddable":true,"href":"https:\/\/conexion-mx.com\/index.php?rest_route=%2Fwp%2Fv2%2Fcomments&post=3207"}],"version-history":[{"count":0,"href":"https:\/\/conexion-mx.com\/index.php?rest_route=\/wp\/v2\/posts\/3207\/revisions"}],"wp:featuredmedia":[{"embeddable":true,"href":"https:\/\/conexion-mx.com\/index.php?rest_route=\/wp\/v2\/media\/3208"}],"wp:attachment":[{"href":"https:\/\/conexion-mx.com\/index.php?rest_route=%2Fwp%2Fv2%2Fmedia&parent=3207"}],"wp:term":[{"taxonomy":"category","embeddable":true,"href":"https:\/\/conexion-mx.com\/index.php?rest_route=%2Fwp%2Fv2%2Fcategories&post=3207"},{"taxonomy":"post_tag","embeddable":true,"href":"https:\/\/conexion-mx.com\/index.php?rest_route=%2Fwp%2Fv2%2Ftags&post=3207"}],"curies":[{"name":"wp","href":"https:\/\/api.w.org\/{rel}","templated":true}]}}