{"id":3209,"date":"2026-02-18T01:36:25","date_gmt":"2026-02-18T06:36:25","guid":{"rendered":"https:\/\/conexion-mx.com\/?p=3209"},"modified":"2026-02-18T01:36:25","modified_gmt":"2026-02-18T06:36:25","slug":"lluvias-en-tijuana-provocan-32-incidentes-relacionados","status":"publish","type":"post","link":"https:\/\/conexion-mx.com\/?p=3209","title":{"rendered":"Lluvias en Tijuana provocan 32 incidentes relacionados"},"content":{"rendered":"<p> <br \/>\n<\/p>\n<div itemprop=\"articleBody\">\n<div class=\"txt_contenido\">\n<p>La Direcci\u00f3n de Protecci\u00f3n Civil de Tijuana inform\u00f3 que durante la noche del lunes y la madrugada del martes se atendieron 32 reportes relacionados con las lluvias, principalmente por inundaciones y encharcamientos en diversas zonas de la ciudad.\u00a0<\/p>\n<p>La afectaci\u00f3n m\u00e1s severa ocurri\u00f3 en la calle Gladiolas, donde nueve viviendas resultaron inundadas. Personal de Protecci\u00f3n Civil, en coordinaci\u00f3n con la delegaci\u00f3n de Cerro Colorado y la Comisi\u00f3n Estatal de Servicios P\u00fablicos de Tijuana acudieron al lugar para realizar labores de remoci\u00f3n de agua y limpieza.<\/p>\n<aside class=\"htmlinline\"\/>\n<p>Tambi\u00e9n se reportaron cables al piso y bajadas r\u00e1pidas de agua en diferentes puntos, especialmente en las zonas altas de Santa Fe y en el este de la ciudad, incluyendo vialidades como la l\u00ednea Sentry, Agua Caliente, Ensenada, Mariano Matamoros, La Choza, Ca\u00f1\u00f3n Palmeras, Ca\u00f1\u00f3n y Puente Villa.\u00a0<\/p>\n<p>Aunque no se registraron incidentes mayores, algunas \u00e1reas como General Monz\u00f3n fueron acordonadas preventivamente debido a problemas hist\u00f3ricos durante las lluvias. Adem\u00e1s, veh\u00edculos quedaron varados en zonas como La Choza, pero la mayor\u00eda pudo ser retirados con ayuda de los afectados.<\/p>\n<p>Por otro lado, el director de Protecci\u00f3n Civil, Jos\u00e9 Luis Jim\u00e9nez, advirti\u00f3 que durante la tarde se esperaban algunas lloviznas, pero que durante la noche y la madrugada del mi\u00e9rcoles se anticipa la llegada de una celda de lluvia con mayor cantidad de agua, lo cual podr\u00eda generar encharcamientos mayores debido al reblandecimiento del suelo y las lluvias previas.<\/p>\n<\/p><\/div>\n<\/p><\/div>\n<p><script>\n    !function(f,b,e,v,n,t,s)\n    {if(f.fbq)return;n=f.fbq=function(){n.callMethod?\n    n.callMethod.apply(n,arguments):n.queue.push(arguments)};\n    if(!f._fbq)f._fbq=n;n.push=n;n.loaded=!0;n.version='2.0';\n    n.queue=[];t=b.createElement(e);t.async=!0;\n    t.src=v;s=b.getElementsByTagName(e)[0];\n    s.parentNode.insertBefore(t,s)}(window, document,'script',\n    'https:\/\/connect.facebook.net\/en_US\/fbevents.js');\n    fbq('init', '237927003583820');\n    fbq('track', 'PageView');\n  <\/script><script>\n    !function(f,b,e,v,n,t,s)\n    {if(f.fbq)return;n=f.fbq=function(){n.callMethod?\n    n.callMethod.apply(n,arguments):n.queue.push(arguments)};\n    if(!f._fbq)f._fbq=n;n.push=n;n.loaded=!0;n.version='2.0';\n    n.queue=[];t=b.createElement(e);t.async=!0;\n    t.src=v;s=b.getElementsByTagName(e)[0];\n    s.parentNode.insertBefore(t,s)}(window, document,'script',\n    'https:\/\/connect.facebook.net\/en_US\/fbevents.js');\n    fbq('init', '802372280934901');\n    fbq('track', 'PageView');\n    <\/script><br \/>\n<br \/><\/p>\n","protected":false},"excerpt":{"rendered":"<p>La Direcci\u00f3n de Protecci\u00f3n Civil de Tijuana inform\u00f3 que durante la noche del lunes y la madrugada del martes se atendieron 32 reportes relacionados con las lluvias, principalmente por inundaciones y encharcamientos en diversas zonas de la ciudad.\u00a0 La afectaci\u00f3n m\u00e1s severa ocurri\u00f3 en la calle Gladiolas, donde nueve viviendas resultaron inundadas. Personal de Protecci\u00f3n [&hellip;]<\/p>\n","protected":false},"author":2,"featured_media":3210,"comment_status":"","ping_status":"","sticky":false,"template":"","format":"standard","meta":{"footnotes":""},"categories":[2],"tags":[],"class_list":["post-3209","post","type-post","status-publish","format-standard","has-post-thumbnail","hentry","category-local"],"_links":{"self":[{"href":"https:\/\/conexion-mx.com\/index.php?rest_route=\/wp\/v2\/posts\/3209","targetHints":{"allow":["GET"]}}],"collection":[{"href":"https:\/\/conexion-mx.com\/index.php?rest_route=\/wp\/v2\/posts"}],"about":[{"href":"https:\/\/conexion-mx.com\/index.php?rest_route=\/wp\/v2\/types\/post"}],"author":[{"embeddable":true,"href":"https:\/\/conexion-mx.com\/index.php?rest_route=\/wp\/v2\/users\/2"}],"replies":[{"embeddable":true,"href":"https:\/\/conexion-mx.com\/index.php?rest_route=%2Fwp%2Fv2%2Fcomments&post=3209"}],"version-history":[{"count":0,"href":"https:\/\/conexion-mx.com\/index.php?rest_route=\/wp\/v2\/posts\/3209\/revisions"}],"wp:featuredmedia":[{"embeddable":true,"href":"https:\/\/conexion-mx.com\/index.php?rest_route=\/wp\/v2\/media\/3210"}],"wp:attachment":[{"href":"https:\/\/conexion-mx.com\/index.php?rest_route=%2Fwp%2Fv2%2Fmedia&parent=3209"}],"wp:term":[{"taxonomy":"category","embeddable":true,"href":"https:\/\/conexion-mx.com\/index.php?rest_route=%2Fwp%2Fv2%2Fcategories&post=3209"},{"taxonomy":"post_tag","embeddable":true,"href":"https:\/\/conexion-mx.com\/index.php?rest_route=%2Fwp%2Fv2%2Ftags&post=3209"}],"curies":[{"name":"wp","href":"https:\/\/api.w.org\/{rel}","templated":true}]}}