{"id":3231,"date":"2026-02-20T05:17:17","date_gmt":"2026-02-20T10:17:17","guid":{"rendered":"https:\/\/conexion-mx.com\/?p=3231"},"modified":"2026-02-20T05:17:17","modified_gmt":"2026-02-20T10:17:17","slug":"la-fundacion-teleton-comienza-la-construccion-de-crit-28-en-mexico","status":"publish","type":"post","link":"https:\/\/conexion-mx.com\/?p=3231","title":{"rendered":"La Fundaci\u00f3n Telet\u00f3n comienza la construcci\u00f3n de CRIT 28 en M\u00e9xico"},"content":{"rendered":"<p> <br \/>\n<\/p>\n<div itemprop=\"articleBody\">\n<div class=\"txt_contenido\">\n<p>Con el objetivo de concluir su construcci\u00f3n en octubre de este a\u00f1o, este jueves fue colocada en Colima la primera piedra del <strong>Centro de Rehabilitaci\u00f3n Infantil Telet\u00f3n (CRIT),<\/strong> el n\u00famero<strong> 28 del pa\u00eds, en el parque Griselda \u00c1lvarez<\/strong>, ubicado en la zona centro de la capital, con la presencia de su fundador y presidente, <strong>Fernando Landeros Verdugo, <\/strong>y la gobernadora<strong> Indira Vizca\u00edno Silva, e<\/strong>ntre otros funcionarios y miembros del Patronato de la Fundaci\u00f3n Telet\u00f3n.<\/p>\n<p><strong>Landeros Verdugo<\/strong> record\u00f3 que hace tres a\u00f1os tuvo su primera pl\u00e1tica con la gobernadora, quien le manifest\u00f3 su pasi\u00f3n y seguridad para hacer realidad este proyecto. Destac\u00f3 que en sus casi 30 a\u00f1os al frente de <strong>Telet\u00f3n<\/strong>, ve c\u00f3mo se genera mucha alegr\u00eda en los estados, pero en Colima fue diferente.<\/p>\n<aside class=\"htmlinline\"\/>\n<p>Asegur\u00f3 que nunca en la historia de <strong>Telet\u00f3n <\/strong>se hab\u00eda tenido un compromiso real como en esta entidad, ya que la participaci\u00f3n de toda la sociedad, gobierno del estado, voluntarios y empresarios, hizo que el d\u00eda del Telet\u00f3n se tuviera que llevar una cuenta adicional a la de la fundaci\u00f3n, s\u00f3lo para Colima, pues fue muy importante en t\u00e9rminos econ\u00f3micos.<\/p>\n<p>Vizca\u00edno Silva record\u00f3 que, desde el inicio de su administraci\u00f3n, hace cuatro a\u00f1os, busc\u00f3 hacer realidad este proyecto para el estado, por lo que agradeci\u00f3 la intervenci\u00f3n de la <strong>presidenta Claudia Sheinbaum<\/strong>, pues estuvo a punto de perderse frente a otra entidad que tambi\u00e9n lo solicit\u00f3, pero se enter\u00f3 un d\u00eda antes de reunirse con la mandataria federal y aprovech\u00f3 para rescatarlo.\u00a0<\/p>\n<blockquote>\n<p>\u201cEntonces aqu\u00ed est\u00e1n los esfuerzos y el compromiso de todos ustedes, pero tambi\u00e9n el cari\u00f1o de la presidenta de M\u00e9xico\u201d, expres\u00f3.\u00a0<\/p>\n<\/blockquote>\n<p>\u00a0<\/p>\n<p>MAAZ<\/p>\n<p>\u00a0<\/p>\n<\/p><\/div>\n<\/p><\/div>\n<p><script>\n    !function(f,b,e,v,n,t,s)\n    {if(f.fbq)return;n=f.fbq=function(){n.callMethod?\n    n.callMethod.apply(n,arguments):n.queue.push(arguments)};\n    if(!f._fbq)f._fbq=n;n.push=n;n.loaded=!0;n.version='2.0';\n    n.queue=[];t=b.createElement(e);t.async=!0;\n    t.src=v;s=b.getElementsByTagName(e)[0];\n    s.parentNode.insertBefore(t,s)}(window, document,'script',\n    'https:\/\/connect.facebook.net\/en_US\/fbevents.js');\n    fbq('init', '237927003583820');\n    fbq('track', 'PageView');\n  <\/script><script>\n    !function(f,b,e,v,n,t,s)\n    {if(f.fbq)return;n=f.fbq=function(){n.callMethod?\n    n.callMethod.apply(n,arguments):n.queue.push(arguments)};\n    if(!f._fbq)f._fbq=n;n.push=n;n.loaded=!0;n.version='2.0';\n    n.queue=[];t=b.createElement(e);t.async=!0;\n    t.src=v;s=b.getElementsByTagName(e)[0];\n    s.parentNode.insertBefore(t,s)}(window, document,'script',\n    'https:\/\/connect.facebook.net\/en_US\/fbevents.js');\n    fbq('init', '802372280934901');\n    fbq('track', 'PageView');\n    <\/script><br \/>\n<br \/><\/p>\n","protected":false},"excerpt":{"rendered":"<p>Con el objetivo de concluir su construcci\u00f3n en octubre de este a\u00f1o, este jueves fue colocada en Colima la primera piedra del Centro de Rehabilitaci\u00f3n Infantil Telet\u00f3n (CRIT), el n\u00famero 28 del pa\u00eds, en el parque Griselda \u00c1lvarez, ubicado en la zona centro de la capital, con la presencia de su fundador y presidente, Fernando [&hellip;]<\/p>\n","protected":false},"author":2,"featured_media":3232,"comment_status":"","ping_status":"","sticky":false,"template":"","format":"standard","meta":{"footnotes":""},"categories":[2],"tags":[],"class_list":["post-3231","post","type-post","status-publish","format-standard","has-post-thumbnail","hentry","category-local"],"_links":{"self":[{"href":"https:\/\/conexion-mx.com\/index.php?rest_route=\/wp\/v2\/posts\/3231","targetHints":{"allow":["GET"]}}],"collection":[{"href":"https:\/\/conexion-mx.com\/index.php?rest_route=\/wp\/v2\/posts"}],"about":[{"href":"https:\/\/conexion-mx.com\/index.php?rest_route=\/wp\/v2\/types\/post"}],"author":[{"embeddable":true,"href":"https:\/\/conexion-mx.com\/index.php?rest_route=\/wp\/v2\/users\/2"}],"replies":[{"embeddable":true,"href":"https:\/\/conexion-mx.com\/index.php?rest_route=%2Fwp%2Fv2%2Fcomments&post=3231"}],"version-history":[{"count":0,"href":"https:\/\/conexion-mx.com\/index.php?rest_route=\/wp\/v2\/posts\/3231\/revisions"}],"wp:featuredmedia":[{"embeddable":true,"href":"https:\/\/conexion-mx.com\/index.php?rest_route=\/wp\/v2\/media\/3232"}],"wp:attachment":[{"href":"https:\/\/conexion-mx.com\/index.php?rest_route=%2Fwp%2Fv2%2Fmedia&parent=3231"}],"wp:term":[{"taxonomy":"category","embeddable":true,"href":"https:\/\/conexion-mx.com\/index.php?rest_route=%2Fwp%2Fv2%2Fcategories&post=3231"},{"taxonomy":"post_tag","embeddable":true,"href":"https:\/\/conexion-mx.com\/index.php?rest_route=%2Fwp%2Fv2%2Ftags&post=3231"}],"curies":[{"name":"wp","href":"https:\/\/api.w.org\/{rel}","templated":true}]}}