{"id":3237,"date":"2026-02-20T21:24:34","date_gmt":"2026-02-21T02:24:34","guid":{"rendered":"https:\/\/conexion-mx.com\/?p=3237"},"modified":"2026-02-20T21:24:34","modified_gmt":"2026-02-21T02:24:34","slug":"se-registra-fuerte-incendio-en-jardines-del-recuerdo-en-tlalnepantla","status":"publish","type":"post","link":"https:\/\/conexion-mx.com\/?p=3237","title":{"rendered":"Se registra fuerte incendio en Jardines del Recuerdo en Tlalnepantla"},"content":{"rendered":"<p> <br \/>\n<\/p>\n<div itemprop=\"articleBody\">\n<div class=\"txt_contenido\">\n<p>Este viernes 20 de febrero se ha reportado por medio de redes sociales un fuerte incendio en las inmediaciones de Jardines del Recuerdo, ubicado en<strong> Tlalnepantla<\/strong> en el <strong>Estado de M\u00e9xico<\/strong>, la gran columna de humo se puede ver desde municipios como Cuautitl\u00e1n Izcalli seg\u00fan vecinos.<\/p>\n<p>Fue la cuenta oficial de <strong>Protecci\u00f3n Civil Tlalnepantla<\/strong> quien confirm\u00f3 el siniestro mencionando que se est\u00e1 atendiendo un incendio de pasto, por lo que miembros de la dependencia se encuentran en el lugar para poder sofocar las llamas del incendio en Jardines del Recuerdo.<\/p>\n<aside class=\"htmlinline\"\/>\n<blockquote>\n<p>\u201cIncendio en Jardines del Recuerdo. Atendemos incendio de pasto, nuestro personal se encuentra en el lugar realizando labores de sofocaci\u00f3n, control y extinci\u00f3n del fuego.\u201d, dijo Protecci\u00f3n Civil de Tlalnepantla.<\/p>\n<\/blockquote>\n<p><iframe loading=\"lazy\" allow=\"autoplay; clipboard-write; encrypted-media; picture-in-picture; web-share\" allowfullscreen=\"true\" frameborder=\"0\" height=\"632\" scrolling=\"no\" src=\"https:\/\/www.facebook.com\/plugins\/post.php?href=https%3A%2F%2Fwww.facebook.com%2FPCTlalne%2Fposts%2Fpfbid0GdqX9dxM6G5FsU6SKrsnxGsuQYwxH6ppjb6n2vkLskFhx1ieZq6uSiPJjzGPgxQZl&amp;show_text=true&amp;width=500\" style=\"border:none;overflow:hidden\" width=\"500\"><\/iframe><\/p>\n<\/p><\/div>\n<\/p><\/div>\n<p><script>\n    !function(f,b,e,v,n,t,s)\n    {if(f.fbq)return;n=f.fbq=function(){n.callMethod?\n    n.callMethod.apply(n,arguments):n.queue.push(arguments)};\n    if(!f._fbq)f._fbq=n;n.push=n;n.loaded=!0;n.version='2.0';\n    n.queue=[];t=b.createElement(e);t.async=!0;\n    t.src=v;s=b.getElementsByTagName(e)[0];\n    s.parentNode.insertBefore(t,s)}(window, document,'script',\n    'https:\/\/connect.facebook.net\/en_US\/fbevents.js');\n    fbq('init', '237927003583820');\n    fbq('track', 'PageView');\n  <\/script><script>\n    !function(f,b,e,v,n,t,s)\n    {if(f.fbq)return;n=f.fbq=function(){n.callMethod?\n    n.callMethod.apply(n,arguments):n.queue.push(arguments)};\n    if(!f._fbq)f._fbq=n;n.push=n;n.loaded=!0;n.version='2.0';\n    n.queue=[];t=b.createElement(e);t.async=!0;\n    t.src=v;s=b.getElementsByTagName(e)[0];\n    s.parentNode.insertBefore(t,s)}(window, document,'script',\n    'https:\/\/connect.facebook.net\/en_US\/fbevents.js');\n    fbq('init', '802372280934901');\n    fbq('track', 'PageView');\n    <\/script><br \/>\n<br \/><\/p>\n","protected":false},"excerpt":{"rendered":"<p>Este viernes 20 de febrero se ha reportado por medio de redes sociales un fuerte incendio en las inmediaciones de Jardines del Recuerdo, ubicado en Tlalnepantla en el Estado de M\u00e9xico, la gran columna de humo se puede ver desde municipios como Cuautitl\u00e1n Izcalli seg\u00fan vecinos. Fue la cuenta oficial de Protecci\u00f3n Civil Tlalnepantla quien [&hellip;]<\/p>\n","protected":false},"author":2,"featured_media":3238,"comment_status":"","ping_status":"","sticky":false,"template":"","format":"standard","meta":{"footnotes":""},"categories":[2],"tags":[],"class_list":["post-3237","post","type-post","status-publish","format-standard","has-post-thumbnail","hentry","category-local"],"_links":{"self":[{"href":"https:\/\/conexion-mx.com\/index.php?rest_route=\/wp\/v2\/posts\/3237","targetHints":{"allow":["GET"]}}],"collection":[{"href":"https:\/\/conexion-mx.com\/index.php?rest_route=\/wp\/v2\/posts"}],"about":[{"href":"https:\/\/conexion-mx.com\/index.php?rest_route=\/wp\/v2\/types\/post"}],"author":[{"embeddable":true,"href":"https:\/\/conexion-mx.com\/index.php?rest_route=\/wp\/v2\/users\/2"}],"replies":[{"embeddable":true,"href":"https:\/\/conexion-mx.com\/index.php?rest_route=%2Fwp%2Fv2%2Fcomments&post=3237"}],"version-history":[{"count":0,"href":"https:\/\/conexion-mx.com\/index.php?rest_route=\/wp\/v2\/posts\/3237\/revisions"}],"wp:featuredmedia":[{"embeddable":true,"href":"https:\/\/conexion-mx.com\/index.php?rest_route=\/wp\/v2\/media\/3238"}],"wp:attachment":[{"href":"https:\/\/conexion-mx.com\/index.php?rest_route=%2Fwp%2Fv2%2Fmedia&parent=3237"}],"wp:term":[{"taxonomy":"category","embeddable":true,"href":"https:\/\/conexion-mx.com\/index.php?rest_route=%2Fwp%2Fv2%2Fcategories&post=3237"},{"taxonomy":"post_tag","embeddable":true,"href":"https:\/\/conexion-mx.com\/index.php?rest_route=%2Fwp%2Fv2%2Ftags&post=3237"}],"curies":[{"name":"wp","href":"https:\/\/api.w.org\/{rel}","templated":true}]}}