{"id":3243,"date":"2026-02-21T05:23:54","date_gmt":"2026-02-21T10:23:54","guid":{"rendered":"https:\/\/conexion-mx.com\/?p=3243"},"modified":"2026-02-21T05:23:54","modified_gmt":"2026-02-21T10:23:54","slug":"enrique-guzman-habla-de-frida-sofia-y-su-polemica-legal-no-hay-demanda-contra-algo-que-no-existe","status":"publish","type":"post","link":"https:\/\/conexion-mx.com\/?p=3243","title":{"rendered":"Enrique Guzm\u00e1n habla de Frida Sof\u00eda y su pol\u00e9mica legal: \u201cNo hay demanda contra algo que no existe\u201d"},"content":{"rendered":"<p> <br \/>\n<\/p>\n<div>\n<p>El cantante<strong> Enrique Guzm\u00e1n<\/strong> volvi\u00f3 a enfrentar cuestionamientos sobre los conflictos familiares que lo han rodeado en los \u00faltimos a\u00f1os, particularmente en torno a la pol\u00e9mica que protagoniz\u00f3 con su<strong> nieta Frida Sof\u00eda.<\/strong> Abordado por la prensa en el aeropuerto, el int\u00e9rprete reaccion\u00f3 con evidente molestia ante una serie de preguntas relacionadas con la situaci\u00f3n legal y familiar.<\/p>\n<p>Uno de los primeros temas fue la noticia sobre que el menor Apolo, hijo de la expareja de Luis Enrique, quien luego de un medi\u00e1tico proceso legal, se resolvi\u00f3 que no llevaba la sangre de los Guzm\u00e1n. Al ser cuestionado directamente, el artista respondi\u00f3 tajante: <strong>\u201cNo tengo ni la menor idea de lo que me est\u00e1s hablando\u201d.<\/strong> Cuando se le coment\u00f3 que fue Mayela, madre del ni\u00f1o, quien habl\u00f3 de la situaci\u00f3n recientemente, el cantante refut\u00f3: \u201cNo tengo ni idea, ni he visto a esa se\u00f1ora, ni he visto al ni\u00f1o desgraciadamente\u201d.<\/p>\n<aside class=\"htmlinline\"\/>\n<p>Ante la insistencia de si le gustar\u00eda ver al peque\u00f1o en el futuro, el int\u00e9rprete de \u201cPayasito\u201d fue breve y cortante: \u201cQue no, que no los he visto. No s\u00e9, no tengo idea, \u00bfme dejan pasar?\u201d. Las respuestas reflejaron su distancia respecto al tema y su incomodidad ante la presi\u00f3n medi\u00e1tica.<\/p>\n<p>Durante el encuentro tambi\u00e9n fue cuestionado sobre su hija Alejandra Guzm\u00e1n, quien recientemente celebr\u00f3 su cumplea\u00f1os. Sobre ella, el cantante respondi\u00f3: \u201cEst\u00e1 feliz. Est\u00e1 feliz y firme\u201d. Sin embargo, al preguntarle por otras situaciones familiares y por el estado de \u00e1nimo de Luis Enrique a m\u00e1s de un a\u00f1o del deceso de su madre Silvia Pinal, contest\u00f3: <strong>\u201cNo s\u00e9, no s\u00e9, mi hijito. No, \u00bfc\u00f3mo te puedo opinar de c\u00f3mo piensa \u00e9l?\u201d.<\/strong><\/p>\n<p>El tema m\u00e1s delicado surgi\u00f3 cuando los reporteros abordaron la situaci\u00f3n con Frida Sof\u00eda, quien en 2021 hizo acusaciones p\u00fablicas en su contra por presunto abuso, generando una fuerte ruptura familiar y una batalla legal y medi\u00e1tica que marc\u00f3 profundamente a la dinast\u00eda Guzm\u00e1n. Ante la pregunta sobre si la joven habr\u00eda retirado los cargos, el cantante respondi\u00f3: \u201cNo s\u00e9, no s\u00e9, no tengo idea. Ni idea, \u00bfqu\u00e9 cargo podr\u00eda haberme metido si no me conoce?\u201d. Y cuando se le plante\u00f3 la posibilidad de una reconciliaci\u00f3n, insisti\u00f3: \u201cNo tengo idea, no tengo idea. Me dejan pasar, por favor\u201d.<\/p>\n<h2>Desconoce que haya una demanda<\/h2>\n<p>Las preguntas continuaron y el cantante endureci\u00f3 su postura:<\/p>\n<blockquote>\n<p>\u201cNo conoc\u00ed ninguna. No, no, no. No, no hubo nada. Es muy dif\u00edcil que haya una demanda contra algo que no existe\u201d. En relaci\u00f3n con un eventual reencuentro con Frida, agreg\u00f3: \u201cMe est\u00e1s hablando de un futuro que yo no conozco. Bueno, hasta ah\u00ed. Se\u00f1ores, gracias y buenos d\u00edas\u201d.<\/p>\n<\/blockquote>\n<p>Finalmente, ante la persistencia de una reportera, el artista de 83 a\u00f1os perdi\u00f3 la paciencia y respondi\u00f3: \u201cTe dijeron que ya terminamos. \u00bfLe parece? Ah, que bien chinga usted, se\u00f1orita\u201d. La frase cerr\u00f3 el tenso intercambio con la prensa previo a su retiro del aeropuerto de la Ciudad de M\u00e9xico.<\/p>\n<p>El conflicto entre <strong>Enrique Guzm\u00e1n y Frida Sof\u00eda<\/strong> ha sido uno de los episodios m\u00e1s pol\u00e9micos en el mundo del espect\u00e1culo mexicano en los \u00faltimos a\u00f1os. Las acusaciones p\u00fablicas de la joven provocaron fracturas familiares, posicionamientos encontrados y una confrontaci\u00f3n que involucr\u00f3 tambi\u00e9n a Alejandra Guzm\u00e1n. Aunque con el tiempo la intensidad del esc\u00e1ndalo disminuy\u00f3, el distanciamiento entre abuelo y nieta se mantiene como un tema sensible que, cada vez que resurge, vuelve a colocar a la familia bajo el escrutinio p\u00fablico.<\/p>\n<p>\u00a0<\/p>\n<\/p><\/div>\n<p><script>\n    !function(f,b,e,v,n,t,s)\n    {if(f.fbq)return;n=f.fbq=function(){n.callMethod?\n    n.callMethod.apply(n,arguments):n.queue.push(arguments)};\n    if(!f._fbq)f._fbq=n;n.push=n;n.loaded=!0;n.version='2.0';\n    n.queue=[];t=b.createElement(e);t.async=!0;\n    t.src=v;s=b.getElementsByTagName(e)[0];\n    s.parentNode.insertBefore(t,s)}(window, document,'script',\n    'https:\/\/connect.facebook.net\/en_US\/fbevents.js');\n    fbq('init', '237927003583820');\n    fbq('track', 'PageView');\n  <\/script><script>\n    !function(f,b,e,v,n,t,s)\n    {if(f.fbq)return;n=f.fbq=function(){n.callMethod?\n    n.callMethod.apply(n,arguments):n.queue.push(arguments)};\n    if(!f._fbq)f._fbq=n;n.push=n;n.loaded=!0;n.version='2.0';\n    n.queue=[];t=b.createElement(e);t.async=!0;\n    t.src=v;s=b.getElementsByTagName(e)[0];\n    s.parentNode.insertBefore(t,s)}(window, document,'script',\n    'https:\/\/connect.facebook.net\/en_US\/fbevents.js');\n    fbq('init', '775201487065840');\n    fbq('track', 'PageView');\n    <\/script><br \/>\n<br \/><\/p>\n","protected":false},"excerpt":{"rendered":"<p>El cantante Enrique Guzm\u00e1n volvi\u00f3 a enfrentar cuestionamientos sobre los conflictos familiares que lo han rodeado en los \u00faltimos a\u00f1os, particularmente en torno a la pol\u00e9mica que protagoniz\u00f3 con su nieta Frida Sof\u00eda. Abordado por la prensa en el aeropuerto, el int\u00e9rprete reaccion\u00f3 con evidente molestia ante una serie de preguntas relacionadas con la situaci\u00f3n [&hellip;]<\/p>\n","protected":false},"author":3,"featured_media":3244,"comment_status":"","ping_status":"","sticky":false,"template":"","format":"standard","meta":{"footnotes":""},"categories":[35],"tags":[],"class_list":["post-3243","post","type-post","status-publish","format-standard","has-post-thumbnail","hentry","category-espectaculos"],"_links":{"self":[{"href":"https:\/\/conexion-mx.com\/index.php?rest_route=\/wp\/v2\/posts\/3243","targetHints":{"allow":["GET"]}}],"collection":[{"href":"https:\/\/conexion-mx.com\/index.php?rest_route=\/wp\/v2\/posts"}],"about":[{"href":"https:\/\/conexion-mx.com\/index.php?rest_route=\/wp\/v2\/types\/post"}],"author":[{"embeddable":true,"href":"https:\/\/conexion-mx.com\/index.php?rest_route=\/wp\/v2\/users\/3"}],"replies":[{"embeddable":true,"href":"https:\/\/conexion-mx.com\/index.php?rest_route=%2Fwp%2Fv2%2Fcomments&post=3243"}],"version-history":[{"count":0,"href":"https:\/\/conexion-mx.com\/index.php?rest_route=\/wp\/v2\/posts\/3243\/revisions"}],"wp:featuredmedia":[{"embeddable":true,"href":"https:\/\/conexion-mx.com\/index.php?rest_route=\/wp\/v2\/media\/3244"}],"wp:attachment":[{"href":"https:\/\/conexion-mx.com\/index.php?rest_route=%2Fwp%2Fv2%2Fmedia&parent=3243"}],"wp:term":[{"taxonomy":"category","embeddable":true,"href":"https:\/\/conexion-mx.com\/index.php?rest_route=%2Fwp%2Fv2%2Fcategories&post=3243"},{"taxonomy":"post_tag","embeddable":true,"href":"https:\/\/conexion-mx.com\/index.php?rest_route=%2Fwp%2Fv2%2Ftags&post=3243"}],"curies":[{"name":"wp","href":"https:\/\/api.w.org\/{rel}","templated":true}]}}