{"id":3249,"date":"2026-02-22T00:18:45","date_gmt":"2026-02-22T05:18:45","guid":{"rendered":"https:\/\/conexion-mx.com\/?p=3249"},"modified":"2026-02-22T00:18:45","modified_gmt":"2026-02-22T05:18:45","slug":"clima-en-colima-hoy-domingo-22-de-febrero-pronostico-del-tiempo-temperatura-maxima-de-35-grados-y-condiciones-atmosfericas","status":"publish","type":"post","link":"https:\/\/conexion-mx.com\/?p=3249","title":{"rendered":"Clima en Colima hoy domingo 22 de febrero: pron\u00f3stico del tiempo, temperatura m\u00e1xima de 35 grados y condiciones atmosf\u00e9ricas"},"content":{"rendered":"<p> <br \/>\n<\/p>\n<div>\n<p>Este domingo <strong>22<\/strong> de febrero, la capital del estado amanece con condiciones estables y un cielo mayormente despejado. El term\u00f3metro marca actualmente <strong>25\u00b0C<\/strong>, anticipando una jornada donde el calor ser\u00e1 el protagonista principal en la regi\u00f3n occidente de M\u00e9xico.<\/p>\n<h2>\u00bfQu\u00e9 temperaturas se esperan hoy en Colima?<\/h2>\n<p>Durante el transcurso del d\u00eda, se prev\u00e9 que el mercurio ascienda hasta alcanzar una m\u00e1xima de <strong>35\u00b0C<\/strong>, generando un ambiente muy c\u00e1lido. La sensaci\u00f3n t\u00e9rmica se mantendr\u00e1 similar, rondando los <strong>25\u00b0C<\/strong> en las horas tempranas, invitando a buscar sombra al mediod\u00eda.<\/p>\n<p>La humedad relativa se ubica en el <strong>68%<\/strong>, lo que podr\u00eda incrementar ligeramente la percepci\u00f3n de bochorno. Por la noche, los valores descender\u00e1n hasta una m\u00ednima de <strong>19\u00b0C<\/strong>, ofreciendo un respiro refrescante tras la puesta del sol en la zona metropolitana.<\/p>\n<h2>Probabilidad de lluvia y condiciones del cielo<\/h2>\n<p>Para fortuna de quienes tienen planes al aire libre, la probabilidad de precipitaciones es nula. El firmamento se mantendr\u00e1 claro sin amenazas de aguaceros, permitiendo disfrutar del fin de semana sin necesidad de cargar impermeables o paraguas.<\/p>\n<p>El viento soplar\u00e1 de manera suave a una velocidad de <strong>2<\/strong> metros por segundo, apenas perceptible para los transe\u00fantes. La nubosidad ser\u00e1 escasa o inexistente, garantizando una radiaci\u00f3n solar directa durante gran parte de la jornada dominical.<\/p>\n<div style=\"background:linear-gradient(135deg,#0c1929 0%,#1a365d 50%,#234e82 100%);border-radius:12px;font-family:-apple-system,BlinkMacSystemFont,'Segoe UI',Roboto,sans-serif;margin:1rem 0;overflow:hidden;box-shadow:0 4px 20px rgba(0,0,0,0.25);\">\n<div style=\"display:flex;align-items:stretch;\">\n<div style=\"flex:1;padding:16px 20px;border-right:1px solid rgba(255,255,255,0.1);\">\n<p>Clima hoy<\/p>\n<p>Colima<\/p>\n<p>25<span style=\"font-size:1.5rem;color:rgba(255,255,255,0.7);\">\u00b0C<\/span><\/p>\n<p>cielo claro<\/p>\n<\/div>\n<\/div>\n<\/div>\n<h2>Pron\u00f3stico para los pr\u00f3ximos d\u00edas<\/h2>\n<p>Las condiciones secas persistir\u00e1n en el inicio de la semana laboral:<\/p>\n<p><strong>Lunes 23 de febrero<\/strong><br \/>Se espera una m\u00e1xima de <strong>35\u00b0C<\/strong> y m\u00ednima de <strong>19\u00b0C<\/strong>. Cielo totalmente despejado con brisa leve de <strong>2 km\/h<\/strong>.<\/p>\n<p><strong>Martes 24 de febrero<\/strong><br \/>El calor disminuye levemente a <strong>33\u00b0C<\/strong> con m\u00ednima de <strong>19\u00b0C<\/strong>. Soleado y viento de <strong>2 km\/h<\/strong>.<\/p>\n<p><strong>Mi\u00e9rcoles 25 de febrero<\/strong><br \/>Term\u00f3metro entre <strong>31\u00b0C<\/strong> y <strong>18\u00b0C<\/strong>. Ambiente agradable, cielo azul y r\u00e1fagas de <strong>2 km\/h<\/strong>.<\/p>\n<p>La tendencia general indica un ligero descenso en las temperaturas m\u00e1ximas conforme avance la semana. El tiempo se mantendr\u00e1 estable, sin frentes fr\u00edos que alteren dr\u00e1sticamente el panorama meteorol\u00f3gico en el corto plazo para los colimenses.<\/p>\n<h2>Cuidados de salud ante el calor<\/h2>\n<p>Dado que el \u00edndice UV puede ser elevado por la falta de nubes, es vital aplicar protector solar con factor superior a <strong>30<\/strong>. Mantenerse hidratado bebiendo al menos <strong>2<\/strong> litros de agua es esencial para evitar golpes de calor o deshidrataci\u00f3n severa.\n<\/p>\n<p>Se aconseja limitar la exposici\u00f3n directa a los rayos solares entre las <strong>12:00<\/strong> y las <strong>16:00<\/strong> horas, cuando la radiaci\u00f3n es m\u00e1s intensa. Si debe salir, busque zonas arboladas o techadas para resguardarse y descansar unos minutos.\n<\/p>\n<h2>Actividades al aire libre y vida cotidiana<\/h2>\n<p>Las condiciones son excelentes para el senderismo o deportes matutinos antes de que el calor apriete. Sin embargo, realizar ejercicio intenso bajo el sol de la tarde podr\u00eda ser agotador; prefiera horarios antes de las <strong>10:00<\/strong> de la ma\u00f1ana.\n<\/p>\n<p>El tr\u00e1fico en la ciudad fluir\u00e1 sin contratiempos relacionados con el clima, ya que no hay lluvia ni neblina que reduzca la visibilidad. El pavimento seco favorece la conducci\u00f3n segura, aunque el resplandor solar requiere uso de viseras.\n<\/p>\n<h2>\u00bfQu\u00e9 ropa usar este domingo?<\/h2>\n<p>Se recomienda vestir prendas ligeras de algod\u00f3n o lino, preferiblemente en colores claros para repeler el calor. La ropa holgada permitir\u00e1 una mejor transpiraci\u00f3n ante los <strong>35\u00b0C<\/strong> previstos, manteniendo el cuerpo fresco durante el d\u00eda.\n<\/p>\n<p>No olvide llevar gafas de sol con protecci\u00f3n UV y una gorra o sombrero de ala ancha. Aunque la ma\u00f1ana inicia fresca con <strong>19\u00b0C<\/strong>, una chaqueta ligera ser\u00e1 suficiente y probablemente innecesaria despu\u00e9s de las <strong>9:00<\/strong> horas.\n<\/p>\n<h2>Calidad del aire y monitoreo oficial<\/h2>\n<p>El monitoreo ambiental reporta un \u00cdndice de Calidad del Aire (AQI) de <strong>2<\/strong>, considerado Aceptable. Con part\u00edculas PM2.5 en <strong>8.1<\/strong> \u00b5g\/m\u00b3 y PM10 en <strong>16.3<\/strong> \u00b5g\/m\u00b3, el ambiente es apto para la mayor\u00eda, aunque personas muy sensibles deben vigilar s\u00edntomas.\n<\/p>\n<p>Para actualizaciones en tiempo real, siga las cuentas de Protecci\u00f3n Civil estatal y el Servicio Meteorol\u00f3gico Nacional. Ante cualquier cambio brusco en las variables atmosf\u00e9ricas, estos canales emitir\u00e1n las alertas correspondientes a la poblaci\u00f3n.<br \/>\n<\/p>\n<p><h3 style=\"margin-bottom:10px;font-family:Arial,sans-serif;\"\/>\n    <iframe src=\"https:\/\/openweathermap.org\/weathermap?basemap=map&amp;cities=true&amp;layer=temperature&amp;lat=23.6345&amp;lon=-102.5528&amp;zoom=5\" width=\"100%\" height=\"400\" style=\"border:none;border-radius:8px;\" loading=\"lazy\"><![CDATA[\n    ]]><\/iframe>\n<\/p>\n<p style=\"font-size:12px;color:#666;margin-top:20px;\"><em>Este art\u00edculo ha sido generado con el apoyo de IA y revisado por un editor. Para m\u00e1s informaci\u00f3n, consulte nuestros t\u00e9rminos y condiciones.<\/em><\/p>\n<\/p><\/div>\n<p><script>\n    !function(f,b,e,v,n,t,s)\n    {if(f.fbq)return;n=f.fbq=function(){n.callMethod?\n    n.callMethod.apply(n,arguments):n.queue.push(arguments)};\n    if(!f._fbq)f._fbq=n;n.push=n;n.loaded=!0;n.version='2.0';\n    n.queue=[];t=b.createElement(e);t.async=!0;\n    t.src=v;s=b.getElementsByTagName(e)[0];\n    s.parentNode.insertBefore(t,s)}(window, document,'script',\n    'https:\/\/connect.facebook.net\/en_US\/fbevents.js');\n    fbq('init', '237927003583820');\n    fbq('track', 'PageView');\n  <\/script><script>\n    !function(f,b,e,v,n,t,s)\n    {if(f.fbq)return;n=f.fbq=function(){n.callMethod?\n    n.callMethod.apply(n,arguments):n.queue.push(arguments)};\n    if(!f._fbq)f._fbq=n;n.push=n;n.loaded=!0;n.version='2.0';\n    n.queue=[];t=b.createElement(e);t.async=!0;\n    t.src=v;s=b.getElementsByTagName(e)[0];\n    s.parentNode.insertBefore(t,s)}(window, document,'script',\n    'https:\/\/connect.facebook.net\/en_US\/fbevents.js');\n    fbq('init', '802372280934901');\n    fbq('track', 'PageView');\n    <\/script><br \/>\n<br \/><\/p>\n","protected":false},"excerpt":{"rendered":"<p>Este domingo 22 de febrero, la capital del estado amanece con condiciones estables y un cielo mayormente despejado. El term\u00f3metro marca actualmente 25\u00b0C, anticipando una jornada donde el calor ser\u00e1 el protagonista principal en la regi\u00f3n occidente de M\u00e9xico. \u00bfQu\u00e9 temperaturas se esperan hoy en Colima? Durante el transcurso del d\u00eda, se prev\u00e9 que el [&hellip;]<\/p>\n","protected":false},"author":2,"featured_media":3250,"comment_status":"","ping_status":"","sticky":false,"template":"","format":"standard","meta":{"footnotes":""},"categories":[2],"tags":[],"class_list":["post-3249","post","type-post","status-publish","format-standard","has-post-thumbnail","hentry","category-local"],"_links":{"self":[{"href":"https:\/\/conexion-mx.com\/index.php?rest_route=\/wp\/v2\/posts\/3249","targetHints":{"allow":["GET"]}}],"collection":[{"href":"https:\/\/conexion-mx.com\/index.php?rest_route=\/wp\/v2\/posts"}],"about":[{"href":"https:\/\/conexion-mx.com\/index.php?rest_route=\/wp\/v2\/types\/post"}],"author":[{"embeddable":true,"href":"https:\/\/conexion-mx.com\/index.php?rest_route=\/wp\/v2\/users\/2"}],"replies":[{"embeddable":true,"href":"https:\/\/conexion-mx.com\/index.php?rest_route=%2Fwp%2Fv2%2Fcomments&post=3249"}],"version-history":[{"count":0,"href":"https:\/\/conexion-mx.com\/index.php?rest_route=\/wp\/v2\/posts\/3249\/revisions"}],"wp:featuredmedia":[{"embeddable":true,"href":"https:\/\/conexion-mx.com\/index.php?rest_route=\/wp\/v2\/media\/3250"}],"wp:attachment":[{"href":"https:\/\/conexion-mx.com\/index.php?rest_route=%2Fwp%2Fv2%2Fmedia&parent=3249"}],"wp:term":[{"taxonomy":"category","embeddable":true,"href":"https:\/\/conexion-mx.com\/index.php?rest_route=%2Fwp%2Fv2%2Fcategories&post=3249"},{"taxonomy":"post_tag","embeddable":true,"href":"https:\/\/conexion-mx.com\/index.php?rest_route=%2Fwp%2Fv2%2Ftags&post=3249"}],"curies":[{"name":"wp","href":"https:\/\/api.w.org\/{rel}","templated":true}]}}