{"id":3253,"date":"2026-02-22T10:13:21","date_gmt":"2026-02-22T15:13:21","guid":{"rendered":"https:\/\/conexion-mx.com\/?p=3253"},"modified":"2026-02-22T10:13:21","modified_gmt":"2026-02-22T15:13:21","slug":"detienen-a-15-personas-y-decomisan-arsenal-en-un-operativo-de-alto-impacto-en-tapachula-chiapas","status":"publish","type":"post","link":"https:\/\/conexion-mx.com\/?p=3253","title":{"rendered":"Detienen a 15 personas y decomisan arsenal en un operativo de alto impacto en Tapachula, Chiapas"},"content":{"rendered":"<p> <br \/>\n<\/p>\n<div>\n<p>Este s\u00e1bado se llev\u00f3 a cabo un operativo interinstitucional de alto impacto en el municipio de <strong>Tapachula<\/strong>, <strong>Chiapas<\/strong> donde participaron los tres \u00f3rdenes de gobierno.<\/p>\n<p>Como resultado de este despliegue estrat\u00e9gico, ejecutado de manera simult\u00e1nea en distintos sectores del municipio, se logr\u00f3 la detenci\u00f3n y el aseguramiento de diversos objetivos prioritarios, en acciones orientadas a fortalecer el Estado de Derecho, preservar el orden p\u00fablico y salvaguardar la seguridad de la poblaci\u00f3n.<\/p>\n<aside class=\"htmlinline\"\/>\n<p>Se logr\u00f3 la detenci\u00f3n de <strong>15 personas<\/strong>, presuntamente vinculadas a actividades delictivas.<\/p>\n<p>Las personas detenidas fueron identificadas conforme a los protocolos legales correspondientes como: <strong>V\u00edctor \u201cN\u201d, Gabriel \u201cN\u201d, Iv\u00e1n \u201cN\u201d, No\u00e9 \u201cN\u201d, Mois\u00e9s \u201cN\u201d, Jersoon \u201cN\u201d, Jhon \u201cN\u201d, Humberto \u201cN\u201d, Roberto \u201cN\u201d, H\u00e9ctor \u201cN\u201d, D\u00e1ymel \u201cN\u201d, Francisco \u201cN\u201d, Diego \u201cN\u201d, David \u201cN\u201d<\/strong> y un menor de edad de identidad reservada.<\/p>\n<p>Asimismo fueron aseguradas <strong>15 armas largas<\/strong>, diversas dosis de estupefacientes, as\u00ed como<strong> 9 veh\u00edculos<\/strong> de las marcas Nissan Frontier, Mazda CX-5, Jeep Rubic\u00f3n, Toyota HEV XSE, Volkswagen Tiguan, Chevrolet Aveo, Chevrolet Aveo con caracter\u00edsticas de transporte p\u00fablico en modalidad de taxi, Toyota Camry, Ford Expedition y una motocicleta marca Italika, con posibles indicios de relaci\u00f3n en hechos il\u00edcitos.<\/p>\n<div class=\"image-align-center\">\n<figure class=\"image\"><img loading=\"lazy\" decoding=\"async\" alt=\"\" height=\"760\" src=\"https:\/\/heraldodemexico.com.mx\/u\/fotografias\/m\/2026\/2\/22\/f768x1-1249600_1249727_5050.jpeg\" width=\"768\"\/><figcaption>Foto: Especial<\/figcaption><\/figure>\n<\/div>\n<p>Las personas detenidas y objetos como comprobaci\u00f3n del il\u00edcito quedaron a disposici\u00f3n de las autoridades competentes.<\/p>\n<p>El Gobierno del Estado, en coordinaci\u00f3n con las autoridades federales, mantiene y refuerza las acciones operativas en la regi\u00f3n, privilegiando la inteligencia, la coordinaci\u00f3n institucional y la actuaci\u00f3n estrat\u00e9gica.<\/p>\n<p>La <strong>Secretar\u00eda de Seguridad del Pueblo <\/strong>reitera que las acciones de seguridad continuar\u00e1n de manera permanente, con determinaci\u00f3n, legalidad y responsabilidad institucional.<\/p>\n<p>\u00a0<\/p>\n<\/p><\/div>\n<p><script>\n    !function(f,b,e,v,n,t,s)\n    {if(f.fbq)return;n=f.fbq=function(){n.callMethod?\n    n.callMethod.apply(n,arguments):n.queue.push(arguments)};\n    if(!f._fbq)f._fbq=n;n.push=n;n.loaded=!0;n.version='2.0';\n    n.queue=[];t=b.createElement(e);t.async=!0;\n    t.src=v;s=b.getElementsByTagName(e)[0];\n    s.parentNode.insertBefore(t,s)}(window, document,'script',\n    'https:\/\/connect.facebook.net\/en_US\/fbevents.js');\n    fbq('init', '237927003583820');\n    fbq('track', 'PageView');\n  <\/script><script>\n    !function(f,b,e,v,n,t,s)\n    {if(f.fbq)return;n=f.fbq=function(){n.callMethod?\n    n.callMethod.apply(n,arguments):n.queue.push(arguments)};\n    if(!f._fbq)f._fbq=n;n.push=n;n.loaded=!0;n.version='2.0';\n    n.queue=[];t=b.createElement(e);t.async=!0;\n    t.src=v;s=b.getElementsByTagName(e)[0];\n    s.parentNode.insertBefore(t,s)}(window, document,'script',\n    'https:\/\/connect.facebook.net\/en_US\/fbevents.js');\n    fbq('init', '802372280934901');\n    fbq('track', 'PageView');\n    <\/script><br \/>\n<br \/><\/p>\n","protected":false},"excerpt":{"rendered":"<p>Este s\u00e1bado se llev\u00f3 a cabo un operativo interinstitucional de alto impacto en el municipio de Tapachula, Chiapas donde participaron los tres \u00f3rdenes de gobierno. Como resultado de este despliegue estrat\u00e9gico, ejecutado de manera simult\u00e1nea en distintos sectores del municipio, se logr\u00f3 la detenci\u00f3n y el aseguramiento de diversos objetivos prioritarios, en acciones orientadas a [&hellip;]<\/p>\n","protected":false},"author":2,"featured_media":3254,"comment_status":"","ping_status":"","sticky":false,"template":"","format":"standard","meta":{"footnotes":""},"categories":[2],"tags":[],"class_list":["post-3253","post","type-post","status-publish","format-standard","has-post-thumbnail","hentry","category-local"],"_links":{"self":[{"href":"https:\/\/conexion-mx.com\/index.php?rest_route=\/wp\/v2\/posts\/3253","targetHints":{"allow":["GET"]}}],"collection":[{"href":"https:\/\/conexion-mx.com\/index.php?rest_route=\/wp\/v2\/posts"}],"about":[{"href":"https:\/\/conexion-mx.com\/index.php?rest_route=\/wp\/v2\/types\/post"}],"author":[{"embeddable":true,"href":"https:\/\/conexion-mx.com\/index.php?rest_route=\/wp\/v2\/users\/2"}],"replies":[{"embeddable":true,"href":"https:\/\/conexion-mx.com\/index.php?rest_route=%2Fwp%2Fv2%2Fcomments&post=3253"}],"version-history":[{"count":0,"href":"https:\/\/conexion-mx.com\/index.php?rest_route=\/wp\/v2\/posts\/3253\/revisions"}],"wp:featuredmedia":[{"embeddable":true,"href":"https:\/\/conexion-mx.com\/index.php?rest_route=\/wp\/v2\/media\/3254"}],"wp:attachment":[{"href":"https:\/\/conexion-mx.com\/index.php?rest_route=%2Fwp%2Fv2%2Fmedia&parent=3253"}],"wp:term":[{"taxonomy":"category","embeddable":true,"href":"https:\/\/conexion-mx.com\/index.php?rest_route=%2Fwp%2Fv2%2Fcategories&post=3253"},{"taxonomy":"post_tag","embeddable":true,"href":"https:\/\/conexion-mx.com\/index.php?rest_route=%2Fwp%2Fv2%2Ftags&post=3253"}],"curies":[{"name":"wp","href":"https:\/\/api.w.org\/{rel}","templated":true}]}}