{"id":3271,"date":"2026-02-24T03:30:27","date_gmt":"2026-02-24T08:30:27","guid":{"rendered":"https:\/\/conexion-mx.com\/?p=3271"},"modified":"2026-02-24T03:30:27","modified_gmt":"2026-02-24T08:30:27","slug":"coleccion-gelman-se-despide-de-mexico-en-el-museo-de-arte-moderno","status":"publish","type":"post","link":"https:\/\/conexion-mx.com\/?p=3271","title":{"rendered":"Colecci\u00f3n Gelman se despide de M\u00e9xico en el Museo de Arte Moderno"},"content":{"rendered":"<p> <br \/>\n<\/p>\n<div>\n<p>Despu\u00e9s de dos d\u00e9cadas fuera del circuito expositivo nacional, el acervo reunido por <strong>Jacques y Natasha Gelman <\/strong>se exhibe en el <strong>Museo de Arte Moderno (MAM)<\/strong>. Relatos modernos. Obras emblem\u00e1ticas de la <strong>Colecci\u00f3n Gelman Santander<\/strong>, re\u00fane 68 obras de arte mexicano del siglo XX, incluidas 10 de Frida Kahlo y piezas de <strong>Mar\u00eda Izquierdo, Diego Rivera, Jos\u00e9 Clemente Orozco, Siqueiros y Rufino Tamayo, <\/strong>entre otros.\u00a0 Del conjunto, 28 obras cuentan con declaratoria de Monumento Art\u00edstico, lo que implica protecci\u00f3n especial por parte del Estado mexicano.<\/p>\n<p>\u201cEstamos ante una de las colecciones privadas m\u00e1s importantes del arte moderno mexicano\u201d, dijo Alejandra de la Paz, directora del INBAL, previo a la inauguraci\u00f3n de la exposici\u00f3n que despu\u00e9s viajar\u00e1 a Espa\u00f1a y, posteriormente, visitar\u00e1 diferentes museos del mundo, durante al menos los siguientes cinco a\u00f1os.<\/p>\n<aside class=\"htmlinline\"\/>\n<p>De la Paz se\u00f1al\u00f3 que el acervo:<\/p>\n<blockquote>\n<p>\u00abPertenece a la familia Zambrano, de Monterrey, con quien el INBAL estableci\u00f3 un convenio para difundir en el mundo las obras consideradas patrimonio. Es una colecci\u00f3n mexicana en manos de mexicanos\u201d.<\/p>\n<\/blockquote>\n<p>Otro acuerdo, de los due\u00f1os con Banco Santander ,\u00bbes \u00fanicamente de gesti\u00f3n, ellos se encargan de tr\u00e1mites, empaques, viajes, comisarios y gestiones con museos, con el fin de garantizar que estas tareas se realicen con especialistas\u201d. En los \u00faltimos d\u00edas surgi\u00f3 la pol\u00e9mica sobre la imposibilidad para lograr que el acervo se quedar\u00e1 en M\u00e9xico.<\/p>\n<p>El acuerdo con la instituci\u00f3n bancaria tiene una vigencia de cinco a\u00f1os que podr\u00e1 renovarse. De acuerdo con la funcionaria, las obras declaradas monumento art\u00edstico pueden cambiar de propietario, pero no pueden ser exportadas de manera definitiva, ya que est\u00e1n protegidas por la Ley Federal sobre Monumentos y Zonas Arqueol\u00f3gicos, Art\u00edsticos e Hist\u00f3ricos.<\/p>\n<blockquote>\n<p>\u201cCada vez que la obra se mueve, el Centro Nacional de Conservaci\u00f3n y Registro del Patrimonio Art\u00edstico Mueble realiza dict\u00e1menes y supervisa embalajes, aclimataci\u00f3n y montaje\u201d, detall\u00f3.<\/p>\n<\/blockquote>\n<p>Sobre la duraci\u00f3n espec\u00edfica de la itinerancia dijo que \u201cen este momento no tenemos determinado el tiempo, depender\u00e1 del fin para el cual se extiende el permiso y de que los museos sean los adecuados, y que los p\u00fablicos se beneficien de un acercamiento al arte mexicano\u201d.<\/p>\n<p>Tambi\u00e9n se\u00f1al\u00f3 que, hasta donde tiene conocimiento el INBAL, el acervo no hab\u00eda salido previamente del pa\u00eds. \u201cNunca ha estado fuera de M\u00e9xico, que nosotros sepamos, estuvo guardada\u201d.<\/p>\n<p>Para Carlos Segoviano, curador del MAM y co-curador de la exposici\u00f3n junto con la directora del museo, Marisol Arg\u00fcelles, el valor del acervo va m\u00e1s all\u00e1 de la suma de los nombres consagrados.<\/p>\n<p>\u201cLa colecci\u00f3n no solo se funda en los afectos de sus coleccionistas, sino tambi\u00e9n en temas fundamentales del siglo XX, como la migraci\u00f3n, la guerra y el desarrollo de las vanguardias\u201d, explic\u00f3.<\/p>\n<p>\u00a0<\/p>\n<p>El recorrido est\u00e1 organizado en cuatro n\u00facleos tem\u00e1ticos, con el retrato como eje articulador: Desde el retrato de Natasha Gelman, pintado por Rivera, hasta las obras de Frida Kahlo, la muestra explora la construcci\u00f3n de identidad, la modernidad y el di\u00e1logo entre arte y cines\u201d.<\/p>\n<p>\u201cLa Colecci\u00f3n Gelman fue de las primeras en apostar por Frida Kahlo, antes del boom comercial de los a\u00f1os noventa\u201d, destac\u00f3 Segoviano, quien subray\u00f3 que reunir 10 piezas de la artista en un mismo espacio permite analizarla desde una dimensi\u00f3n m\u00e1s compleja.<\/p>\n<p>\u201cM\u00e1s all\u00e1 del clich\u00e9, es una oportunidad para estudiar su transformaci\u00f3n estil\u00edstica y su construcci\u00f3n identitaria\u201d, agreg\u00f3 el historiador, quien considera que se trata de la tercera colecci\u00f3n con m\u00e1s obras de Kahlo, despu\u00e9s del acervo del Museo Dolores Olmedo y de otras colecciones internacionales, como la de Madonna, que se estima posee de tres a cinco obras de la mexicana.<\/p>\n<p>El v\u00ednculo con el cine es otro de los hilos conductores de la exposici\u00f3n, explic\u00f3, ya que Jack Gelman produjo 27 pel\u00edculas en M\u00e9xico, 23 de ellas con Mario Moreno Cantinflas, consolidando una relaci\u00f3n directa entre muralismo, cultura visual y la llamada \u00c9poca de Oro del cine mexicano: \u201cEsa relaci\u00f3n es clave para entender la colecci\u00f3n\u201d.<\/p>\n<p>La exposici\u00f3n permanecer\u00e1 en el Museo de Arte Moderno hasta el 17 de mayo de 2026. Posteriormente, viajar\u00e1 a Espa\u00f1a para exhibirse en el Faro Santander, en Cantabria, donde permanecer\u00e1 hasta finales de a\u00f1o.<\/p>\n<p>En el acto inaugural estuvieron presentes la titular de la Secretar\u00eda de Cultura, Claudia Curiel de Icaza; el secretario de Educaci\u00f3n P\u00fablica, Mario Delgado Carrillo; el consejero delegado del Grupo Santander, H\u00e9ctor Grisi; el director ejecutivo de Fundaci\u00f3n Santander, Francisco de Borja Baselga; y la directora del Museo de Arte Moderno y curadora de la exposici\u00f3n, Marisol Arg\u00fcelles, quienes destacaron el valor de la colaboraci\u00f3n que permite al p\u00fablico reencontrarse con un acervo emblem\u00e1tico de la modernidad mexicana.<\/p>\n<p>\u00a0<\/p>\n<p>FOTOS: Cortes\u00eda SC y Leslie P\u00e9rez\u00a0<\/p>\n<p>MAAZ<\/p>\n<p>\u00a0<\/p>\n<\/p><\/div>\n<p><script>\n    !function(f,b,e,v,n,t,s)\n    {if(f.fbq)return;n=f.fbq=function(){n.callMethod?\n    n.callMethod.apply(n,arguments):n.queue.push(arguments)};\n    if(!f._fbq)f._fbq=n;n.push=n;n.loaded=!0;n.version='2.0';\n    n.queue=[];t=b.createElement(e);t.async=!0;\n    t.src=v;s=b.getElementsByTagName(e)[0];\n    s.parentNode.insertBefore(t,s)}(window, document,'script',\n    'https:\/\/connect.facebook.net\/en_US\/fbevents.js');\n    fbq('init', '237927003583820');\n    fbq('track', 'PageView');\n  <\/script><br \/>\n<br \/><\/p>\n","protected":false},"excerpt":{"rendered":"<p>Despu\u00e9s de dos d\u00e9cadas fuera del circuito expositivo nacional, el acervo reunido por Jacques y Natasha Gelman se exhibe en el Museo de Arte Moderno (MAM). Relatos modernos. Obras emblem\u00e1ticas de la Colecci\u00f3n Gelman Santander, re\u00fane 68 obras de arte mexicano del siglo XX, incluidas 10 de Frida Kahlo y piezas de Mar\u00eda Izquierdo, Diego [&hellip;]<\/p>\n","protected":false},"author":4,"featured_media":3272,"comment_status":"","ping_status":"","sticky":false,"template":"","format":"standard","meta":{"footnotes":""},"categories":[33],"tags":[],"class_list":["post-3271","post","type-post","status-publish","format-standard","has-post-thumbnail","hentry","category-cultura"],"_links":{"self":[{"href":"https:\/\/conexion-mx.com\/index.php?rest_route=\/wp\/v2\/posts\/3271","targetHints":{"allow":["GET"]}}],"collection":[{"href":"https:\/\/conexion-mx.com\/index.php?rest_route=\/wp\/v2\/posts"}],"about":[{"href":"https:\/\/conexion-mx.com\/index.php?rest_route=\/wp\/v2\/types\/post"}],"author":[{"embeddable":true,"href":"https:\/\/conexion-mx.com\/index.php?rest_route=\/wp\/v2\/users\/4"}],"replies":[{"embeddable":true,"href":"https:\/\/conexion-mx.com\/index.php?rest_route=%2Fwp%2Fv2%2Fcomments&post=3271"}],"version-history":[{"count":0,"href":"https:\/\/conexion-mx.com\/index.php?rest_route=\/wp\/v2\/posts\/3271\/revisions"}],"wp:featuredmedia":[{"embeddable":true,"href":"https:\/\/conexion-mx.com\/index.php?rest_route=\/wp\/v2\/media\/3272"}],"wp:attachment":[{"href":"https:\/\/conexion-mx.com\/index.php?rest_route=%2Fwp%2Fv2%2Fmedia&parent=3271"}],"wp:term":[{"taxonomy":"category","embeddable":true,"href":"https:\/\/conexion-mx.com\/index.php?rest_route=%2Fwp%2Fv2%2Fcategories&post=3271"},{"taxonomy":"post_tag","embeddable":true,"href":"https:\/\/conexion-mx.com\/index.php?rest_route=%2Fwp%2Fv2%2Ftags&post=3271"}],"curies":[{"name":"wp","href":"https:\/\/api.w.org\/{rel}","templated":true}]}}