{"id":3273,"date":"2026-02-24T03:44:17","date_gmt":"2026-02-24T08:44:17","guid":{"rendered":"https:\/\/conexion-mx.com\/?p=3273"},"modified":"2026-02-24T03:44:17","modified_gmt":"2026-02-24T08:44:17","slug":"salomon-jara-recorre-juchitan-y-refuerza-operativo-de-seguridad-en-el-istmo-de-tehuantepec","status":"publish","type":"post","link":"https:\/\/conexion-mx.com\/?p=3273","title":{"rendered":"Salom\u00f3n Jara recorre Juchit\u00e1n y refuerza operativo de seguridad en el Istmo de Tehuantepec"},"content":{"rendered":"<p> <br \/>\n<\/p>\n<div>\n<p>El <strong>gobernador de Oaxaca, Salom\u00f3n Jara Cruz<\/strong>, acudi\u00f3 al municipio de <strong>Juchit\u00e1n de Zaragoza<\/strong>, donde recorri\u00f3 sus calles y se entrevist\u00f3, de manera directa, con los pobladores, a quienes expres\u00f3 el respaldo de las instituciones estatales y federales para preservar la paz en la regi\u00f3n del <strong>Istmo de Tehuantepec <\/strong>y salvaguardar el bienestar de las familias.\u00a0<\/p>\n<p>Asimismo, refrend\u00f3 el compromiso de la <strong>Primavera Oaxaque\u00f1a<\/strong> con la protecci\u00f3n del <strong>Estado de Derecho<\/strong>, mediante la presencia permanente de los tres niveles de gobierno.<\/p>\n<aside class=\"htmlinline\"\/>\n<blockquote>\n<p>\u201cEstamos d\u00e1ndole confianza a la poblaci\u00f3n ya recorr\u00ed el municipio, queremos que la gente est\u00e9 tranquila, se le da la confianza. Conf\u00eden en que vamos a tener la paz que tanto se requiere\u201d, afirm\u00f3.<\/p>\n<\/blockquote>\n<div class=\"image-align-center\">\n<figure class=\"image\"><img loading=\"lazy\" decoding=\"async\" alt=\"\" height=\"452\" src=\"https:\/\/heraldodemexico.com.mx\/u\/fotografias\/m\/2026\/2\/23\/f768x1-1250376_1250503_5050.jpg\" width=\"680\"\/><figcaption>Salom\u00f3n Jara\u00a0se entrevist\u00f3, de manera directa, con los pobladores. Foto: Especial<\/figcaption><\/figure>\n<\/div>\n<h2>Se reforzar\u00e1n acciones para garantizar la <strong>paz<\/strong><\/h2>\n<p>En esta visita, el mandatario estatal encabez\u00f3 la <strong>Mesa de Seguridad<\/strong>, en la cual se present\u00f3 un balance actualizado del operativo que se implementa desde ayer, tras los hechos registrados el domingo en tres municipios istme\u00f1os. Destac\u00f3 que, mediante esta mesa, se dar\u00e1 acompa\u00f1amiento a la poblaci\u00f3n, por lo que se reforzar\u00e1n acciones para garantizar la <strong>paz<\/strong>, a fin de que las personas desarrollen sus actividades productivas y cotidianas de manera normal.<\/p>\n<p>En su encuentro con la <strong>ciudadan\u00eda<\/strong>, mujeres y hombres expresaron su gratitud\u00a0por la reacci\u00f3n inmediata de las corporaciones de seguridad, lo que inhibi\u00f3 que la violencia se extendiera a m\u00e1s sitios.<\/p>\n<div class=\"image-align-center\">\n<figure class=\"image\"><img loading=\"lazy\" decoding=\"async\" alt=\"\" height=\"452\" src=\"https:\/\/heraldodemexico.com.mx\/u\/fotografias\/m\/2026\/2\/23\/f768x1-1250378_1250505_5050.jpg\" width=\"680\"\/><figcaption>El mandatario estatal encabez\u00f3 la Mesa de Seguridad. Foto: Especial<\/figcaption><\/figure>\n<\/div>\n<h2>M\u00e1s de <strong>mil elementos<\/strong> desplegados<\/h2>\n<p>El<strong> gobernador<\/strong>\u00a0explic\u00f3 que\u00a0desde las primeras horas\u00a0se desplegaron m\u00e1s de<strong> mil elementos estatales y federales<\/strong> para fortalecer la presencia en puntos estrat\u00e9gicos de la regi\u00f3n; se instalaron filtros de seguridad en <strong>10 municipios<\/strong>; adem\u00e1s, se efectuaron sobrevuelos de monitoreo, entre otras acciones estrat\u00e9gicas.<\/p>\n<p>El gobierno de <strong>Oaxaca<\/strong> indic\u00f3 que en\u00a0este operativo participan\u00a0la Secretar\u00eda de Seguridad y Protecci\u00f3n Ciudadana (<strong>SSPC<\/strong>); el Centro de Control, Comando, Comunicaci\u00f3n, Coordinaci\u00f3n e Inteligencia (<strong>C5i<\/strong>); Fiscal\u00eda General del Estado de Oaxaca (<strong>FGEO<\/strong>); las secretar\u00edas de la Defensa Nacional (<strong>Defensa<\/strong>) y de Marina (<strong>Semar<\/strong>); Guardia Nacional,\u00a0y la autoridad municipal.\u00a0<\/p>\n<p>\u00a0<\/p>\n<\/p><\/div>\n<p><script>\n    !function(f,b,e,v,n,t,s)\n    {if(f.fbq)return;n=f.fbq=function(){n.callMethod?\n    n.callMethod.apply(n,arguments):n.queue.push(arguments)};\n    if(!f._fbq)f._fbq=n;n.push=n;n.loaded=!0;n.version='2.0';\n    n.queue=[];t=b.createElement(e);t.async=!0;\n    t.src=v;s=b.getElementsByTagName(e)[0];\n    s.parentNode.insertBefore(t,s)}(window, document,'script',\n    'https:\/\/connect.facebook.net\/en_US\/fbevents.js');\n    fbq('init', '237927003583820');\n    fbq('track', 'PageView');\n  <\/script><script>\n    !function(f,b,e,v,n,t,s)\n    {if(f.fbq)return;n=f.fbq=function(){n.callMethod?\n    n.callMethod.apply(n,arguments):n.queue.push(arguments)};\n    if(!f._fbq)f._fbq=n;n.push=n;n.loaded=!0;n.version='2.0';\n    n.queue=[];t=b.createElement(e);t.async=!0;\n    t.src=v;s=b.getElementsByTagName(e)[0];\n    s.parentNode.insertBefore(t,s)}(window, document,'script',\n    'https:\/\/connect.facebook.net\/en_US\/fbevents.js');\n    fbq('init', '802372280934901');\n    fbq('track', 'PageView');\n    <\/script><br \/>\n<br \/><\/p>\n","protected":false},"excerpt":{"rendered":"<p>El gobernador de Oaxaca, Salom\u00f3n Jara Cruz, acudi\u00f3 al municipio de Juchit\u00e1n de Zaragoza, donde recorri\u00f3 sus calles y se entrevist\u00f3, de manera directa, con los pobladores, a quienes expres\u00f3 el respaldo de las instituciones estatales y federales para preservar la paz en la regi\u00f3n del Istmo de Tehuantepec y salvaguardar el bienestar de las [&hellip;]<\/p>\n","protected":false},"author":2,"featured_media":3274,"comment_status":"","ping_status":"","sticky":false,"template":"","format":"standard","meta":{"footnotes":""},"categories":[2],"tags":[],"class_list":["post-3273","post","type-post","status-publish","format-standard","has-post-thumbnail","hentry","category-local"],"_links":{"self":[{"href":"https:\/\/conexion-mx.com\/index.php?rest_route=\/wp\/v2\/posts\/3273","targetHints":{"allow":["GET"]}}],"collection":[{"href":"https:\/\/conexion-mx.com\/index.php?rest_route=\/wp\/v2\/posts"}],"about":[{"href":"https:\/\/conexion-mx.com\/index.php?rest_route=\/wp\/v2\/types\/post"}],"author":[{"embeddable":true,"href":"https:\/\/conexion-mx.com\/index.php?rest_route=\/wp\/v2\/users\/2"}],"replies":[{"embeddable":true,"href":"https:\/\/conexion-mx.com\/index.php?rest_route=%2Fwp%2Fv2%2Fcomments&post=3273"}],"version-history":[{"count":0,"href":"https:\/\/conexion-mx.com\/index.php?rest_route=\/wp\/v2\/posts\/3273\/revisions"}],"wp:featuredmedia":[{"embeddable":true,"href":"https:\/\/conexion-mx.com\/index.php?rest_route=\/wp\/v2\/media\/3274"}],"wp:attachment":[{"href":"https:\/\/conexion-mx.com\/index.php?rest_route=%2Fwp%2Fv2%2Fmedia&parent=3273"}],"wp:term":[{"taxonomy":"category","embeddable":true,"href":"https:\/\/conexion-mx.com\/index.php?rest_route=%2Fwp%2Fv2%2Fcategories&post=3273"},{"taxonomy":"post_tag","embeddable":true,"href":"https:\/\/conexion-mx.com\/index.php?rest_route=%2Fwp%2Fv2%2Ftags&post=3273"}],"curies":[{"name":"wp","href":"https:\/\/api.w.org\/{rel}","templated":true}]}}