{"id":3285,"date":"2026-02-24T17:52:32","date_gmt":"2026-02-24T22:52:32","guid":{"rendered":"https:\/\/conexion-mx.com\/?p=3285"},"modified":"2026-02-24T17:52:32","modified_gmt":"2026-02-24T22:52:32","slug":"christian-nodal-pide-a-cazzu-que-deje-de-utilizar-a-su-hija-como-bandera-la-maternidad-es-sagrada","status":"publish","type":"post","link":"https:\/\/conexion-mx.com\/?p=3285","title":{"rendered":"Christian Nodal pide a Cazzu que deje de utilizar a su hija como bandera: \u00abla maternidad es sagrada\u00bb"},"content":{"rendered":"<p> <br \/>\n<\/p>\n<div>\n<p>Christian<strong> Nodal<\/strong> arremeti\u00f3 en contra de Cazzu despu\u00e9s de que se diera una nueva pol\u00e9mica en el mundo del Espect\u00e1culo. <strong>Rauw<\/strong> <strong>Alejandro, Jheyco y Tainy<\/strong> estrenaron una nueva canci\u00f3n en donde se hace una menci\u00f3n expl\u00edcita a <strong>Christian Nodal<\/strong> y lo r\u00e1pido que se organiz\u00f3 su boda con \u00c1ngela Aguilar.\u00a0<\/p>\n<p>Ante esto, fue <strong>Cazzu<\/strong> quien reaccion\u00f3 de manera inmediata y dej\u00f3 de seguir a todos los involucrados en las redes sociales, para luego lanzar algunos mensajes en Twitter. Posteriormente, otras de sus amigas se unieron a ello como<strong> La Joaqui<\/strong>, quien salt\u00f3 a defenderla a trav\u00e9s de las redes sociales, incluso <strong>Nicki Nicole<\/strong>, quien se uni\u00f3 al boicot.\u00a0<\/p>\n<aside class=\"htmlinline\"\/>\n<h2>Nodal arremete contra Cazzu<\/h2>\n<p>Ante esto, <strong>Christian Nodal<\/strong> reaccion\u00f3 a trav\u00e9s de su grupo de <strong>FORAJIDOS<\/strong> en Instagram, donde lanz\u00f3 un mensaje para todos los fan\u00e1ticos y fan\u00e1ticas que son parte de dicho canal de difusi\u00f3n. En este, asegur\u00f3 que se arm\u00f3 todo un dram\u00f3n solamente por una barra dentro de una canci\u00f3n donde se burlan de \u00e9l directamente, no de Cazzu.\u00a0<\/p>\n<aside class=\"relacionadas con-foto linea-1078\"><strong class=\"relacionadas-titulo-gral\">Noticias Relacionadas<\/strong><\/aside>\n<figure class=\"image\"><img loading=\"lazy\" decoding=\"async\" alt=\"\" height=\"697\" src=\"https:\/\/heraldodemexico.com.mx\/u\/fotografias\/m\/2026\/2\/24\/f768x1-1250728_1250855_5050.png\" width=\"768\"\/><figcaption>As\u00ed lo escribi\u00f3 el cantante. Cr\u00e9dito: Christian Nodal<\/figcaption><\/figure>\n<p>Por otra parte, asegur\u00f3 que est\u00e1 tomando el tema de la maternidad como una forma de <strong>tomar bandera<\/strong> de manera p\u00fablica, reforzando la <strong>narrativa que hay en contra de \u00e9l<\/strong> y de su pareja, para luego asegurar que est\u00e1 utilizando a hija como un medio ante la gente que la sigue en redes sociales.<\/p>\n<blockquote>\n<p>\u00abUn tema tan delicado como la maternidad es sagrado. Y precisamente por eso no deber\u00eda utilizarse como escudo cada vez que algo no gusta. Mucho menos involucrar p\u00fablicamente a mi hija para reforzar una narrativa. Ella no es argumento, no es s\u00edmbolo, no es bandera. Es mi beb\u00e9\u00bb<\/p>\n<p>\u00abEl llamado \u201clado despierto\u201d est\u00e1 compuesto por madres, mujeres que han sufrido de verdad, que enfrentan injusticias reales todos los d\u00edas. Ellas merecen respeto absoluto. Pero usar ese dolor leg\u00edtimo para encajar cualquier situaci\u00f3n personal dentro de esa categor\u00eda es otra cosa\u00bb<\/p>\n<\/blockquote>\n<figure class=\"image\"><img loading=\"lazy\" decoding=\"async\" alt=\"\" height=\"719\" src=\"https:\/\/heraldodemexico.com.mx\/u\/fotografias\/m\/2026\/2\/24\/f768x1-1250729_1250856_5050.png\" width=\"768\"\/><figcaption>El cantante no se qued\u00f3 callado. Cr\u00e9dito: Nodal<\/figcaption><\/figure>\n<h2>Christian Nodal pide a Cazzu que deje de utilizar a su hija<\/h2>\n<p>Adem\u00e1s, asegur\u00f3 que <strong>Cazzu<\/strong> se gan\u00f3 los corazones de la gente, pero fue m\u00e1s a trav\u00e9s de\u00a0<strong>mentiras, insinuaciones, respuestas<\/strong> <strong>ambiguas, memoria selectiva<\/strong>, as\u00ed como manipulaci\u00f3n de la narrativa que rodea desde su relaci\u00f3n, hasta su embarazo e incluso su separaci\u00f3n. Por \u00faltimo, pidi\u00f3 que se deje de utilizar a su hija para esto, pues la est\u00e1 afectando directamente.<\/p>\n<blockquote>\n<p>\u00abJusto esas mujeres son quienes est\u00e1n haciendo todo por asistir a los conciertos. Defienden a capa y espada porque, entre mentiras, insinuaciones, respuestas ambiguas, memoria selectiva, manipulaci\u00f3n de narrativa y, por supuesto, tambi\u00e9n muchas cosas buenas que coexisten, se gan\u00f3 corazones, aunque nadie deber\u00eda usar esos m\u00e9todos para conseguirlo. Y lo m\u00e1s importante: si esta situaci\u00f3n est\u00e1 afectando, como lo planteo, a mi hija, ni mi n\u00famero de tel\u00e9fono ni mis intenciones han cambiado. Mis abogados siguen buscando una soluci\u00f3n justa y regulada. Y yo sigo contando amaneceres pa\u2019 volver a ver mi sol\u00bb\n<\/p>\n<\/blockquote><\/div>\n<p><script>\n    !function(f,b,e,v,n,t,s)\n    {if(f.fbq)return;n=f.fbq=function(){n.callMethod?\n    n.callMethod.apply(n,arguments):n.queue.push(arguments)};\n    if(!f._fbq)f._fbq=n;n.push=n;n.loaded=!0;n.version='2.0';\n    n.queue=[];t=b.createElement(e);t.async=!0;\n    t.src=v;s=b.getElementsByTagName(e)[0];\n    s.parentNode.insertBefore(t,s)}(window, document,'script',\n    'https:\/\/connect.facebook.net\/en_US\/fbevents.js');\n    fbq('init', '237927003583820');\n    fbq('track', 'PageView');\n  <\/script><script>\n    !function(f,b,e,v,n,t,s)\n    {if(f.fbq)return;n=f.fbq=function(){n.callMethod?\n    n.callMethod.apply(n,arguments):n.queue.push(arguments)};\n    if(!f._fbq)f._fbq=n;n.push=n;n.loaded=!0;n.version='2.0';\n    n.queue=[];t=b.createElement(e);t.async=!0;\n    t.src=v;s=b.getElementsByTagName(e)[0];\n    s.parentNode.insertBefore(t,s)}(window, document,'script',\n    'https:\/\/connect.facebook.net\/en_US\/fbevents.js');\n    fbq('init', '775201487065840');\n    fbq('track', 'PageView');\n    <\/script><br \/>\n<br \/><\/p>\n","protected":false},"excerpt":{"rendered":"<p>Christian Nodal arremeti\u00f3 en contra de Cazzu despu\u00e9s de que se diera una nueva pol\u00e9mica en el mundo del Espect\u00e1culo. Rauw Alejandro, Jheyco y Tainy estrenaron una nueva canci\u00f3n en donde se hace una menci\u00f3n expl\u00edcita a Christian Nodal y lo r\u00e1pido que se organiz\u00f3 su boda con \u00c1ngela Aguilar.\u00a0 Ante esto, fue Cazzu quien [&hellip;]<\/p>\n","protected":false},"author":3,"featured_media":3286,"comment_status":"","ping_status":"","sticky":false,"template":"","format":"standard","meta":{"footnotes":""},"categories":[35],"tags":[],"class_list":["post-3285","post","type-post","status-publish","format-standard","has-post-thumbnail","hentry","category-espectaculos"],"_links":{"self":[{"href":"https:\/\/conexion-mx.com\/index.php?rest_route=\/wp\/v2\/posts\/3285","targetHints":{"allow":["GET"]}}],"collection":[{"href":"https:\/\/conexion-mx.com\/index.php?rest_route=\/wp\/v2\/posts"}],"about":[{"href":"https:\/\/conexion-mx.com\/index.php?rest_route=\/wp\/v2\/types\/post"}],"author":[{"embeddable":true,"href":"https:\/\/conexion-mx.com\/index.php?rest_route=\/wp\/v2\/users\/3"}],"replies":[{"embeddable":true,"href":"https:\/\/conexion-mx.com\/index.php?rest_route=%2Fwp%2Fv2%2Fcomments&post=3285"}],"version-history":[{"count":0,"href":"https:\/\/conexion-mx.com\/index.php?rest_route=\/wp\/v2\/posts\/3285\/revisions"}],"wp:featuredmedia":[{"embeddable":true,"href":"https:\/\/conexion-mx.com\/index.php?rest_route=\/wp\/v2\/media\/3286"}],"wp:attachment":[{"href":"https:\/\/conexion-mx.com\/index.php?rest_route=%2Fwp%2Fv2%2Fmedia&parent=3285"}],"wp:term":[{"taxonomy":"category","embeddable":true,"href":"https:\/\/conexion-mx.com\/index.php?rest_route=%2Fwp%2Fv2%2Fcategories&post=3285"},{"taxonomy":"post_tag","embeddable":true,"href":"https:\/\/conexion-mx.com\/index.php?rest_route=%2Fwp%2Fv2%2Ftags&post=3285"}],"curies":[{"name":"wp","href":"https:\/\/api.w.org\/{rel}","templated":true}]}}