{"id":3287,"date":"2026-02-24T20:46:13","date_gmt":"2026-02-25T01:46:13","guid":{"rendered":"https:\/\/conexion-mx.com\/?p=3287"},"modified":"2026-02-24T20:46:13","modified_gmt":"2026-02-25T01:46:13","slug":"shakira-en-el-zocalo-estas-son-las-lineas-del-metro-que-cerraran-hasta-la-1-de-la-manana-por-el-concierto-de-la-colombiana","status":"publish","type":"post","link":"https:\/\/conexion-mx.com\/?p=3287","title":{"rendered":"Shakira en el Z\u00f3calo: estas son las l\u00edneas del Metro que cerrar\u00e1n hasta la 1 de la ma\u00f1ana por el concierto de la colombiana"},"content":{"rendered":"<p> <br \/>\n<\/p>\n<div>\n<p>Con motivo del concierto masivo de Shakira en el Z\u00f3calo capitalino, el Gobierno de la Ciudad de M\u00e9xico anunci\u00f3 la ampliaci\u00f3n del horario del <strong>Sistema de Transporte Colectivo Metro<\/strong> hasta la 1:00 de la ma\u00f1ana el pr\u00f3ximo domingo 1 de marzo, como parte del operativo especial para facilitar el regreso seguro de asistentes.<\/p>\n<p>La medida aplicar\u00e1<strong> en las l\u00edneas 1, 2 y 9. <\/strong>Aunque la L\u00ednea 2 se encuentra en proceso de obras y adecuaciones, autoridades confirmaron que estar\u00e1 funcional el domingo para atender la demanda derivada del evento.<\/p>\n<aside class=\"htmlinline\"\/>\n<p>El anuncio forma parte de la estrategia integral que la administraci\u00f3n capitalina implementa para garantizar movilidad, orden y seguridad durante actividades de alta concentraci\u00f3n. Desde el gobierno local se indic\u00f3 que la ampliaci\u00f3n busca evitar saturaci\u00f3n en vialidades y ofrecer alternativas eficientes de transporte p\u00fablico <strong>para quienes acudan al concierto gratuito.<\/strong><\/p>\n<p>Dicho dispositivo contempla despliegue de <strong>seguridad, monitoreo a trav\u00e9s del C5 <\/strong>y atenci\u00f3n ciudadana en puntos estrat\u00e9gicos del Centro Hist\u00f3rico. La intenci\u00f3n es que la experiencia de ingreso y salida del evento se desarrolle sin contratiempos.<\/p>\n<p>Autoridades tambi\u00e9n se\u00f1alaron que la <strong>ampliaci\u00f3n del horario del Metro<\/strong> se integra a una serie de medidas previstas no s\u00f3lo para este concierto, sino como parte de la preparaci\u00f3n continua de la ciudad para eventos internacionales de gran escala, <strong>incluido el Mundial de 2026.<\/strong><\/p>\n<p>En ese contexto,<strong> la jefa de Gobierno, Clara Brugada,<\/strong> reiter\u00f3 que la capital se encuentra preparada en t\u00e9rminos de seguridad, log\u00edstica y movilidad para albergar concentraciones masivas. Adem\u00e1s, explic\u00f3 que la experiencia acumulada en la organizaci\u00f3n de espect\u00e1culos internacionales y eventos deportivos ha servido como base para <strong>ajustar protocolos y fortalecer la capacidad de respuesta institucional.<\/strong><\/p>\n<p>A la par del transporte extendido, se mantiene coordinaci\u00f3n con las alcald\u00edas y con instancias federales para garantizar condiciones de tranquilidad antes, durante y despu\u00e9s del evento. La estrategia contempla <strong>supervisi\u00f3n permanente y seguimiento operativo en tiempo real.<\/strong><\/p>\n<p>El gobierno capitalino destac\u00f3 que la ampliaci\u00f3n del servicio del Metro representa una acci\u00f3n preventiva para evitar riesgos asociados a desplazamientos nocturnos y facilitar el flujo ordenado de personas en el primer cuadro de la ciudad.<\/p>\n<p>Con esta medida, la administraci\u00f3n local busca enviar un mensaje de organizaci\u00f3n y previsi\u00f3n ante eventos de alta convocatoria, en un contexto donde la capital contin\u00faa posicion\u00e1ndose como sede de espect\u00e1culos internacionales y como futura anfitriona de la Copa del Mundo.<\/p>\n<p>\u00a0<\/p>\n<\/p><\/div>\n<p><script>\n    !function(f,b,e,v,n,t,s)\n    {if(f.fbq)return;n=f.fbq=function(){n.callMethod?\n    n.callMethod.apply(n,arguments):n.queue.push(arguments)};\n    if(!f._fbq)f._fbq=n;n.push=n;n.loaded=!0;n.version='2.0';\n    n.queue=[];t=b.createElement(e);t.async=!0;\n    t.src=v;s=b.getElementsByTagName(e)[0];\n    s.parentNode.insertBefore(t,s)}(window, document,'script',\n    'https:\/\/connect.facebook.net\/en_US\/fbevents.js');\n    fbq('init', '237927003583820');\n    fbq('track', 'PageView');\n  <\/script><script>\n    !function(f,b,e,v,n,t,s)\n    {if(f.fbq)return;n=f.fbq=function(){n.callMethod?\n    n.callMethod.apply(n,arguments):n.queue.push(arguments)};\n    if(!f._fbq)f._fbq=n;n.push=n;n.loaded=!0;n.version='2.0';\n    n.queue=[];t=b.createElement(e);t.async=!0;\n    t.src=v;s=b.getElementsByTagName(e)[0];\n    s.parentNode.insertBefore(t,s)}(window, document,'script',\n    'https:\/\/connect.facebook.net\/en_US\/fbevents.js');\n    fbq('init', '802372280934901');\n    fbq('track', 'PageView');\n    <\/script><br \/>\n<br \/><\/p>\n","protected":false},"excerpt":{"rendered":"<p>Con motivo del concierto masivo de Shakira en el Z\u00f3calo capitalino, el Gobierno de la Ciudad de M\u00e9xico anunci\u00f3 la ampliaci\u00f3n del horario del Sistema de Transporte Colectivo Metro hasta la 1:00 de la ma\u00f1ana el pr\u00f3ximo domingo 1 de marzo, como parte del operativo especial para facilitar el regreso seguro de asistentes. La medida [&hellip;]<\/p>\n","protected":false},"author":2,"featured_media":3288,"comment_status":"","ping_status":"","sticky":false,"template":"","format":"standard","meta":{"footnotes":""},"categories":[2],"tags":[],"class_list":["post-3287","post","type-post","status-publish","format-standard","has-post-thumbnail","hentry","category-local"],"_links":{"self":[{"href":"https:\/\/conexion-mx.com\/index.php?rest_route=\/wp\/v2\/posts\/3287","targetHints":{"allow":["GET"]}}],"collection":[{"href":"https:\/\/conexion-mx.com\/index.php?rest_route=\/wp\/v2\/posts"}],"about":[{"href":"https:\/\/conexion-mx.com\/index.php?rest_route=\/wp\/v2\/types\/post"}],"author":[{"embeddable":true,"href":"https:\/\/conexion-mx.com\/index.php?rest_route=\/wp\/v2\/users\/2"}],"replies":[{"embeddable":true,"href":"https:\/\/conexion-mx.com\/index.php?rest_route=%2Fwp%2Fv2%2Fcomments&post=3287"}],"version-history":[{"count":0,"href":"https:\/\/conexion-mx.com\/index.php?rest_route=\/wp\/v2\/posts\/3287\/revisions"}],"wp:featuredmedia":[{"embeddable":true,"href":"https:\/\/conexion-mx.com\/index.php?rest_route=\/wp\/v2\/media\/3288"}],"wp:attachment":[{"href":"https:\/\/conexion-mx.com\/index.php?rest_route=%2Fwp%2Fv2%2Fmedia&parent=3287"}],"wp:term":[{"taxonomy":"category","embeddable":true,"href":"https:\/\/conexion-mx.com\/index.php?rest_route=%2Fwp%2Fv2%2Fcategories&post=3287"},{"taxonomy":"post_tag","embeddable":true,"href":"https:\/\/conexion-mx.com\/index.php?rest_route=%2Fwp%2Fv2%2Ftags&post=3287"}],"curies":[{"name":"wp","href":"https:\/\/api.w.org\/{rel}","templated":true}]}}