{"id":3289,"date":"2026-02-25T04:54:53","date_gmt":"2026-02-25T09:54:53","guid":{"rendered":"https:\/\/conexion-mx.com\/?p=3289"},"modified":"2026-02-25T04:54:53","modified_gmt":"2026-02-25T09:54:53","slug":"clara-brugada-firma-convenio-con-antad-para-fortalecer-la-separacion-de-residuos-en-la-cdmx","status":"publish","type":"post","link":"https:\/\/conexion-mx.com\/?p=3289","title":{"rendered":"Clara Brugada firma convenio con ANTAD para fortalecer la separaci\u00f3n de residuos en la CDMX"},"content":{"rendered":"<p> <br \/>\n<\/p>\n<div>\n<p>La jefa de Gobierno de la Ciudad de M\u00e9xico, <strong>Clara Brugada Molina<\/strong>, firm\u00f3 un convenio de colaboraci\u00f3n con la Asociaci\u00f3n Nacional de Tiendas de Autoservicio y Departamentales (<strong>ANTAD<\/strong>) para fortalecer la campa\u00f1a<strong> \u201cTransforma tu ciudad, cada residuo en su lugar\u201d,<\/strong> para ampliar su alcance en miles de puntos de contacto directo con la poblaci\u00f3n.<\/p>\n<p>Frente a representantes del sector comercial, la mandataria subray\u00f3 que la capital recibe diariamente ocho mil 500 toneladas de residuos en centros de transferencia, una cifra que dimensiona el desaf\u00edo ambiental.<\/p>\n<aside class=\"htmlinline\"\/>\n<blockquote>\n<p>\u201cEstamos apostando a que al 2030 lleguemos a que la mitad de estos residuos est\u00e9n transformados\u201d, afirm\u00f3.<\/p>\n<\/blockquote>\n<p>La mandataria capitalina remarc\u00f3 que la transformaci\u00f3n comienza donde se originan los desechos, en hogares y establecimientos.\u00a0<\/p>\n<p>\u201cDonde se generan los residuos pueda haber un cambio de h\u00e1bitos\u201d, expres\u00f3 Brugada al destacar que la separaci\u00f3n adecuada es el primer paso hacia el reciclaje y la econom\u00eda circular.<\/p>\n<p>Esta campa\u00f1a promueve la clasificaci\u00f3n en tres fracciones: org\u00e1nicos, reciclables y sanitarios. En ese contexto, <strong>Brugada Molina<\/strong> plante\u00f3 un giro conceptual que busca modificar la percepci\u00f3n ciudadana.\u00a0<\/p>\n<blockquote>\n<p>\u201cCuando le damos valor a los residuos, dejamos de llamarle basura\u201d, sostuvo al referirse al contenedor gris destinado a materiales con potencial de reutilizaci\u00f3n, como papel y pl\u00e1stico.<\/p>\n<\/blockquote>\n<p>En el acto, el presidente ejecutivo de l<strong>a ANTAD, Diego Cos\u00edo<\/strong>, manifest\u00f3 el compromiso de las m\u00e1s de ocho mil tiendas afiliadas para difundir activamente la separaci\u00f3n.\u00a0<\/p>\n<p>Representantes empresariales a\u00f1adieron que el gremio ya desarrolla acciones en energ\u00edas limpias, captaci\u00f3n pluvial, reciclaje de agua y manejo responsable de materiales, por lo que la adhesi\u00f3n formal a la campa\u00f1a capitalina consolida un trabajo previo.<\/p>\n<p>El secretario de Administraci\u00f3n y Finanzas,<strong> Juan Pablo de Botton<\/strong>, se\u00f1al\u00f3 que la colaboraci\u00f3n con el sector empresarial ha sido clave en distintas pol\u00edticas p\u00fablicas, incluidas inversiones en infraestructura y programas ambientales.\u00a0<\/p>\n<p>Explic\u00f3 que la separaci\u00f3n es \u201cel primer paso hacia el reciclaje y hacia una econom\u00eda circular\u201d, por lo que esta participaci\u00f3n permitir\u00e1 ampliar el alcance del mensaje.<\/p>\n<p>Al acto tambi\u00e9n acudieron la secretaria del <strong>Medio Ambiente, Julia \u00c1lvarez Icaza<\/strong>, as\u00ed como directivos de cadenas comerciales, entre ellos<strong> Alfonso Barrag\u00e1n,<\/strong> representante de La Comer.\u00a0<\/p>\n<p>Funcionarios explicaron que, adem\u00e1s de la difusi\u00f3n, algunos establecimientos incorporar\u00e1n contenedores diferenciados en accesos y \u00e1reas visibles para reforzar el h\u00e1bito de clasificaci\u00f3n.\u00a0<\/p>\n<p>\u00a0<\/p>\n<p>MAAZ<\/p>\n<p>\u00a0<\/p>\n<\/p><\/div>\n<p><script>\n    !function(f,b,e,v,n,t,s)\n    {if(f.fbq)return;n=f.fbq=function(){n.callMethod?\n    n.callMethod.apply(n,arguments):n.queue.push(arguments)};\n    if(!f._fbq)f._fbq=n;n.push=n;n.loaded=!0;n.version='2.0';\n    n.queue=[];t=b.createElement(e);t.async=!0;\n    t.src=v;s=b.getElementsByTagName(e)[0];\n    s.parentNode.insertBefore(t,s)}(window, document,'script',\n    'https:\/\/connect.facebook.net\/en_US\/fbevents.js');\n    fbq('init', '237927003583820');\n    fbq('track', 'PageView');\n  <\/script><script>\n    !function(f,b,e,v,n,t,s)\n    {if(f.fbq)return;n=f.fbq=function(){n.callMethod?\n    n.callMethod.apply(n,arguments):n.queue.push(arguments)};\n    if(!f._fbq)f._fbq=n;n.push=n;n.loaded=!0;n.version='2.0';\n    n.queue=[];t=b.createElement(e);t.async=!0;\n    t.src=v;s=b.getElementsByTagName(e)[0];\n    s.parentNode.insertBefore(t,s)}(window, document,'script',\n    'https:\/\/connect.facebook.net\/en_US\/fbevents.js');\n    fbq('init', '802372280934901');\n    fbq('track', 'PageView');\n    <\/script><br \/>\n<br \/><\/p>\n","protected":false},"excerpt":{"rendered":"<p>La jefa de Gobierno de la Ciudad de M\u00e9xico, Clara Brugada Molina, firm\u00f3 un convenio de colaboraci\u00f3n con la Asociaci\u00f3n Nacional de Tiendas de Autoservicio y Departamentales (ANTAD) para fortalecer la campa\u00f1a \u201cTransforma tu ciudad, cada residuo en su lugar\u201d, para ampliar su alcance en miles de puntos de contacto directo con la poblaci\u00f3n. Frente [&hellip;]<\/p>\n","protected":false},"author":2,"featured_media":3290,"comment_status":"","ping_status":"","sticky":false,"template":"","format":"standard","meta":{"footnotes":""},"categories":[2],"tags":[],"class_list":["post-3289","post","type-post","status-publish","format-standard","has-post-thumbnail","hentry","category-local"],"_links":{"self":[{"href":"https:\/\/conexion-mx.com\/index.php?rest_route=\/wp\/v2\/posts\/3289","targetHints":{"allow":["GET"]}}],"collection":[{"href":"https:\/\/conexion-mx.com\/index.php?rest_route=\/wp\/v2\/posts"}],"about":[{"href":"https:\/\/conexion-mx.com\/index.php?rest_route=\/wp\/v2\/types\/post"}],"author":[{"embeddable":true,"href":"https:\/\/conexion-mx.com\/index.php?rest_route=\/wp\/v2\/users\/2"}],"replies":[{"embeddable":true,"href":"https:\/\/conexion-mx.com\/index.php?rest_route=%2Fwp%2Fv2%2Fcomments&post=3289"}],"version-history":[{"count":0,"href":"https:\/\/conexion-mx.com\/index.php?rest_route=\/wp\/v2\/posts\/3289\/revisions"}],"wp:featuredmedia":[{"embeddable":true,"href":"https:\/\/conexion-mx.com\/index.php?rest_route=\/wp\/v2\/media\/3290"}],"wp:attachment":[{"href":"https:\/\/conexion-mx.com\/index.php?rest_route=%2Fwp%2Fv2%2Fmedia&parent=3289"}],"wp:term":[{"taxonomy":"category","embeddable":true,"href":"https:\/\/conexion-mx.com\/index.php?rest_route=%2Fwp%2Fv2%2Fcategories&post=3289"},{"taxonomy":"post_tag","embeddable":true,"href":"https:\/\/conexion-mx.com\/index.php?rest_route=%2Fwp%2Fv2%2Ftags&post=3289"}],"curies":[{"name":"wp","href":"https:\/\/api.w.org\/{rel}","templated":true}]}}