{"id":3291,"date":"2026-02-25T10:55:28","date_gmt":"2026-02-25T15:55:28","guid":{"rendered":"https:\/\/conexion-mx.com\/?p=3291"},"modified":"2026-02-25T10:55:28","modified_gmt":"2026-02-25T15:55:28","slug":"higiene-del-sueno-el-impacto-del-descanso-en-la-productividad-laboral","status":"publish","type":"post","link":"https:\/\/conexion-mx.com\/?p=3291","title":{"rendered":"Higiene del sue\u00f1o: el impacto del descanso en la productividad laboral"},"content":{"rendered":"<p> <br \/>\n<\/p>\n<div>\n<p>En un mundo que premia la inmediatez, la disponibilidad permanente y las jornadas extensas, dormir suele percibirse err\u00f3neamente como tiempo perdido. Sin embargo, desde la perspectiva de la <strong>neurofisiolog\u00eda cl\u00ednica<\/strong>, la evidencia es contundente: el sue\u00f1o no es una pausa pasiva ni un lujo prescindible, sino un <strong>proceso biol\u00f3gico activo y esencial.<\/strong> La <strong>higiene del sue\u00f1o<\/strong> determina la calidad del desempe\u00f1o profesional, la agudeza en la toma de decisiones y la estabilidad emocional necesaria para liderar y colaborar en entornos de alta exigencia, indica el Dr. \u00d3scar S\u00e1nchez Escand\u00f3n, m\u00e9dico cirujano, especialista en neurolog\u00eda y medicina del sue\u00f1o del <strong>Centro M\u00e9dico ABC.<\/strong><\/p>\n<p>El cerebro no se \u00abapaga\u00bb durante la noche; por el contrario, trabaja intensamente para consolidar la memoria, regular el metabolismo y eliminar toxinas neuronales. Cuando ignoramos qu\u00e9 es la higiene del sue\u00f1o y descuidamos nuestros h\u00e1bitos de sue\u00f1o, comprometemos directamente nuestra capacidad cognitiva.\u00a0<\/p>\n<aside class=\"htmlinline\"\/>\n<h3><strong>\u00bfQu\u00e9 es la higiene del sue\u00f1o y por qu\u00e9 es vital en el entorno laboral?<\/strong><\/h3>\n<p>Para definir qu\u00e9 es la <strong>higiene del sue\u00f1o<\/strong>, debemos entenderla como el conjunto de comportamientos, pr\u00e1cticas y factores ambientales que se combinan para promover un sue\u00f1o continuo y reparador. No se trata simplemente de la cantidad de horas que pasamos en la cama, sino de la arquitectura y calidad de sue\u00f1o que logramos alcanzar. En el <strong>Centro M\u00e9dico ABC<\/strong>, hemos observado que los pacientes que implementan medidas de higiene del sue\u00f1o adecuadas presentan una notable mejor\u00eda en su capacidad de atenci\u00f3n y una reducci\u00f3n significativa en los niveles de cortisol, la hormona del estr\u00e9s.<\/p>\n<p class=\"image-align-center\"><img loading=\"lazy\" decoding=\"async\" alt=\"\" height=\"511\" src=\"https:\/\/heraldodemexico.com.mx\/u\/fotografias\/m\/2026\/2\/24\/f768x1-1250685_1250812_5050.jpg\" width=\"768\"\/><\/p>\n<p>La higiene del sue\u00f1o en el trabajo comienza mucho antes de llegar a la oficina. Un empleado que no ha descansado correctamente experimenta una lentitud mental comparable a la intoxicaci\u00f3n por alcohol. La falta de h\u00e1bitos de sue\u00f1o saludables provoca una disminuci\u00f3n en la <strong>plasticidad cerebral<\/strong>, lo que <strong>dificulta el aprendizaje<\/strong> de nuevas tareas y la <strong>resoluci\u00f3n creativa<\/strong> de conflictos. Por ello, la educaci\u00f3n sobre el descanso debe ser parte integral de las estrategias para manejar el estr\u00e9s y la presi\u00f3n laboral en cualquier organizaci\u00f3n de alto nivel.<\/p>\n<p><strong>Trastornos comunes: causas, s\u00edntomas y diagn\u00f3stico m\u00e9dico<\/strong><\/p>\n<p>Cuando la higiene del sue\u00f1o no es suficiente para garantizar el descanso, es probable que estemos ante un<strong> trastorno cl\u00ednico<\/strong>. Una de las condiciones m\u00e1s frecuentes y graves es la apnea obstructiva. Es fundamental contar con una <strong>evaluaci\u00f3n profesional<\/strong> en una<strong> Cl\u00ednica del Sue\u00f1o <\/strong>para diferenciar entre un mal h\u00e1bito y una patolog\u00eda subyacente.<\/p>\n<h3><strong>Causas y factores de riesgo<\/strong><\/h3>\n<p>Los problemas de sue\u00f1o pueden derivar de factores gen\u00e9ticos, anat\u00f3micos o ambientales. El <strong>sedentarismo, el consumo excesivo de estimulantes y el uso de dispositivos electr\u00f3nicos <\/strong>antes de dormir alteran el ritmo circadiano. En casos de apnea, la obstrucci\u00f3n de las v\u00edas respiratorias suele ser la causa principal, exacerbada por el sobrepeso o la estructura maxilofacial.<\/p>\n<h3><strong>S\u00edntomas de alerta<\/strong><\/h3>\n<p>Es imperativo buscar atenci\u00f3n especializada si presentas:<\/p>\n<ul>\n<li>Ronquido cr\u00f3nico y fuerte.<\/li>\n<li>Pausas respiratorias detectadas por la pareja.<\/li>\n<li>Somnolencia excesiva durante el d\u00eda que afecta la productividad.<\/li>\n<li>Despertar con la boca seca o dolor de cabeza.<\/li>\n<li>Irritabilidad extrema y falta de concentraci\u00f3n en las tareas cotidianas.<\/li>\n<\/ul>\n<h3><strong>Diagn\u00f3stico especializado<\/strong><\/h3>\n<p>El diagn\u00f3stico preciso se realiza mediante estudios de <strong>polisomnograf\u00ed<\/strong>a, donde se monitoriza la actividad cerebral, el ritmo card\u00edaco y la oxigenaci\u00f3n durante la noche. Este nivel de an\u00e1lisis es el que se ofrece en el <strong>Centro Neurol\u00f3gico ABC<\/strong> para determinar con exactitud el origen de la fragmentaci\u00f3n del sue\u00f1o.<\/p>\n<h3><strong>Tratamientos y medidas de higiene del sue\u00f1o para el alto rendimiento<\/strong><\/h3>\n<p>Una vez diagnosticado el problema, el enfoque debe ser multidisciplinario. En el caso de la Apnea del sue\u00f1o, tratamiento y diagn\u00f3stico, las opciones var\u00edan desde el uso de dispositivos de presi\u00f3n positiva (CPAP) hasta intervenciones quir\u00fargicas o cambios profundos en el estilo de vida. Sin embargo, para la mayor\u00eda de la poblaci\u00f3n, el \u00e9xito radica en la disciplina de sus h\u00e1bitos de sue\u00f1o.<\/p>\n<p>Para <strong>optimizar la calidad de sue\u00f1o<\/strong>, se recomienda integrar las siguientes acciones en la rutina diaria:<\/p>\n<ul>\n<li><strong>Sincronizaci\u00f3n circadiana:<\/strong> mantener horarios fijos para acostarse y levantarse, incluso los fines de semana.<\/li>\n<li><strong>Control lum\u00ednico:<\/strong> evitar la luz azul de pantallas al menos 60 minutos antes de dormir, ya que inhibe la producci\u00f3n de melatonina.<\/li>\n<li><strong>Ambiente controlado:<\/strong> el dormitorio debe ser un santuario de oscuridad, silencio y temperatura fresca (idealmente entre 18\u00b0C y 21\u00b0C).<\/li>\n<li><strong>Gesti\u00f3n de estimulantes:<\/strong> eliminar el consumo de cafe\u00edna y nicotina despu\u00e9s de las 15:00 horas.<\/li>\n<\/ul>\n<p>Adem\u00e1s, es fundamental considerar las <strong>pausas en el trabajo y la higiene del sue\u00f1o<\/strong>. Esto implica que, durante la jornada, el colaborador realice breves periodos de <strong>desconexi\u00f3n mental y exposici\u00f3n a la luz solar<\/strong>, lo cual ayuda a <strong>regular el reloj biol\u00f3gico y mejora el estado de alerta<\/strong> sin necesidad de recurrir a estimulantes artificiales.<\/p>\n<p><strong>El descanso como inversi\u00f3n en capital humano<\/strong><\/p>\n<p><strong>Dormir bien<\/strong> no debe ser visto como un sacrificio al \u00e9xito, sino como su base. La higiene del sue\u00f1o influye en la <strong>inteligencia emocional y en la capacidad de liderazgo<\/strong>; un l\u00edder bien descansado es m\u00e1s emp\u00e1tico, procesa mejor la informaci\u00f3n cr\u00edtica y mantiene la calma bajo presi\u00f3n. En el Centro Neurol\u00f3gico del <strong>Centro M\u00e9dico ABC<\/strong>, se promueve una cultura donde la salud del sue\u00f1o es sin\u00f3nimo de eficiencia operativa.<\/p>\n<p>Si experimentas <strong>fatiga cr\u00f3nica <\/strong>o sientes que tus capacidades est\u00e1n disminuyendo a pesar de tus esfuerzos, es momento de <strong>priorizar tu salud neurol\u00f3gica<\/strong>. El tratamiento oportuno de los trastornos del sue\u00f1o no solo previene enfermedades cardiovasculares y metab\u00f3licas a largo plazo, sino que devuelve la vitalidad necesaria para destacar en un mercado laboral altamente competitivo.<\/p>\n<p>VVM<\/p>\n<\/p><\/div>\n<p><script>\n    !function(f,b,e,v,n,t,s)\n    {if(f.fbq)return;n=f.fbq=function(){n.callMethod?\n    n.callMethod.apply(n,arguments):n.queue.push(arguments)};\n    if(!f._fbq)f._fbq=n;n.push=n;n.loaded=!0;n.version='2.0';\n    n.queue=[];t=b.createElement(e);t.async=!0;\n    t.src=v;s=b.getElementsByTagName(e)[0];\n    s.parentNode.insertBefore(t,s)}(window, document,'script',\n    'https:\/\/connect.facebook.net\/en_US\/fbevents.js');\n    fbq('init', '237927003583820');\n    fbq('track', 'PageView');\n  <\/script><script>\n    !function(f,b,e,v,n,t,s)\n    {if(f.fbq)return;n=f.fbq=function(){n.callMethod?\n    n.callMethod.apply(n,arguments):n.queue.push(arguments)};\n    if(!f._fbq)f._fbq=n;n.push=n;n.loaded=!0;n.version='2.0';\n    n.queue=[];t=b.createElement(e);t.async=!0;\n    t.src=v;s=b.getElementsByTagName(e)[0];\n    s.parentNode.insertBefore(t,s)}(window, document,'script',\n    'https:\/\/connect.facebook.net\/en_US\/fbevents.js');\n    fbq('init', '1188480345046653');\n    fbq('track', 'PageView');\n    <\/script><br \/>\n<br \/><\/p>\n","protected":false},"excerpt":{"rendered":"<p>En un mundo que premia la inmediatez, la disponibilidad permanente y las jornadas extensas, dormir suele percibirse err\u00f3neamente como tiempo perdido. Sin embargo, desde la perspectiva de la neurofisiolog\u00eda cl\u00ednica, la evidencia es contundente: el sue\u00f1o no es una pausa pasiva ni un lujo prescindible, sino un proceso biol\u00f3gico activo y esencial. La higiene del [&hellip;]<\/p>\n","protected":false},"author":3,"featured_media":3292,"comment_status":"","ping_status":"","sticky":false,"template":"","format":"standard","meta":{"footnotes":""},"categories":[34],"tags":[],"class_list":["post-3291","post","type-post","status-publish","format-standard","has-post-thumbnail","hentry","category-sociedad"],"_links":{"self":[{"href":"https:\/\/conexion-mx.com\/index.php?rest_route=\/wp\/v2\/posts\/3291","targetHints":{"allow":["GET"]}}],"collection":[{"href":"https:\/\/conexion-mx.com\/index.php?rest_route=\/wp\/v2\/posts"}],"about":[{"href":"https:\/\/conexion-mx.com\/index.php?rest_route=\/wp\/v2\/types\/post"}],"author":[{"embeddable":true,"href":"https:\/\/conexion-mx.com\/index.php?rest_route=\/wp\/v2\/users\/3"}],"replies":[{"embeddable":true,"href":"https:\/\/conexion-mx.com\/index.php?rest_route=%2Fwp%2Fv2%2Fcomments&post=3291"}],"version-history":[{"count":0,"href":"https:\/\/conexion-mx.com\/index.php?rest_route=\/wp\/v2\/posts\/3291\/revisions"}],"wp:featuredmedia":[{"embeddable":true,"href":"https:\/\/conexion-mx.com\/index.php?rest_route=\/wp\/v2\/media\/3292"}],"wp:attachment":[{"href":"https:\/\/conexion-mx.com\/index.php?rest_route=%2Fwp%2Fv2%2Fmedia&parent=3291"}],"wp:term":[{"taxonomy":"category","embeddable":true,"href":"https:\/\/conexion-mx.com\/index.php?rest_route=%2Fwp%2Fv2%2Fcategories&post=3291"},{"taxonomy":"post_tag","embeddable":true,"href":"https:\/\/conexion-mx.com\/index.php?rest_route=%2Fwp%2Fv2%2Ftags&post=3291"}],"curies":[{"name":"wp","href":"https:\/\/api.w.org\/{rel}","templated":true}]}}