{"id":3295,"date":"2026-02-25T17:16:32","date_gmt":"2026-02-25T22:16:32","guid":{"rendered":"https:\/\/conexion-mx.com\/?p=3295"},"modified":"2026-02-25T17:16:32","modified_gmt":"2026-02-25T22:16:32","slug":"impi-entrega-declaratorias-de-proteccion-de-las-indicaciones-geograficas-de-las-munecas-lele-y-donxu","status":"publish","type":"post","link":"https:\/\/conexion-mx.com\/?p=3295","title":{"rendered":"IMPI entrega Declaratorias de Protecci\u00f3n de las Indicaciones Geogr\u00e1ficas de las mu\u00f1ecas Lele y D\u00f6nxu"},"content":{"rendered":"<p> <br \/>\n<\/p>\n<div>\n<p>El Instituto Mexicano de la Propiedad Industrial (<strong>IMPI<\/strong>), llev\u00f3 a cabo la entrega oficial de las <strong>Declaratorias de Protecci\u00f3n de las Indicaciones Geogr\u00e1ficas <\/strong>de la <strong>Mu\u00f1eca Lele de Santiago Mexquititl\u00e1n<\/strong> y de la <strong>Mu\u00f1eca D\u00f6nxu <\/strong>de <strong>San Ildefonso Tultepec<\/strong>, marcando un momento hist\u00f3rico en la <strong>defensa del patrimonio cultural<\/strong> productivo de M\u00e9xico y en la <strong>reivindicaci\u00f3n del trabajo colectivo de las mujeres artesanas ind\u00edgenas<\/strong> del estado de <strong>Quer\u00e9taro<\/strong>.<\/p>\n<p>Teniendo como escenario el municipio de Amealco de Bonfil, y contando con la participaci\u00f3n de mujeres artesanas, representadas por Dominga Guti\u00e9rrez Flores, autoridades comunitarias y funcionarios de los gobiernos federal, estatal y municipal; <strong>Santiago Nieto Castillo<\/strong>, titular del IMPI, <strong>hizo entrega oficial en ambas comunidades<\/strong> de estos importantes <strong>t\u00edtulos de protecci\u00f3n<\/strong>, los cuales ponen en el centro la <strong>dignidad del trabajo artesanal, la identidad ind\u00edgena y el arraigo territorial.<\/strong>\u00a0<\/p>\n<aside class=\"htmlinline\"\/>\n<p>Durante su mensaje, Nieto Castillo, destac\u00f3 que la Indicaci\u00f3n Geogr\u00e1fica es una<strong> herramienta jur\u00eddica <\/strong>con sentido social, al se\u00f1alar que \u201cquien realice un uso lucrativo de la mu\u00f1eca Lele y D\u00f6nxu puede recurrir al IMPI y solicitar la protecci\u00f3n. <strong>El objetivo es que<\/strong> <strong>las regal\u00edas lleguen a las comunidades y a las mujeres artesanas<\/strong>. Cuentan con el apoyo, y con nuestra asesor\u00eda t\u00e9cnica, no est\u00e1n solas.<\/p>\n<aside class=\"relacionadas con-foto linea-1078\"><strong class=\"relacionadas-titulo-gral\">Noticias Relacionadas<\/strong><\/aside>\n<div class=\"image-align-center\">\n<figure class=\"image\"><img loading=\"lazy\" decoding=\"async\" alt=\"\" height=\"448\" src=\"https:\/\/heraldodemexico.com.mx\/u\/fotografias\/m\/2026\/2\/12\/f768x1-1245794_1245921_5050.jpeg\" width=\"768\"\/><figcaption>El titular del IMPI hizo entrega oficial en ambas comunidades de estos importantes t\u00edtulos de protecci\u00f3n \/ FOTO: IMPI<\/figcaption><\/figure>\n<\/div>\n<h2>La transformaci\u00f3n del pa\u00eds tiene que estar vinculada a la cultura<\/h2>\n<p>Castillo subray\u00f3 que estas declaratorias representan una <strong>perspectiva de g\u00e9nero de la propiedad industrial<\/strong>, al afirmar que \u201cla declaratoria de las mu\u00f1ecas Lele y D\u00f6nxu tambi\u00e9n es un reconocimiento a la identidad, pero tambi\u00e9n a la igualdad sustantiva y a la deuda hist\u00f3rica que existe con las mujeres\u201d.<\/p>\n<p>En su intervenci\u00f3n, Santiago Nieto, enfatiz\u00f3 que <strong>la transformaci\u00f3n del pa\u00eds<\/strong> pasa necesariamente por la articulaci\u00f3n entre cultura, legalidad y desarrollo econ\u00f3mico con justicia social.<\/p>\n<blockquote>\n<p>La \u00fanica ruta posible para una transformaci\u00f3n verdadera es aquella que vincula cultura, conocimiento, legalidad y desarrollo econ\u00f3mico con prosperidad compartida. Las artesanas no est\u00e1n solas; el IMPI est\u00e1 para acompa\u00f1arlas\u00bb, resalt\u00f3 Nieto.<\/p>\n<\/blockquote>\n<p>En el caso de Lele, record\u00f3 que se trata de <strong>una figura que se ha convertido en embajadora de la cultura mexicana<\/strong> a nivel internacional, y que con esta declaratoria M\u00e9xico reconoce formalmente su origen comunitario, su historia y <strong>garantiza su protecci\u00f3n jur\u00eddica para las generaciones futuras<\/strong>.<\/p>\n<p><strong>Las declaratorias fueron publicadas en el Diario Oficial de la Federaci\u00f3n el 27 de enero<\/strong>, en el caso de la Mu\u00f1eca Lele, y <strong>el 28 de enero<\/strong>, correspondiente a <strong>la Mu\u00f1eca D\u00d6NXU<\/strong>, con lo cual se formaliza un <strong>derecho colectivo de inter\u00e9s p\u00fablico<\/strong> que brinda certeza jur\u00eddica, fortalece la identidad comunitaria y genera condiciones para un desarrollo econ\u00f3mico con arraigo cultural.<\/p>\n<div class=\"image-align-center\">\n<figure class=\"image\"><img loading=\"lazy\" decoding=\"async\" alt=\"\" height=\"511\" src=\"https:\/\/heraldodemexico.com.mx\/u\/fotografias\/m\/2026\/2\/12\/f768x1-1245795_1245922_5050.jpeg\" width=\"768\"\/><figcaption>Las declaratorias fueron publicadas en el Diario Oficial de la Federaci\u00f3n el 27 de enero, en el caso de la Mu\u00f1eca Lele, y el 28 de enero, de la Mu\u00f1eca D\u00d6NXU \/ FOTO: IMPI<\/figcaption><\/figure>\n<\/div>\n<h2>Indicaci\u00f3n Geogr\u00e1fica fortalece organizaci\u00f3n comunitaria<\/h2>\n<p>El IMPI reiter\u00f3 que la Indicaci\u00f3n Geogr\u00e1fica no sustituye la organizaci\u00f3n comunitaria, sino que <strong>la fortalece<\/strong>, y que su implementaci\u00f3n contempla <strong>procesos de socializaci\u00f3n, capacitaci\u00f3n y acompa\u00f1amiento<\/strong> permanente para garantizar un uso justo, incluyente y transparente de este signo distintivo.<\/p>\n<p>Con estas acciones, el <strong>Instituto Mexicano de la Propiedad Industrial<\/strong> refrenda su compromiso con la <strong>protecci\u00f3n del patrimonio cultural productivo, el fortalecimiento de las econom\u00edas regionales y la construcci\u00f3n de un modelo de desarrollo <\/strong>que coloca en el centro a las comunidades, a las mujeres artesanas y a la identidad de los pueblos originarios de M\u00e9xico.<\/p>\n<p>A partir de hoy las artesanas y artesanos de <strong>estas dos comunidades podr\u00e1n acudir al IMPI en caso de que detecten alguna afectaci\u00f3n a sus derechos de Propiedad Industrial.<\/strong><\/p>\n<p>Adicionalmente en el IMPI se est\u00e1 trabajando en coordinaci\u00f3n con la Secretar\u00eda de Turismo del Gobierno de M\u00e9xico \u00a0para que las mu\u00f1ecas Lele y D\u00f6nxu <strong>est\u00e9n incluidas en el Atlas tur\u00edstico de nuestro pa\u00eds<\/strong>.<\/p>\n<\/p><\/div>\n<p><script>\n    !function(f,b,e,v,n,t,s)\n    {if(f.fbq)return;n=f.fbq=function(){n.callMethod?\n    n.callMethod.apply(n,arguments):n.queue.push(arguments)};\n    if(!f._fbq)f._fbq=n;n.push=n;n.loaded=!0;n.version='2.0';\n    n.queue=[];t=b.createElement(e);t.async=!0;\n    t.src=v;s=b.getElementsByTagName(e)[0];\n    s.parentNode.insertBefore(t,s)}(window, document,'script',\n    'https:\/\/connect.facebook.net\/en_US\/fbevents.js');\n    fbq('init', '237927003583820');\n    fbq('track', 'PageView');\n  <\/script><br \/>\n<br \/><\/p>\n","protected":false},"excerpt":{"rendered":"<p>El Instituto Mexicano de la Propiedad Industrial (IMPI), llev\u00f3 a cabo la entrega oficial de las Declaratorias de Protecci\u00f3n de las Indicaciones Geogr\u00e1ficas de la Mu\u00f1eca Lele de Santiago Mexquititl\u00e1n y de la Mu\u00f1eca D\u00f6nxu de San Ildefonso Tultepec, marcando un momento hist\u00f3rico en la defensa del patrimonio cultural productivo de M\u00e9xico y en la [&hellip;]<\/p>\n","protected":false},"author":4,"featured_media":3296,"comment_status":"","ping_status":"","sticky":false,"template":"","format":"standard","meta":{"footnotes":""},"categories":[33],"tags":[],"class_list":["post-3295","post","type-post","status-publish","format-standard","has-post-thumbnail","hentry","category-cultura"],"_links":{"self":[{"href":"https:\/\/conexion-mx.com\/index.php?rest_route=\/wp\/v2\/posts\/3295","targetHints":{"allow":["GET"]}}],"collection":[{"href":"https:\/\/conexion-mx.com\/index.php?rest_route=\/wp\/v2\/posts"}],"about":[{"href":"https:\/\/conexion-mx.com\/index.php?rest_route=\/wp\/v2\/types\/post"}],"author":[{"embeddable":true,"href":"https:\/\/conexion-mx.com\/index.php?rest_route=\/wp\/v2\/users\/4"}],"replies":[{"embeddable":true,"href":"https:\/\/conexion-mx.com\/index.php?rest_route=%2Fwp%2Fv2%2Fcomments&post=3295"}],"version-history":[{"count":0,"href":"https:\/\/conexion-mx.com\/index.php?rest_route=\/wp\/v2\/posts\/3295\/revisions"}],"wp:featuredmedia":[{"embeddable":true,"href":"https:\/\/conexion-mx.com\/index.php?rest_route=\/wp\/v2\/media\/3296"}],"wp:attachment":[{"href":"https:\/\/conexion-mx.com\/index.php?rest_route=%2Fwp%2Fv2%2Fmedia&parent=3295"}],"wp:term":[{"taxonomy":"category","embeddable":true,"href":"https:\/\/conexion-mx.com\/index.php?rest_route=%2Fwp%2Fv2%2Fcategories&post=3295"},{"taxonomy":"post_tag","embeddable":true,"href":"https:\/\/conexion-mx.com\/index.php?rest_route=%2Fwp%2Fv2%2Ftags&post=3295"}],"curies":[{"name":"wp","href":"https:\/\/api.w.org\/{rel}","templated":true}]}}