{"id":3297,"date":"2026-02-25T21:09:23","date_gmt":"2026-02-26T02:09:23","guid":{"rendered":"https:\/\/conexion-mx.com\/?p=3297"},"modified":"2026-02-25T21:09:23","modified_gmt":"2026-02-26T02:09:23","slug":"eugenio-derbez-envia-un-mensaje-de-cumpleanos-a-su-nieta-kailani-ahora-me-dicen-don","status":"publish","type":"post","link":"https:\/\/conexion-mx.com\/?p=3297","title":{"rendered":"Eugenio Derbez env\u00eda un mensaje de cumplea\u00f1os a su nieta Kailani: \u201cAhora me dicen Don\u201d"},"content":{"rendered":"<p> <br \/>\n<\/p>\n<div xmlns:default=\"https:\/\/www.w3.org\/2000\/svg\">\n<p>Por medio de sus cuentas oficiales, <strong>Eugenio Derbez <\/strong>comparti\u00f3 p\u00fablicamente que este <strong>25 de febrero<\/strong> es una fecha muy importante para toda su <strong>familia<\/strong>, y es que es el <strong>cumplea\u00f1os <\/strong>de su primera nieta, <strong>Kailani<\/strong>, hija de <strong>Aislinn Derbez<\/strong>, por lo que mencion\u00f3 lo que significa para \u00e9l convertirse en abuelo.<\/p>\n<p>La <strong>celebridad <\/strong>del <strong>cine<\/strong>, la <strong>televisi\u00f3n<\/strong> y los <strong>reality shows<\/strong> dio a conocer un bello mensaje para su primera nieta, quien est\u00e1 en la <strong>celebraci\u00f3n <\/strong>de su <strong>cumplea\u00f1os<\/strong>. Con su ya conocido sentido del humor, el tambi\u00e9n comediante dej\u00f3 claro que la llegada de <strong>Kailani<\/strong> fue significativa para \u00e9l y su familia.<\/p>\n<aside class=\"htmlinline\"\/>\n<blockquote>\n<p>\u201cHoy, mi nieta Kai cumple a\u00f1os. Desde que me hice abuelo, todo el mundo me habla m\u00e1s fuerte, me ofrece su asiento, me recomienda vitaminas y mis amigos dejaron de decirme \u2018bro\u2019 y ahora me dicen \u2018Don\u2019. Pero si este es el precio que tengo que pagar por ser el abuelo de Kai\u2026 \u00a1que me vayan pidiendo mi credencial del INSEN! \u00a1Feliz cumplea\u00f1os, mi ni\u00f1a!\u201d, escribi\u00f3 Eugenio en su publicaci\u00f3n junto a varias de las fotograf\u00edas que tiene con la hija de Aislinn Derbez.<\/p>\n<\/blockquote>\n<figure class=\"image\"><img loading=\"lazy\" decoding=\"async\" alt=\"\" height=\"507\" src=\"https:\/\/heraldodemexico.com.mx\/u\/fotografias\/m\/2026\/2\/25\/f768x1-1251401_1251528_5050.png\" width=\"768\"\/><figcaption>Eugenio Derbez felicita a su nieta. Foto captura de pantalla IG\/ederbez<\/figcaption><\/figure>\n<h2>\u00bfCu\u00e1ntos a\u00f1os tiene la hija de Aislinn Derbez?<\/h2>\n<p><strong>Kailani Ochmann Derbez<\/strong>, la hija de <strong>Aislinn Derbez<\/strong> y<strong> Mauricio Ochmann<\/strong>, tiene 8 a\u00f1os. Naci\u00f3 el<strong> 25 de febrero de 2018<\/strong> y este 2026 celebr\u00f3 su octavo cumplea\u00f1os, por lo que varios de los integrantes de su famosa familia se tomaron un momento para enviar los mejores deseos a la peque\u00f1a.<\/p>\n<p>Hasta el momento,<strong> Aislinn Derbez<\/strong>, mam\u00e1 de <strong>Kailani<\/strong>, no ha compartido alg\u00fan mensaje p\u00fablico para la ni\u00f1a, pero se sabe que a trav\u00e9s de sus redes sociales da a conocer momentos espec\u00edficos y las cosas positivas de su etapa como mam\u00e1, aunque no se trate de una fecha especial.<\/p>\n<h2>\u00bfCu\u00e1ntos nietos tiene Eugenio Derbez?<\/h2>\n<p>Fue<strong> Aislinn Derbez<\/strong> quien convirti\u00f3 a su padre, <strong>Eugenio Derbez<\/strong>, en <strong>abuelo<\/strong>. Aunque el artista ha mencionado de manera divertida su incursi\u00f3n en esta etapa de su vida, tambi\u00e9n ha resaltado que es una de las cosas m\u00e1s importantes que le han sucedido y todo el amor que siente por su familia.<\/p>\n<p>Mientras que<strong> Jos\u00e9 Eduardo Derbez<\/strong> tambi\u00e9n se convirti\u00f3 en padre de la peque\u00f1a <strong>Tessa <\/strong>el 30 de junio de 2024, por lo que ahora se sabe que<strong> Eugenio Derbez<\/strong> es abuelo de dos ni\u00f1as, ya que solo dos de sus hijos han agrandado su familia hasta el momento.<\/p>\n<\/p><\/div>\n<p><script>\n    !function(f,b,e,v,n,t,s)\n    {if(f.fbq)return;n=f.fbq=function(){n.callMethod?\n    n.callMethod.apply(n,arguments):n.queue.push(arguments)};\n    if(!f._fbq)f._fbq=n;n.push=n;n.loaded=!0;n.version='2.0';\n    n.queue=[];t=b.createElement(e);t.async=!0;\n    t.src=v;s=b.getElementsByTagName(e)[0];\n    s.parentNode.insertBefore(t,s)}(window, document,'script',\n    'https:\/\/connect.facebook.net\/en_US\/fbevents.js');\n    fbq('init', '237927003583820');\n    fbq('track', 'PageView');\n  <\/script><script>\n    !function(f,b,e,v,n,t,s)\n    {if(f.fbq)return;n=f.fbq=function(){n.callMethod?\n    n.callMethod.apply(n,arguments):n.queue.push(arguments)};\n    if(!f._fbq)f._fbq=n;n.push=n;n.loaded=!0;n.version='2.0';\n    n.queue=[];t=b.createElement(e);t.async=!0;\n    t.src=v;s=b.getElementsByTagName(e)[0];\n    s.parentNode.insertBefore(t,s)}(window, document,'script',\n    'https:\/\/connect.facebook.net\/en_US\/fbevents.js');\n    fbq('init', '775201487065840');\n    fbq('track', 'PageView');\n    <\/script><br \/>\n<br \/><\/p>\n","protected":false},"excerpt":{"rendered":"<p>Por medio de sus cuentas oficiales, Eugenio Derbez comparti\u00f3 p\u00fablicamente que este 25 de febrero es una fecha muy importante para toda su familia, y es que es el cumplea\u00f1os de su primera nieta, Kailani, hija de Aislinn Derbez, por lo que mencion\u00f3 lo que significa para \u00e9l convertirse en abuelo. La celebridad del cine, [&hellip;]<\/p>\n","protected":false},"author":3,"featured_media":3298,"comment_status":"","ping_status":"","sticky":false,"template":"","format":"standard","meta":{"footnotes":""},"categories":[35],"tags":[],"class_list":["post-3297","post","type-post","status-publish","format-standard","has-post-thumbnail","hentry","category-espectaculos"],"_links":{"self":[{"href":"https:\/\/conexion-mx.com\/index.php?rest_route=\/wp\/v2\/posts\/3297","targetHints":{"allow":["GET"]}}],"collection":[{"href":"https:\/\/conexion-mx.com\/index.php?rest_route=\/wp\/v2\/posts"}],"about":[{"href":"https:\/\/conexion-mx.com\/index.php?rest_route=\/wp\/v2\/types\/post"}],"author":[{"embeddable":true,"href":"https:\/\/conexion-mx.com\/index.php?rest_route=\/wp\/v2\/users\/3"}],"replies":[{"embeddable":true,"href":"https:\/\/conexion-mx.com\/index.php?rest_route=%2Fwp%2Fv2%2Fcomments&post=3297"}],"version-history":[{"count":0,"href":"https:\/\/conexion-mx.com\/index.php?rest_route=\/wp\/v2\/posts\/3297\/revisions"}],"wp:featuredmedia":[{"embeddable":true,"href":"https:\/\/conexion-mx.com\/index.php?rest_route=\/wp\/v2\/media\/3298"}],"wp:attachment":[{"href":"https:\/\/conexion-mx.com\/index.php?rest_route=%2Fwp%2Fv2%2Fmedia&parent=3297"}],"wp:term":[{"taxonomy":"category","embeddable":true,"href":"https:\/\/conexion-mx.com\/index.php?rest_route=%2Fwp%2Fv2%2Fcategories&post=3297"},{"taxonomy":"post_tag","embeddable":true,"href":"https:\/\/conexion-mx.com\/index.php?rest_route=%2Fwp%2Fv2%2Ftags&post=3297"}],"curies":[{"name":"wp","href":"https:\/\/api.w.org\/{rel}","templated":true}]}}