{"id":3305,"date":"2026-02-27T00:15:58","date_gmt":"2026-02-27T05:15:58","guid":{"rendered":"https:\/\/conexion-mx.com\/?p=3305"},"modified":"2026-02-27T00:15:58","modified_gmt":"2026-02-27T05:15:58","slug":"lanzan-el-primer-trailer-de-risa-y-la-cabina-del-viento-pelicula-en-la-que-cazzu-debuta-como-actriz","status":"publish","type":"post","link":"https:\/\/conexion-mx.com\/?p=3305","title":{"rendered":"Lanzan el primer tr\u00e1iler de \u00abRisa y la cabina del viento\u201d, pel\u00edcula en la que Cazzu debuta como actriz"},"content":{"rendered":"<p> <br \/>\n<\/p>\n<div xmlns:default=\"https:\/\/www.w3.org\/2000\/svg\" itemprop=\"articleBody\">\n<div class=\"txt_contenido\">\n<p>Pese a la pol\u00e9mica que persiste en su vida personal, <strong>Cazzu<\/strong> se abre paso con \u00e9xito en la industria de la m\u00fasica y ahora en la pantalla grande. Y es que se lanz\u00f3 el primer <strong>tr\u00e1iler<\/strong> de la pel\u00edcula \u201c<strong>Risa y la cabina del viento<\/strong>\u201d en la que la trapera argentina es protagonista y que marca su <strong>debut<\/strong> como <strong>actriz<\/strong>.<\/p>\n<p>A principios de 2025 se difundieron en redes sociales las primeras <strong>im\u00e1genes<\/strong> que la mostraban como parte de un proyecto cinematogr\u00e1fico, pero fue meses desupu\u00e9s cuando se confirm\u00f3 su participaci\u00f3n en<strong> \u201cRisa y la cabina del viento<\/strong>\u201d que est\u00e1 bajo la direcci\u00f3n de<strong> Juan Cabral<\/strong>. La cinta obtuvo el galard\u00f3n como\u00a0Mejor largometraje\u00a0en la edici\u00f3n 40 del\u00a0Festival Internacional de Cine de Mar del Plata el a\u00f1o pasado, algo que hizo crecer la expectativa del p\u00fablico.<\/p>\n<aside class=\"htmlinline\"\/>\n<h2>\u00bfC\u00f3mo es la participaci\u00f3n de Cazzu en la cinta\u00a0\u00abRisa y la cabina del viento\u00bb?\u00a0<\/h2>\n<p>En redes sociales se difundi\u00f3 el <strong>primer tr\u00e1iler <\/strong>de la pel\u00edcula\u00a0\u00abRisa y la cabina del viento\u00bb en la que Babas\u00f3nicos ser\u00e1n parte de\u00a0la banda sonora, mientras que\u00a0<strong>Julieta Cazzuchelli<\/strong>, que realizar\u00e1 el papel de Sara<strong>,\u00a0<\/strong>compartir\u00e1 cr\u00e9ditos con actores como\u00a0Diego Peretti, Joaqu\u00edn Furriel,\u00a0Elena Romero y Silvina Sabater.\u00a0La cinta se proyectar\u00e1 este fin de semana en\u00a0La Fiesta del Cine 2026 y se espera que llegue a <strong>Netflix<\/strong> este a\u00f1o.\u00a0<\/p>\n<aside class=\"relacionadas con-foto linea-1078\"><strong class=\"relacionadas-titulo-gral\">Noticias Relacionadas<\/strong><\/aside>\n<p>La pel\u00edcula relata la historia de Risa, una ni\u00f1a de 10 a\u00f1os que pierde a su padre en un\u00a0<strong>incendio<\/strong>\u00a0y luego descubre que puede puede comunicarse con los <strong>muertos<\/strong> a trav\u00e9s de una\u00a0<strong>cabina telef\u00f3nica<\/strong>\u00a0fuera de servicios. Aunque para poder contactar a su pap\u00e1 debe ayudar a otras personas que fallecieron con sus asuntos pendientes y en el camino es acompa\u00f1ada de Sara, a quien interpretar\u00e1 <strong>Cazzu<\/strong>.\u00a0<\/p>\n<h2>Esto dijo Cazzu de su debut como actriz<\/h2>\n<p>Durante un encuentro con los medios durante la gira por la promoci\u00f3n de la pel\u00edcula, la tambi\u00e9n llamada \u2018<strong>Nena Trampa\u2019<\/strong> habl\u00f3 sobre su debut en la actuaci\u00f3n y aunque admiti\u00f3 haber experimentado temor tambi\u00e9n se\u00f1al\u00f3 haber encontrado en su personaje la oportunidad que tanto hab\u00eda deseado.<\/p>\n<blockquote>\n<p>\u00abLa verdad que siempre me hab\u00eda dado mucha verg\u00fcenza actuar. No me sent\u00eda cien por ciento preparada, pero la propuesta de Juan fue perfecta desde el lugar en que la hizo y de la manera en la que se me present\u00f3. Juan buscaba a alguien que ve\u00eda en alg\u00fan lugar de m\u00ed. Sara viv\u00eda adentro de m\u00ed. Fue una oportunidad incre\u00edble\u201d, dijo la cantante.<\/p>\n<\/blockquote>\n<p>\u00a0<\/p>\n<\/p><\/div>\n<\/p><\/div>\n<p><script>\n    !function(f,b,e,v,n,t,s)\n    {if(f.fbq)return;n=f.fbq=function(){n.callMethod?\n    n.callMethod.apply(n,arguments):n.queue.push(arguments)};\n    if(!f._fbq)f._fbq=n;n.push=n;n.loaded=!0;n.version='2.0';\n    n.queue=[];t=b.createElement(e);t.async=!0;\n    t.src=v;s=b.getElementsByTagName(e)[0];\n    s.parentNode.insertBefore(t,s)}(window, document,'script',\n    'https:\/\/connect.facebook.net\/en_US\/fbevents.js');\n    fbq('init', '237927003583820');\n    fbq('track', 'PageView');\n  <\/script><script>\n    !function(f,b,e,v,n,t,s)\n    {if(f.fbq)return;n=f.fbq=function(){n.callMethod?\n    n.callMethod.apply(n,arguments):n.queue.push(arguments)};\n    if(!f._fbq)f._fbq=n;n.push=n;n.loaded=!0;n.version='2.0';\n    n.queue=[];t=b.createElement(e);t.async=!0;\n    t.src=v;s=b.getElementsByTagName(e)[0];\n    s.parentNode.insertBefore(t,s)}(window, document,'script',\n    'https:\/\/connect.facebook.net\/en_US\/fbevents.js');\n    fbq('init', '775201487065840');\n    fbq('track', 'PageView');\n    <\/script><br \/>\n<br \/><\/p>\n","protected":false},"excerpt":{"rendered":"<p>Pese a la pol\u00e9mica que persiste en su vida personal, Cazzu se abre paso con \u00e9xito en la industria de la m\u00fasica y ahora en la pantalla grande. Y es que se lanz\u00f3 el primer tr\u00e1iler de la pel\u00edcula \u201cRisa y la cabina del viento\u201d en la que la trapera argentina es protagonista y que [&hellip;]<\/p>\n","protected":false},"author":3,"featured_media":3306,"comment_status":"","ping_status":"","sticky":false,"template":"","format":"standard","meta":{"footnotes":""},"categories":[35],"tags":[],"class_list":["post-3305","post","type-post","status-publish","format-standard","has-post-thumbnail","hentry","category-espectaculos"],"_links":{"self":[{"href":"https:\/\/conexion-mx.com\/index.php?rest_route=\/wp\/v2\/posts\/3305","targetHints":{"allow":["GET"]}}],"collection":[{"href":"https:\/\/conexion-mx.com\/index.php?rest_route=\/wp\/v2\/posts"}],"about":[{"href":"https:\/\/conexion-mx.com\/index.php?rest_route=\/wp\/v2\/types\/post"}],"author":[{"embeddable":true,"href":"https:\/\/conexion-mx.com\/index.php?rest_route=\/wp\/v2\/users\/3"}],"replies":[{"embeddable":true,"href":"https:\/\/conexion-mx.com\/index.php?rest_route=%2Fwp%2Fv2%2Fcomments&post=3305"}],"version-history":[{"count":0,"href":"https:\/\/conexion-mx.com\/index.php?rest_route=\/wp\/v2\/posts\/3305\/revisions"}],"wp:featuredmedia":[{"embeddable":true,"href":"https:\/\/conexion-mx.com\/index.php?rest_route=\/wp\/v2\/media\/3306"}],"wp:attachment":[{"href":"https:\/\/conexion-mx.com\/index.php?rest_route=%2Fwp%2Fv2%2Fmedia&parent=3305"}],"wp:term":[{"taxonomy":"category","embeddable":true,"href":"https:\/\/conexion-mx.com\/index.php?rest_route=%2Fwp%2Fv2%2Fcategories&post=3305"},{"taxonomy":"post_tag","embeddable":true,"href":"https:\/\/conexion-mx.com\/index.php?rest_route=%2Fwp%2Fv2%2Ftags&post=3305"}],"curies":[{"name":"wp","href":"https:\/\/api.w.org\/{rel}","templated":true}]}}