{"id":3311,"date":"2026-02-27T06:21:13","date_gmt":"2026-02-27T11:21:13","guid":{"rendered":"https:\/\/conexion-mx.com\/?p=3311"},"modified":"2026-02-27T06:21:13","modified_gmt":"2026-02-27T11:21:13","slug":"la-curadora-mexicana-lucia-sanroman-rumbo-a-la-bienal-de-liverpool-2027","status":"publish","type":"post","link":"https:\/\/conexion-mx.com\/?p=3311","title":{"rendered":"La curadora mexicana Luc\u00eda Sanrom\u00e1n rumbo a la Bienal de Liverpool 2027"},"content":{"rendered":"<p> <br \/>\n<\/p>\n<div>\n<p>Tras 13 a\u00f1os en museos y siete dedicados a proyectos sociales participativos, <strong>Luc\u00eda Sanrom\u00e1n<\/strong> fue nombrada co-curadora de la <strong>Bienal de Liverpool 2027<\/strong>, que describe como un \u201cretorno a las pr\u00e1cticas en la esfera p\u00fablica y social\u201d.<strong> La curadora mexicana,<\/strong> actualmente al frente del <strong>Museo Universitario de Arte Contempor\u00e1neo (MUAC), <\/strong>destaca que su enfoque se centra en el arte que dialoga con la comunidad y el espacio p\u00fablico.<\/p>\n<blockquote>\n<p>\u201cEstoy emocionada porque mi vocaci\u00f3n principal es trabajar en espacios donde el arte tenga una utilidad evidente y clara, sobre todo en un momento de incertidumbre pol\u00edtica y social. Para m\u00ed, eso hace que este proyecto valga la pena\u201d, explica la tambi\u00e9n historiadora, quien se manifiesta lista para trasladar su experiencia mexicana al contexto urbano y social de la ciudad inglesa.<\/p>\n<aside class=\"htmlinline\"\/><\/blockquote>\n<p>Aceptar esta encomienda es, dice, un paso profesional y una decisi\u00f3n de vida: \u201cEs un gesto vocacional\u201d. Por ello, se dedica de lleno a esta nueva etapa, dejando su cargo en el MUAC mediante una transici\u00f3n gradual, con di\u00e1logo y acompa\u00f1amiento cercano al equipo curatorial, para cuidar la continuidad y preparar el relevo de manera responsable.<\/p>\n<p>Sanrom\u00e1n permanece en el museo universitario hasta junio de este a\u00f1o, trabajando en proyectos como las exposiciones Desde el Umbral y la primera revisi\u00f3n hist\u00f3rica individual en M\u00e9xico del artista<strong> Alfredo Jaar<\/strong>, programada para 2027, mientras coordina su incorporaci\u00f3n a la Bienal.<\/p>\n<p>M\u00e1s all\u00e1 de la log\u00edstica, explica, su mirada se centra en dejar un legado basado en la colaboraci\u00f3n, la participaci\u00f3n y la reflexi\u00f3n sobre el papel del arte en la ciudad y en la vida colectiva.<\/p>\n<p>Respecto a su trabajo en la Bienal de Liverpool, reconocida por considerar la ciudad como un laboratorio de pr\u00e1cticas art\u00edsticas y sociales, Sanrom\u00e1n reitera que esta oportunidad le ofrece un terreno f\u00e9rtil para explorar los v\u00ednculos entre arte y comunidad.<\/p>\n<blockquote>\n<p>\u201cLa edici\u00f3n 2027 pone especial atenci\u00f3n en infancias y juventudes, generaciones que enfrentan un mundo marcado por la inteligencia artificial, la precariedad econ\u00f3mica y la transformaci\u00f3n de los imaginarios colectivos. Las pr\u00e1cticas art\u00edsticas que se presentan nos ayudan a formular preguntas m\u00e1s precisas para el presente y a imaginar soluciones que no son necesariamente pesimistas\u201d, se\u00f1ala.<\/p>\n<\/blockquote>\n<p>Una apuesta importante en esta edici\u00f3n, dice, es intentar generar un di\u00e1logo con Am\u00e9rica Latina, desde una perspectiva de co-curadur\u00eda que considere los distintos contextos socioecon\u00f3micos y pol\u00edticos de la regi\u00f3n frente al Reino Unido.<\/p>\n<blockquote>\n<p>\u201cEl trabajo que hacemos en Latinoam\u00e9rica desde el arte es absolutamente central a la conversaci\u00f3n global. No me atrever\u00eda a avanzar demasiado en definiciones porque es una co-curadur\u00eda, pero espero abrir posibilidades para que surjan estos cruces\u201d, explica.\n<\/p>\n<\/blockquote>\n<p>Sobre la co-curadur\u00eda con <strong>Aimee Harrison, Sanrom\u00e1n <\/strong>comparte:<\/p>\n<blockquote>\n<p>\u201cEs un privilegio continuar ampliando y desarrollando este legado junto a Aimee, cuya visi\u00f3n y valores sobre el papel del arte en la sociedad son excepcionales. Juntas podemos ofrecer un festival profundamente conectado con la comunidad y la creatividad de la infancia y la juventud\u201d.\n<\/p>\n<\/blockquote>\n<p>A trav\u00e9s de un comunicado enviado por la<strong> Bienal de Liverpool, Samantha Lackey,<\/strong> directora del evento, se\u00f1ala:<\/p>\n<blockquote>\n<p>\u201cEstamos absolutamente encantados de contar con Aimee y Luc\u00eda al frente de la <strong>Bienal de Liverpool 2027.<\/strong> Este modelo de co-comisariado ofrece la oportunidad de un aprendizaje rec\u00edproco, combinando una comprensi\u00f3n aut\u00e9ntica y comprometida de Liverpool con una perspectiva internacional\u201d.\n<\/p>\n<\/blockquote>\n<p>La 14 edici\u00f3n de la Bienal de Liverpool sucede del 5 de junio al 12 de septiembre del pr\u00f3ximo a\u00f1o.<\/p>\n<p>\u00a0<\/p>\n<h2><strong>A DETALLE<\/strong><\/h2>\n<ul>\n<li>Luc\u00eda Sanrom\u00e1n ha sido curadora asociada en el Museum of Contemporary Art San Diego (2006\u20132011); directora de artes visuales en el Yerba Buena Center for the Arts en San Francisco (2015\u20132018); directora del Laboratorio Arte Alameda en Ciudad de M\u00e9xico (2019\u20132024); y, a partir de noviembre de 2024, asumi\u00f3 funciones como Curadora en Jefe del Museo Universitario de Arte Contempor\u00e1neo (MUAC).<\/li>\n<li>La Bienal de Liverpool se ha consolidado como un espacio donde el arte social, territorial y globalmente conectado dialoga con p\u00fablicos diversos, combinando lugares tradicionales y entornos poco convencionales para generar experiencias culturales significativas.<\/li>\n<\/ul>\n<p>\u00a0<\/p>\n<p>MAAZ<\/p>\n<p>\u00a0<\/p>\n<\/p><\/div>\n<p><script>\n    !function(f,b,e,v,n,t,s)\n    {if(f.fbq)return;n=f.fbq=function(){n.callMethod?\n    n.callMethod.apply(n,arguments):n.queue.push(arguments)};\n    if(!f._fbq)f._fbq=n;n.push=n;n.loaded=!0;n.version='2.0';\n    n.queue=[];t=b.createElement(e);t.async=!0;\n    t.src=v;s=b.getElementsByTagName(e)[0];\n    s.parentNode.insertBefore(t,s)}(window, document,'script',\n    'https:\/\/connect.facebook.net\/en_US\/fbevents.js');\n    fbq('init', '237927003583820');\n    fbq('track', 'PageView');\n  <\/script><br \/>\n<br \/><\/p>\n","protected":false},"excerpt":{"rendered":"<p>Tras 13 a\u00f1os en museos y siete dedicados a proyectos sociales participativos, Luc\u00eda Sanrom\u00e1n fue nombrada co-curadora de la Bienal de Liverpool 2027, que describe como un \u201cretorno a las pr\u00e1cticas en la esfera p\u00fablica y social\u201d. La curadora mexicana, actualmente al frente del Museo Universitario de Arte Contempor\u00e1neo (MUAC), destaca que su enfoque se [&hellip;]<\/p>\n","protected":false},"author":4,"featured_media":3312,"comment_status":"","ping_status":"","sticky":false,"template":"","format":"standard","meta":{"footnotes":""},"categories":[33],"tags":[],"class_list":["post-3311","post","type-post","status-publish","format-standard","has-post-thumbnail","hentry","category-cultura"],"_links":{"self":[{"href":"https:\/\/conexion-mx.com\/index.php?rest_route=\/wp\/v2\/posts\/3311","targetHints":{"allow":["GET"]}}],"collection":[{"href":"https:\/\/conexion-mx.com\/index.php?rest_route=\/wp\/v2\/posts"}],"about":[{"href":"https:\/\/conexion-mx.com\/index.php?rest_route=\/wp\/v2\/types\/post"}],"author":[{"embeddable":true,"href":"https:\/\/conexion-mx.com\/index.php?rest_route=\/wp\/v2\/users\/4"}],"replies":[{"embeddable":true,"href":"https:\/\/conexion-mx.com\/index.php?rest_route=%2Fwp%2Fv2%2Fcomments&post=3311"}],"version-history":[{"count":0,"href":"https:\/\/conexion-mx.com\/index.php?rest_route=\/wp\/v2\/posts\/3311\/revisions"}],"wp:featuredmedia":[{"embeddable":true,"href":"https:\/\/conexion-mx.com\/index.php?rest_route=\/wp\/v2\/media\/3312"}],"wp:attachment":[{"href":"https:\/\/conexion-mx.com\/index.php?rest_route=%2Fwp%2Fv2%2Fmedia&parent=3311"}],"wp:term":[{"taxonomy":"category","embeddable":true,"href":"https:\/\/conexion-mx.com\/index.php?rest_route=%2Fwp%2Fv2%2Fcategories&post=3311"},{"taxonomy":"post_tag","embeddable":true,"href":"https:\/\/conexion-mx.com\/index.php?rest_route=%2Fwp%2Fv2%2Ftags&post=3311"}],"curies":[{"name":"wp","href":"https:\/\/api.w.org\/{rel}","templated":true}]}}