{"id":3313,"date":"2026-02-27T10:08:52","date_gmt":"2026-02-27T15:08:52","guid":{"rendered":"https:\/\/conexion-mx.com\/?p=3313"},"modified":"2026-02-27T10:08:52","modified_gmt":"2026-02-27T15:08:52","slug":"detienen-a-3-personas-ligadas-al-ataque-a-alcaldia-de-jiquilpan-tras-muerte-de-el-mencho","status":"publish","type":"post","link":"https:\/\/conexion-mx.com\/?p=3313","title":{"rendered":"Detienen a 3 personas ligadas al ataque a alcald\u00eda de Jiquilpan tras muerte de \u00abEl Mencho\u00bb"},"content":{"rendered":"<p> <br \/>\n<\/p>\n<div itemprop=\"articleBody\">\n<div class=\"txt_contenido\">\n<p>La Secretar\u00eda de Seguridad P\u00fablica (SSP) de Michoac\u00e1n inform\u00f3 este viernes que tres <strong>hombres <\/strong>fueron asegurados en Jiquilpan, y las evidencias preliminares <strong>apuntan<\/strong> a que podr\u00edan ser los responsables del <strong>ataque a balazos<\/strong> perpetrado contra la Presidencia Municipal, el pasado 22 de febrero.<\/p>\n<p>La detenci\u00f3n se llev\u00f3 a cabo sobre la carretera Jiquilpan\u2013Sahuayo, cerca de la comunidad de Francisco Sarabia, como resultado de los recorridos de seguridad que la Guardia Civil mantiene activos tras los recientes <strong>bloqueos<\/strong>, <strong>quemas de veh\u00edculos<\/strong> y hechos violentos que se produjeron como respuesta criminal al abatimiento de <strong>Nemesio Oseguera Cervantes<\/strong>, l\u00edder del C\u00e1rtel Jalisco Nueva Generaci\u00f3n (<strong>CJNG<\/strong>).<\/p>\n<aside class=\"htmlinline\"\/>\n<h2>Conduc\u00edan veh\u00edculo con reporte de robo<\/h2>\n<p>Los <strong>detenidos <\/strong>circulaban en un <strong>veh\u00edculo <\/strong>que contaba con reporte de <strong>robo<\/strong>; pero adem\u00e1s, durante las inspecci\u00f3n a la unidad se encontraron armas largas y cortas, junto con cartuchos \u00fatiles.<\/p>\n<figure class=\"image\"><img loading=\"lazy\" decoding=\"async\" alt=\"\" height=\"432\" src=\"https:\/\/heraldodemexico.com.mx\/u\/fotografias\/m\/2026\/2\/27\/f768x1-1252085_1252212_5050.jpg\" width=\"768\"\/><figcaption>FOTO: Especial<\/figcaption><\/figure>\n<p>Entre sus pertenencias tambi\u00e9n se encontr\u00f3 un inhibidor de se\u00f1al, equipo t\u00e1ctico y tel\u00e9fonos celulares, as\u00ed como bolsas con hierba verde con caracter\u00edsticas de marihuana.<\/p>\n<p>La SSP destac\u00f3 que ser\u00e1 la Fiscal\u00eda General del Estado y la <strong>Fiscal\u00eda General de la Rep\u00fablica<\/strong> las responsables de continuar con las investigaciones y determinar la responsabilidad de los tres hombres aprehendidos.<\/p>\n<p>edg<\/p>\n<\/p><\/div>\n<\/p><\/div>\n<p><script>\n    !function(f,b,e,v,n,t,s)\n    {if(f.fbq)return;n=f.fbq=function(){n.callMethod?\n    n.callMethod.apply(n,arguments):n.queue.push(arguments)};\n    if(!f._fbq)f._fbq=n;n.push=n;n.loaded=!0;n.version='2.0';\n    n.queue=[];t=b.createElement(e);t.async=!0;\n    t.src=v;s=b.getElementsByTagName(e)[0];\n    s.parentNode.insertBefore(t,s)}(window, document,'script',\n    'https:\/\/connect.facebook.net\/en_US\/fbevents.js');\n    fbq('init', '237927003583820');\n    fbq('track', 'PageView');\n  <\/script><script>\n    !function(f,b,e,v,n,t,s)\n    {if(f.fbq)return;n=f.fbq=function(){n.callMethod?\n    n.callMethod.apply(n,arguments):n.queue.push(arguments)};\n    if(!f._fbq)f._fbq=n;n.push=n;n.loaded=!0;n.version='2.0';\n    n.queue=[];t=b.createElement(e);t.async=!0;\n    t.src=v;s=b.getElementsByTagName(e)[0];\n    s.parentNode.insertBefore(t,s)}(window, document,'script',\n    'https:\/\/connect.facebook.net\/en_US\/fbevents.js');\n    fbq('init', '802372280934901');\n    fbq('track', 'PageView');\n    <\/script><br \/>\n<br \/><\/p>\n","protected":false},"excerpt":{"rendered":"<p>La Secretar\u00eda de Seguridad P\u00fablica (SSP) de Michoac\u00e1n inform\u00f3 este viernes que tres hombres fueron asegurados en Jiquilpan, y las evidencias preliminares apuntan a que podr\u00edan ser los responsables del ataque a balazos perpetrado contra la Presidencia Municipal, el pasado 22 de febrero. La detenci\u00f3n se llev\u00f3 a cabo sobre la carretera Jiquilpan\u2013Sahuayo, cerca de [&hellip;]<\/p>\n","protected":false},"author":2,"featured_media":3314,"comment_status":"","ping_status":"","sticky":false,"template":"","format":"standard","meta":{"footnotes":""},"categories":[2],"tags":[],"class_list":["post-3313","post","type-post","status-publish","format-standard","has-post-thumbnail","hentry","category-local"],"_links":{"self":[{"href":"https:\/\/conexion-mx.com\/index.php?rest_route=\/wp\/v2\/posts\/3313","targetHints":{"allow":["GET"]}}],"collection":[{"href":"https:\/\/conexion-mx.com\/index.php?rest_route=\/wp\/v2\/posts"}],"about":[{"href":"https:\/\/conexion-mx.com\/index.php?rest_route=\/wp\/v2\/types\/post"}],"author":[{"embeddable":true,"href":"https:\/\/conexion-mx.com\/index.php?rest_route=\/wp\/v2\/users\/2"}],"replies":[{"embeddable":true,"href":"https:\/\/conexion-mx.com\/index.php?rest_route=%2Fwp%2Fv2%2Fcomments&post=3313"}],"version-history":[{"count":0,"href":"https:\/\/conexion-mx.com\/index.php?rest_route=\/wp\/v2\/posts\/3313\/revisions"}],"wp:featuredmedia":[{"embeddable":true,"href":"https:\/\/conexion-mx.com\/index.php?rest_route=\/wp\/v2\/media\/3314"}],"wp:attachment":[{"href":"https:\/\/conexion-mx.com\/index.php?rest_route=%2Fwp%2Fv2%2Fmedia&parent=3313"}],"wp:term":[{"taxonomy":"category","embeddable":true,"href":"https:\/\/conexion-mx.com\/index.php?rest_route=%2Fwp%2Fv2%2Fcategories&post=3313"},{"taxonomy":"post_tag","embeddable":true,"href":"https:\/\/conexion-mx.com\/index.php?rest_route=%2Fwp%2Fv2%2Ftags&post=3313"}],"curies":[{"name":"wp","href":"https:\/\/api.w.org\/{rel}","templated":true}]}}