{"id":3317,"date":"2026-02-28T02:21:19","date_gmt":"2026-02-28T07:21:19","guid":{"rendered":"https:\/\/conexion-mx.com\/?p=3317"},"modified":"2026-02-28T02:21:19","modified_gmt":"2026-02-28T07:21:19","slug":"desde-la-cuna-de-el-mencho-habitantes-de-aguililla-marchan-para-exigir-paz-tras-caida-del-lider-del-cjng","status":"publish","type":"post","link":"https:\/\/conexion-mx.com\/?p=3317","title":{"rendered":"Desde la cuna de El Mencho: habitantes de Aguililla marchan para exigir paz tras ca\u00edda del l\u00edder del CJNG"},"content":{"rendered":"<p> <br \/>\n<\/p>\n<div>\n<p>Aguililla, Michoac\u00e1n, tierra donde naci\u00f3 <strong>Nemesio Oseguera Cervantes<\/strong>, quien fuera uno de los criminales m\u00e1s buscados del mundo, hoy se convierte en epicentro de una s\u00faplica colectiva: cientos de habitantes marcharon para <strong>exigir una vida sin miedo.<\/strong><\/p>\n<p>Este viernes, la celebraci\u00f3n del <strong>60 aniversario del Colegio Diocesano de Aguililla, <\/strong>fue la oportunidad de la Iglesia para enviar un mensaje de paz y dar acompa\u00f1amiento a los habitantes.<\/p>\n<aside class=\"htmlinline\"\/>\n<blockquote>\n<p>\u201cEl deseo de estar con este pueblo que tiene a\u00f1os sufriendo y despu\u00e9s de un tiempo de cierta calma, pues se ve otra vez golpeado por la violencia y mi intenci\u00f3n es acompa\u00f1arlo y desde luego animarlo para que no, no nos dejemos llevar por el des\u00e1nimo, que no nos dejemos llevar por la desesperanza\u201d, comparti\u00f3 Cristobal Ascencio Garc\u00eda, obispo de la di\u00f3cesis de Apatzing\u00e1n<\/p>\n<\/blockquote>\n<div class=\"image-align-center\">\n<figure class=\"image\"><img loading=\"lazy\" decoding=\"async\" alt=\"\" height=\"653\" src=\"https:\/\/heraldodemexico.com.mx\/u\/fotografias\/m\/2026\/2\/27\/f768x1-1252361_1252488_5050.jpeg\" width=\"1200\"\/><figcaption>Unidades incendiadas a la orilla de la carretera dan cuenta de lo que aqu\u00ed pas\u00f3, ahora los habitantes piden que la poblaci\u00f3n no se vea afectada por los conflictos entre grupos delictivos y autoridades.<br \/>Foto: Charbell Lucio<\/figcaption><\/figure>\n<\/div>\n<p>Desde el Colegio Diocesano, las familias emprendieron la procesi\u00f3n hasta la <strong>parroquia de Nuestra Se\u00f1ora de Guadalupe,<\/strong> para unirse en oraci\u00f3n y pedir paz para la gente de este municipio de la <strong>Tierra Caliente michoacana.<\/strong><\/p>\n<blockquote>\n<p>\u201cPara que haya paz, paz en todo nuestro pueblo, porque si lo ocupamos mucho. Que no tengan miedo que simplemente pasa eso pero que Dios nos va a ayudar. En Dios vamos a confiar y en \u00e9l tenemos esperanza, \u00e9l y la madre sant\u00edsima de Guadalupe que es ella la que va a interceder por nosotros\u201d, dijo<strong> Hermelinda V\u00e1zquez, habitante de Aguililla.<\/strong><\/p>\n<\/blockquote>\n<p>Vestidos de blanco como s\u00edmbolo de paz, cerca de 250 personas acudieron a esta marcha y procesi\u00f3n, sin embargo otras familias optaron por no sumarse a esta actividad, debido al temor que a\u00fan sienten.<\/p>\n<p>Luego de la jornada violenta que se vivi\u00f3 en Michoac\u00e1n tras el <strong>abatimiento de \u201cEl Mencho\u201d, <\/strong>en el camino que conduce de Apatzing\u00e1n a Aguililla a\u00fan hay rastros de las quemas de veh\u00edculos y bloqueos.\u00a0<\/p>\n<p>Unidades incendiadas a la orilla de la carretera dan cuenta de lo que aqu\u00ed pas\u00f3, ahora los habitantes piden que la poblaci\u00f3n no se vea afectada por los conflictos <strong>entre grupos delictivos y autoridades.<\/strong><\/p>\n<blockquote>\n<p>\u201cQue culpa tiene otras .. al que mataron, pues que busquen a los que hicieron el hecho, no otras gentes pagando lo que no deben, eso no est\u00e1 bien, que culpa tiene el pueblo de sus tonter\u00edas\u201d, consider\u00f3 Gabriel Estrada, poblador.\n<\/p>\n<\/blockquote>\n<p>Con el ingreso del Ej\u00e9rcito Mexicano que mantiene resguardo en la zona, poco a poco la poblaci\u00f3n reanuda sus actividades y sale a las calles como lo hac\u00eda antes de que el l\u00edder delincuencial nacido en esta tierra, fuera abatido por las fuerzas federales.<\/p>\n<\/p><\/div>\n<p><script>\n    !function(f,b,e,v,n,t,s)\n    {if(f.fbq)return;n=f.fbq=function(){n.callMethod?\n    n.callMethod.apply(n,arguments):n.queue.push(arguments)};\n    if(!f._fbq)f._fbq=n;n.push=n;n.loaded=!0;n.version='2.0';\n    n.queue=[];t=b.createElement(e);t.async=!0;\n    t.src=v;s=b.getElementsByTagName(e)[0];\n    s.parentNode.insertBefore(t,s)}(window, document,'script',\n    'https:\/\/connect.facebook.net\/en_US\/fbevents.js');\n    fbq('init', '237927003583820');\n    fbq('track', 'PageView');\n  <\/script><script>\n    !function(f,b,e,v,n,t,s)\n    {if(f.fbq)return;n=f.fbq=function(){n.callMethod?\n    n.callMethod.apply(n,arguments):n.queue.push(arguments)};\n    if(!f._fbq)f._fbq=n;n.push=n;n.loaded=!0;n.version='2.0';\n    n.queue=[];t=b.createElement(e);t.async=!0;\n    t.src=v;s=b.getElementsByTagName(e)[0];\n    s.parentNode.insertBefore(t,s)}(window, document,'script',\n    'https:\/\/connect.facebook.net\/en_US\/fbevents.js');\n    fbq('init', '802372280934901');\n    fbq('track', 'PageView');\n    <\/script><br \/>\n<br \/><\/p>\n","protected":false},"excerpt":{"rendered":"<p>Aguililla, Michoac\u00e1n, tierra donde naci\u00f3 Nemesio Oseguera Cervantes, quien fuera uno de los criminales m\u00e1s buscados del mundo, hoy se convierte en epicentro de una s\u00faplica colectiva: cientos de habitantes marcharon para exigir una vida sin miedo. Este viernes, la celebraci\u00f3n del 60 aniversario del Colegio Diocesano de Aguililla, fue la oportunidad de la Iglesia [&hellip;]<\/p>\n","protected":false},"author":2,"featured_media":3318,"comment_status":"","ping_status":"","sticky":false,"template":"","format":"standard","meta":{"footnotes":""},"categories":[2],"tags":[],"class_list":["post-3317","post","type-post","status-publish","format-standard","has-post-thumbnail","hentry","category-local"],"_links":{"self":[{"href":"https:\/\/conexion-mx.com\/index.php?rest_route=\/wp\/v2\/posts\/3317","targetHints":{"allow":["GET"]}}],"collection":[{"href":"https:\/\/conexion-mx.com\/index.php?rest_route=\/wp\/v2\/posts"}],"about":[{"href":"https:\/\/conexion-mx.com\/index.php?rest_route=\/wp\/v2\/types\/post"}],"author":[{"embeddable":true,"href":"https:\/\/conexion-mx.com\/index.php?rest_route=\/wp\/v2\/users\/2"}],"replies":[{"embeddable":true,"href":"https:\/\/conexion-mx.com\/index.php?rest_route=%2Fwp%2Fv2%2Fcomments&post=3317"}],"version-history":[{"count":0,"href":"https:\/\/conexion-mx.com\/index.php?rest_route=\/wp\/v2\/posts\/3317\/revisions"}],"wp:featuredmedia":[{"embeddable":true,"href":"https:\/\/conexion-mx.com\/index.php?rest_route=\/wp\/v2\/media\/3318"}],"wp:attachment":[{"href":"https:\/\/conexion-mx.com\/index.php?rest_route=%2Fwp%2Fv2%2Fmedia&parent=3317"}],"wp:term":[{"taxonomy":"category","embeddable":true,"href":"https:\/\/conexion-mx.com\/index.php?rest_route=%2Fwp%2Fv2%2Fcategories&post=3317"},{"taxonomy":"post_tag","embeddable":true,"href":"https:\/\/conexion-mx.com\/index.php?rest_route=%2Fwp%2Fv2%2Ftags&post=3317"}],"curies":[{"name":"wp","href":"https:\/\/api.w.org\/{rel}","templated":true}]}}