{"id":3319,"date":"2026-02-28T03:16:56","date_gmt":"2026-02-28T08:16:56","guid":{"rendered":"https:\/\/conexion-mx.com\/?p=3319"},"modified":"2026-02-28T03:16:56","modified_gmt":"2026-02-28T08:16:56","slug":"filtran-trailer-de-scary-movie-6-cuando-se-estrena-en-mexico","status":"publish","type":"post","link":"https:\/\/conexion-mx.com\/?p=3319","title":{"rendered":"Filtran trailer de Scary Movie 6, \u00bfcu\u00e1ndo se estrena en M\u00e9xico?"},"content":{"rendered":"<p> <br \/>\n<\/p>\n<div itemprop=\"articleBody\">\n<div class=\"txt_contenido\">\n<p>La franquicia que defini\u00f3 las parodias de terror est\u00e1 de regreso con <strong>Scary Movie 6<\/strong>. Despu\u00e9s de a\u00f1os de rumores, este 2026 la maquinaria de los hermanos <strong>Wayans<\/strong> finalmente se puso en <strong>marcha<\/strong>, pero no como lo hubieran querido, ya que filtraron el tr\u00e1iler de la pel\u00edcula despu\u00e9s de un estreno exclusivo.<\/p>\n<p>El corto de la pel\u00edcula oficial se proyect\u00f3 por primera vez de forma exclusiva en <strong>cines<\/strong> este fin de semana durante las funciones de la <strong>pel\u00edcula Scream 7<\/strong>, pero como era de esperarse, ya circulan <strong>versiones filtradas<\/strong> en redes sociales. El avance caus\u00f3 toda clase de reacciones\u00a0por su tono completamente chistoso, todo lo que esper\u00e1bamos.<\/p>\n<aside class=\"htmlinline\"\/>\n<p>Recordemos que a partir de la segunda entrega de la saga, los <strong>hermanos Wayans<\/strong> dejaron de formar parte de la misma, por lo que las versiones 3, 4 y 5 de la pel\u00edcula no formaron parte de su imaginaci\u00f3n, no fue su gui\u00f3n, idea ni estuvieron involucrados de ninguna forma, por lo que este <strong>regreso<\/strong> es uno de los m\u00e1s <strong>aclamados por la audiencia<\/strong> durante los \u00faltimos a\u00f1os.<\/p>\n<h2>\u00bfCu\u00e1ndo se estrena Scary Movie 6 en M\u00e9xico?<\/h2>\n<p>De acuerdo con lo que se mostr\u00f3 en el tr\u00e1iler de la pel\u00edcula, el estreno est\u00e1 programado para llegar a los cines el d\u00eda 12 de junio de 2026, pero no se especifica si \u00fanicamente para los Estados Unidos o tambi\u00e9n ser\u00e1 la fecha en que podremos verla en M\u00e9xico y otras partes del Mundo. En ocasiones, llega a estrenarse durante la media noche del d\u00eda anterior, pero hasta el momento se desconocen las fechas oficiales fuera de su pa\u00eds de origen.<\/p>\n<h2>Personajes en Scary Movie 6<\/h2>\n<p>Lo m\u00e1s emocionante de esta entrega es el regreso de la \u00abSant\u00edsima Trinidad\u00bb de la saga. Tras 17 a\u00f1os de ausencia en la franquicia, los hermanos Wayans (Marlon, Shawn y Keenen Ivory) vuelven no solo como guionistas y productores, sino tambi\u00e9n frente a la c\u00e1mara. Adem\u00e1s, tendremos a todos estos personajes cl\u00e1sicos:\u00a0<\/p>\n<ul>\n<li>Anna Faris: Cindy<\/li>\n<li>Regina Hall: Brenda<\/li>\n<li>Dave Sheridan: Oficial Doofy<\/li>\n<li>Cheri Oteri:\u00a0Gail Hailstorm<\/li>\n<li>Jon Abrahams: Bobby Prinze<\/li>\n<li>\u00a0Chris Elliott: Hanson, el mayordomo<\/li>\n<\/ul><\/div>\n<\/p><\/div>\n<p><script>\n    !function(f,b,e,v,n,t,s)\n    {if(f.fbq)return;n=f.fbq=function(){n.callMethod?\n    n.callMethod.apply(n,arguments):n.queue.push(arguments)};\n    if(!f._fbq)f._fbq=n;n.push=n;n.loaded=!0;n.version='2.0';\n    n.queue=[];t=b.createElement(e);t.async=!0;\n    t.src=v;s=b.getElementsByTagName(e)[0];\n    s.parentNode.insertBefore(t,s)}(window, document,'script',\n    'https:\/\/connect.facebook.net\/en_US\/fbevents.js');\n    fbq('init', '237927003583820');\n    fbq('track', 'PageView');\n  <\/script><script>\n    !function(f,b,e,v,n,t,s)\n    {if(f.fbq)return;n=f.fbq=function(){n.callMethod?\n    n.callMethod.apply(n,arguments):n.queue.push(arguments)};\n    if(!f._fbq)f._fbq=n;n.push=n;n.loaded=!0;n.version='2.0';\n    n.queue=[];t=b.createElement(e);t.async=!0;\n    t.src=v;s=b.getElementsByTagName(e)[0];\n    s.parentNode.insertBefore(t,s)}(window, document,'script',\n    'https:\/\/connect.facebook.net\/en_US\/fbevents.js');\n    fbq('init', '775201487065840');\n    fbq('track', 'PageView');\n    <\/script><br \/>\n<br \/><\/p>\n","protected":false},"excerpt":{"rendered":"<p>La franquicia que defini\u00f3 las parodias de terror est\u00e1 de regreso con Scary Movie 6. Despu\u00e9s de a\u00f1os de rumores, este 2026 la maquinaria de los hermanos Wayans finalmente se puso en marcha, pero no como lo hubieran querido, ya que filtraron el tr\u00e1iler de la pel\u00edcula despu\u00e9s de un estreno exclusivo. El corto de [&hellip;]<\/p>\n","protected":false},"author":3,"featured_media":3320,"comment_status":"","ping_status":"","sticky":false,"template":"","format":"standard","meta":{"footnotes":""},"categories":[35],"tags":[],"class_list":["post-3319","post","type-post","status-publish","format-standard","has-post-thumbnail","hentry","category-espectaculos"],"_links":{"self":[{"href":"https:\/\/conexion-mx.com\/index.php?rest_route=\/wp\/v2\/posts\/3319","targetHints":{"allow":["GET"]}}],"collection":[{"href":"https:\/\/conexion-mx.com\/index.php?rest_route=\/wp\/v2\/posts"}],"about":[{"href":"https:\/\/conexion-mx.com\/index.php?rest_route=\/wp\/v2\/types\/post"}],"author":[{"embeddable":true,"href":"https:\/\/conexion-mx.com\/index.php?rest_route=\/wp\/v2\/users\/3"}],"replies":[{"embeddable":true,"href":"https:\/\/conexion-mx.com\/index.php?rest_route=%2Fwp%2Fv2%2Fcomments&post=3319"}],"version-history":[{"count":0,"href":"https:\/\/conexion-mx.com\/index.php?rest_route=\/wp\/v2\/posts\/3319\/revisions"}],"wp:featuredmedia":[{"embeddable":true,"href":"https:\/\/conexion-mx.com\/index.php?rest_route=\/wp\/v2\/media\/3320"}],"wp:attachment":[{"href":"https:\/\/conexion-mx.com\/index.php?rest_route=%2Fwp%2Fv2%2Fmedia&parent=3319"}],"wp:term":[{"taxonomy":"category","embeddable":true,"href":"https:\/\/conexion-mx.com\/index.php?rest_route=%2Fwp%2Fv2%2Fcategories&post=3319"},{"taxonomy":"post_tag","embeddable":true,"href":"https:\/\/conexion-mx.com\/index.php?rest_route=%2Fwp%2Fv2%2Ftags&post=3319"}],"curies":[{"name":"wp","href":"https:\/\/api.w.org\/{rel}","templated":true}]}}