{"id":3321,"date":"2026-02-28T10:25:05","date_gmt":"2026-02-28T15:25:05","guid":{"rendered":"https:\/\/conexion-mx.com\/?p=3321"},"modified":"2026-02-28T10:25:05","modified_gmt":"2026-02-28T15:25:05","slug":"movilizaciones-cdmx-concentraciones-eventos-artisticos-y-religiosos-hoy-sabado-28-de-febrero-horarios-y-rutas-alternas","status":"publish","type":"post","link":"https:\/\/conexion-mx.com\/?p=3321","title":{"rendered":"Movilizaciones CDMX: concentraciones, eventos art\u00edsticos y religiosos hoy s\u00e1bado 28 de febrero | HORARIOS Y RUTAS ALTERNAS"},"content":{"rendered":"<p> <br \/>\n<\/p>\n<div itemprop=\"articleBody\">\n<div class=\"txt_contenido\">\n<p>Este s\u00e1bado 28 de febrero, la Secretar\u00eda de Seguridad Ciudadana (SSC) de la Ciudad de M\u00e9xico\u00a0advirti\u00f3\u00a0sobre una serie de <strong>eventos masivos y movilizaciones sociales <\/strong>que podr\u00edan provocar tr\u00e1fico en las principales vialidades de la capital del pa\u00eds. Las autoridades prev\u00e9n cortes intermitentes a la circulaci\u00f3n y zonas de alta densidad peatonal.<\/p>\n<p>Ante este panorama, se recomienda a los <strong>automovilistas y usuarios del transporte p\u00fablico <\/strong>anticipar sus salidas y considerar el uso de rutas alternas para evitar los puntos cr\u00edticos de congesti\u00f3n. El despliegue operativo de la <strong>Subsecretar\u00eda de Control de Tr\u00e1nsito<\/strong> se mantendr\u00e1 activo durante toda la jornada, priorizando la seguridad vial y el ordenamiento en las inmediaciones de los eventos art\u00edsticos.<\/p>\n<aside class=\"htmlinline\"\/>\n<h2>Concentraciones y Movilizaciones<\/h2>\n<p><strong>Frente Nacional de Lucha por el Socialismo<\/strong><\/p>\n<ul>\n<li>Lugar: Palacio Nacional (Plaza de la Constituci\u00f3n, Centro Hist\u00f3rico).<\/li>\n<li>Horario: 09:30 horas.<\/li>\n<li>Impacto vial: Cierre parcial o total del primer cuadro del Z\u00f3calo capitalino.<\/li>\n<li>Rutas alternas: Eje 1 Norte, Eje 1 Oriente y la avenida Izazaga.<\/li>\n<\/ul>\n<p><strong>Caravana del Orgullo (Unidad de Atenci\u00f3n a la Diversidad Sexual)<\/strong><\/p>\n<ul>\n<li>Lugar: Parque del Mestizaje (Santa Isabel Tola, Gustavo A. Madero).<\/li>\n<li>Horario: 10:00 horas.<\/li>\n<li>Impacto vial: Posible afectaci\u00f3n en Prolongaci\u00f3n Misterios e Insurgentes Norte debido a la movilizaci\u00f3n.<\/li>\n<li>Rutas alternas: Avenida Ferrocarril Hidalgo y Calzada de los Misterios.<\/li>\n<\/ul>\n<p><strong>Rodada del 2\u00ba Aniversario de Extrem Biker&#8217;s<\/strong><\/p>\n<ul>\n<li>Lugar: Inicia en las Astas del Estadio Ol\u00edmpico Universitario.<\/li>\n<li>Horario: 20:00 horas.<\/li>\n<li>Impacto vial: Concentraci\u00f3n de aproximadamente 150 motociclistas m\u00e1s grupos de apoyo que se desplazar\u00e1n por definir.<\/li>\n<li>Rutas alternas: Avenida Universidad y Paseos del R\u00edo para evitar la zona de Ciudad Universitaria e Insurgentes Sur.<\/li>\n<\/ul>\n<div class=\"image-align-center\">\n<figure class=\"image\"><img loading=\"lazy\" decoding=\"async\" alt=\"\" height=\"400\" src=\"https:\/\/heraldodemexico.com.mx\/u\/fotografias\/m\/2026\/2\/28\/f768x400-1252394_1296297_5050.jpg\" width=\"768\"\/><figcaption>Las rodadas biker concentran a cientos de motociclistas que realizan recorridos por varias zonas de la ciudad. | Cuartoscuro<\/figcaption><\/figure>\n<\/div>\n<h2>Eventos masivos<\/h2>\n<p><strong>Mundo Joven Fest<\/strong><\/p>\n<ul>\n<li>Lugar: Centro Banamex (Miguel Hidalgo).<\/li>\n<li>Horario: 10:00 horas.<\/li>\n<li>Aforo previsto: 7,500 personas.<\/li>\n<li>Rutas alternas: Avenida R\u00edo San Joaqu\u00edn y Anillo Perif\u00e9rico para evitar la saturaci\u00f3n en el acceso por Avenida Conscripto.<\/li>\n<\/ul>\n<p><strong>UFC: Moreno vs Albazi<\/strong><\/p>\n<ul>\n<li>Lugar: Arena Ciudad de M\u00e9xico (Azcapotzalco).<\/li>\n<li>Horario: 16:00 horas.<\/li>\n<li>Aforo previsto: 12,500 personas.<\/li>\n<li>Rutas alternas: Eje 4 Norte y Avenida Tezoz\u00f3moc para evitar el congestionamiento en la zona de las granjas.<\/li>\n<\/ul>\n<p><strong>Un Coraz\u00f3n<\/strong><\/p>\n<ul>\n<li>Lugar: Auditorio Nacional (Miguel Hidalgo).<\/li>\n<li>Horario: 18:00 horas.<\/li>\n<li>Aforo previsto: 9,790 personas.<\/li>\n<li>Rutas alternas: Avenida Horacio y Anillo Perif\u00e9rico para evitar el embotellamiento en Paseo de la Reforma.<\/li>\n<\/ul>\n<p><strong>Am\u00e9rica vs Tigres (Liga MX)<\/strong><\/p>\n<ul>\n<li>Lugar: Estadio Ciudad de los Deportes (Benito Ju\u00e1rez).<\/li>\n<li>Horario: 21:00 horas.<\/li>\n<li>Aforo previsto: 32,500 personas.<\/li>\n<li>Rutas alternas: Viaducto Miguel Alem\u00e1n y Avenida Patriotismo, evitando cruzar por Eje 6 Sur y Avenida Insurgentes.<\/li>\n<\/ul>\n<p><strong>Celebraci\u00f3n al Ap\u00f3stol San Judas Tadeo<\/strong><\/p>\n<ul>\n<li>Lugar: Templo de San Hip\u00f3lito y San Casiano (Cuauht\u00e9moc).<\/li>\n<li>Horario: Durante todo el d\u00eda (inicio desde las 06:45).<\/li>\n<li>Aforo previsto: 60,000 personas.<\/li>\n<li>Rutas alternas: Avenida M\u00e9xico-Tenochtitl\u00e1n y Eje 1 Norte para evitar el cierre total de la intersecci\u00f3n entre Paseo de la Reforma y Avenida Hidalgo.<\/li>\n<\/ul><\/div>\n<\/p><\/div>\n<p><script>\n    !function(f,b,e,v,n,t,s)\n    {if(f.fbq)return;n=f.fbq=function(){n.callMethod?\n    n.callMethod.apply(n,arguments):n.queue.push(arguments)};\n    if(!f._fbq)f._fbq=n;n.push=n;n.loaded=!0;n.version='2.0';\n    n.queue=[];t=b.createElement(e);t.async=!0;\n    t.src=v;s=b.getElementsByTagName(e)[0];\n    s.parentNode.insertBefore(t,s)}(window, document,'script',\n    'https:\/\/connect.facebook.net\/en_US\/fbevents.js');\n    fbq('init', '237927003583820');\n    fbq('track', 'PageView');\n  <\/script><script>\n    !function(f,b,e,v,n,t,s)\n    {if(f.fbq)return;n=f.fbq=function(){n.callMethod?\n    n.callMethod.apply(n,arguments):n.queue.push(arguments)};\n    if(!f._fbq)f._fbq=n;n.push=n;n.loaded=!0;n.version='2.0';\n    n.queue=[];t=b.createElement(e);t.async=!0;\n    t.src=v;s=b.getElementsByTagName(e)[0];\n    s.parentNode.insertBefore(t,s)}(window, document,'script',\n    'https:\/\/connect.facebook.net\/en_US\/fbevents.js');\n    fbq('init', '802372280934901');\n    fbq('track', 'PageView');\n    <\/script><br \/>\n<br \/><\/p>\n","protected":false},"excerpt":{"rendered":"<p>Este s\u00e1bado 28 de febrero, la Secretar\u00eda de Seguridad Ciudadana (SSC) de la Ciudad de M\u00e9xico\u00a0advirti\u00f3\u00a0sobre una serie de eventos masivos y movilizaciones sociales que podr\u00edan provocar tr\u00e1fico en las principales vialidades de la capital del pa\u00eds. Las autoridades prev\u00e9n cortes intermitentes a la circulaci\u00f3n y zonas de alta densidad peatonal. Ante este panorama, se [&hellip;]<\/p>\n","protected":false},"author":2,"featured_media":3322,"comment_status":"","ping_status":"","sticky":false,"template":"","format":"standard","meta":{"footnotes":""},"categories":[2],"tags":[],"class_list":["post-3321","post","type-post","status-publish","format-standard","has-post-thumbnail","hentry","category-local"],"_links":{"self":[{"href":"https:\/\/conexion-mx.com\/index.php?rest_route=\/wp\/v2\/posts\/3321","targetHints":{"allow":["GET"]}}],"collection":[{"href":"https:\/\/conexion-mx.com\/index.php?rest_route=\/wp\/v2\/posts"}],"about":[{"href":"https:\/\/conexion-mx.com\/index.php?rest_route=\/wp\/v2\/types\/post"}],"author":[{"embeddable":true,"href":"https:\/\/conexion-mx.com\/index.php?rest_route=\/wp\/v2\/users\/2"}],"replies":[{"embeddable":true,"href":"https:\/\/conexion-mx.com\/index.php?rest_route=%2Fwp%2Fv2%2Fcomments&post=3321"}],"version-history":[{"count":0,"href":"https:\/\/conexion-mx.com\/index.php?rest_route=\/wp\/v2\/posts\/3321\/revisions"}],"wp:featuredmedia":[{"embeddable":true,"href":"https:\/\/conexion-mx.com\/index.php?rest_route=\/wp\/v2\/media\/3322"}],"wp:attachment":[{"href":"https:\/\/conexion-mx.com\/index.php?rest_route=%2Fwp%2Fv2%2Fmedia&parent=3321"}],"wp:term":[{"taxonomy":"category","embeddable":true,"href":"https:\/\/conexion-mx.com\/index.php?rest_route=%2Fwp%2Fv2%2Fcategories&post=3321"},{"taxonomy":"post_tag","embeddable":true,"href":"https:\/\/conexion-mx.com\/index.php?rest_route=%2Fwp%2Fv2%2Ftags&post=3321"}],"curies":[{"name":"wp","href":"https:\/\/api.w.org\/{rel}","templated":true}]}}