{"id":3331,"date":"2026-03-01T02:40:08","date_gmt":"2026-03-01T07:40:08","guid":{"rendered":"https:\/\/conexion-mx.com\/?p=3331"},"modified":"2026-03-01T02:40:08","modified_gmt":"2026-03-01T07:40:08","slug":"clara-brugada-devela-busto-de-cuauhtemoc-ultimo-tlatoani-mexica","status":"publish","type":"post","link":"https:\/\/conexion-mx.com\/?p=3331","title":{"rendered":"Clara Brugada devela busto de Cuauht\u00e9moc, \u00faltimo tlatoani mexica"},"content":{"rendered":"<p> <br \/>\n<\/p>\n<div>\n<p><strong>La jefa de Gobierno de la CDMX, Clara Brugada<\/strong>, encabez\u00f3 la develaci\u00f3n del busto del <strong>\u00faltimo tlatoani mexica, Cuauht\u00e9moc,<\/strong> al <strong>cumplirse 501 a\u00f1os de su muerte<\/strong>, en un acto de simbolismo y memoria hist\u00f3rica.\u00a0<\/p>\n<p>La ceremonia se llev\u00f3 a cabo a un costado del <strong>Templo Mayor,<\/strong> sitio que la mandataria capitalina describi\u00f3 como \u201cuno de los lugares m\u00e1s importantes de nuestro pueblo\u201d.<\/p>\n<aside class=\"htmlinline\"\/>\n<blockquote>\n<p>\u201cHoy estamos aqu\u00ed reunidos\u2026 para develar el busto del \u00faltimo tlatoani mexica, el se\u00f1or Cuauht\u00e9moc. Este 28 de febrero recordamos su aniversario luctuoso, ocurrido hace 501 a\u00f1os. Honramos su memoria e inscribimos su nombre en este lugar sagrado\u201d, expres\u00f3.<\/p>\n<\/blockquote>\n<p><strong>Brugada <\/strong>subray\u00f3 que la conmemoraci\u00f3n no es un acto protocolario, sino un reconocimiento al papel hist\u00f3rico de quien encabez\u00f3 la resistencia de <strong>M\u00e9xico-Tenochtitlan<\/strong> durante la etapa m\u00e1s oscura de la invasi\u00f3n espa\u00f1ola.<\/p>\n<blockquote>\n<p>\u201cCuauht\u00e9moc, el \u00e1guila que desciende, es una figura esencial, uno de los h\u00e9roes m\u00e1s importantes de la historia de nuestro pueblo. Fue el guerrero que encabez\u00f3 la resistencia de <strong>M\u00e9xico-Tenochtitlan<\/strong>\u201d, afirm\u00f3.<\/p>\n<\/blockquote>\n<p>A\u00f1adi\u00f3 que la escultura guarda un mensaje profundo:<\/p>\n<blockquote>\n<p>\u201cAunque pasen los siglos, aqu\u00ed seguir\u00e1 resonando el canto de nuestro pueblo. Aqu\u00ed volver\u00e1n a escucharse los caracoles y los tambores. Aqu\u00ed seguir\u00e1 la danza. Aqu\u00ed regresaremos a encender el copal y a dejar nuestras ofrendas\u201d.<\/p>\n<\/blockquote>\n<p>En su intervenci\u00f3n, el asesor del Gobierno de M\u00e9xico, <strong>Jos\u00e9 Alfonso Su\u00e1rez del Real, <\/strong>afirm\u00f3 que el retorno del busto al espacio p\u00fablico es \u201cprueba manifiesta del profundo amor y compromiso\u201d de la presidenta <strong>Claudia Sheinbaum y de Clara Brugada.<\/strong><\/p>\n<blockquote>\n<p>\u201cEl busto del gran se\u00f1or Cuauht\u00e9moc retorna al espacio p\u00fablico para integrarse a la memoria de nuestra gran ciudad\u201d, dijo.\n<\/p>\n<\/blockquote>\n<p>En un mensaje con referencias a los <strong>huehuetlatolli <\/strong>(discursos) y a la tradici\u00f3n oral recopilada en el<strong> siglo XVI, Su\u00e1rez del Real<\/strong> evoc\u00f3 al tlatoani como <strong>\u201cse\u00f1or de la palabra\u201d y defensor del pueblo mexica<\/strong> hasta el momento de su captura y ejecuci\u00f3n.<\/p>\n<blockquote>\n<p>\u201cA 500 a\u00f1os de haber trascendido, tu rostro, y con \u00e9l tu coraz\u00f3n, regresan al lugar que defendiste\u2026 al lugar que nos recuerda el portento fundacional de la ciudad que persiste, de la ciudad fraterna, de la ciudad transformadora\u201d, expres\u00f3.\n<\/p>\n<\/blockquote>\n<p>Ambos funcionarios coincidieron en que la memoria de Cuauht\u00e9moc permanece viva en los pueblos originarios y en la identidad cultural de la capital.\u00a0<\/p>\n<p>\u00a0<\/p>\n<p>MAAZ<\/p>\n<p>\u00a0<\/p>\n<\/p><\/div>\n<p><script>\n    !function(f,b,e,v,n,t,s)\n    {if(f.fbq)return;n=f.fbq=function(){n.callMethod?\n    n.callMethod.apply(n,arguments):n.queue.push(arguments)};\n    if(!f._fbq)f._fbq=n;n.push=n;n.loaded=!0;n.version='2.0';\n    n.queue=[];t=b.createElement(e);t.async=!0;\n    t.src=v;s=b.getElementsByTagName(e)[0];\n    s.parentNode.insertBefore(t,s)}(window, document,'script',\n    'https:\/\/connect.facebook.net\/en_US\/fbevents.js');\n    fbq('init', '237927003583820');\n    fbq('track', 'PageView');\n  <\/script><script>\n    !function(f,b,e,v,n,t,s)\n    {if(f.fbq)return;n=f.fbq=function(){n.callMethod?\n    n.callMethod.apply(n,arguments):n.queue.push(arguments)};\n    if(!f._fbq)f._fbq=n;n.push=n;n.loaded=!0;n.version='2.0';\n    n.queue=[];t=b.createElement(e);t.async=!0;\n    t.src=v;s=b.getElementsByTagName(e)[0];\n    s.parentNode.insertBefore(t,s)}(window, document,'script',\n    'https:\/\/connect.facebook.net\/en_US\/fbevents.js');\n    fbq('init', '802372280934901');\n    fbq('track', 'PageView');\n    <\/script><br \/>\n<br \/><\/p>\n","protected":false},"excerpt":{"rendered":"<p>La jefa de Gobierno de la CDMX, Clara Brugada, encabez\u00f3 la develaci\u00f3n del busto del \u00faltimo tlatoani mexica, Cuauht\u00e9moc, al cumplirse 501 a\u00f1os de su muerte, en un acto de simbolismo y memoria hist\u00f3rica.\u00a0 La ceremonia se llev\u00f3 a cabo a un costado del Templo Mayor, sitio que la mandataria capitalina describi\u00f3 como \u201cuno de [&hellip;]<\/p>\n","protected":false},"author":2,"featured_media":3332,"comment_status":"","ping_status":"","sticky":false,"template":"","format":"standard","meta":{"footnotes":""},"categories":[2],"tags":[],"class_list":["post-3331","post","type-post","status-publish","format-standard","has-post-thumbnail","hentry","category-local"],"_links":{"self":[{"href":"https:\/\/conexion-mx.com\/index.php?rest_route=\/wp\/v2\/posts\/3331","targetHints":{"allow":["GET"]}}],"collection":[{"href":"https:\/\/conexion-mx.com\/index.php?rest_route=\/wp\/v2\/posts"}],"about":[{"href":"https:\/\/conexion-mx.com\/index.php?rest_route=\/wp\/v2\/types\/post"}],"author":[{"embeddable":true,"href":"https:\/\/conexion-mx.com\/index.php?rest_route=\/wp\/v2\/users\/2"}],"replies":[{"embeddable":true,"href":"https:\/\/conexion-mx.com\/index.php?rest_route=%2Fwp%2Fv2%2Fcomments&post=3331"}],"version-history":[{"count":0,"href":"https:\/\/conexion-mx.com\/index.php?rest_route=\/wp\/v2\/posts\/3331\/revisions"}],"wp:featuredmedia":[{"embeddable":true,"href":"https:\/\/conexion-mx.com\/index.php?rest_route=\/wp\/v2\/media\/3332"}],"wp:attachment":[{"href":"https:\/\/conexion-mx.com\/index.php?rest_route=%2Fwp%2Fv2%2Fmedia&parent=3331"}],"wp:term":[{"taxonomy":"category","embeddable":true,"href":"https:\/\/conexion-mx.com\/index.php?rest_route=%2Fwp%2Fv2%2Fcategories&post=3331"},{"taxonomy":"post_tag","embeddable":true,"href":"https:\/\/conexion-mx.com\/index.php?rest_route=%2Fwp%2Fv2%2Ftags&post=3331"}],"curies":[{"name":"wp","href":"https:\/\/api.w.org\/{rel}","templated":true}]}}