{"id":3337,"date":"2026-03-01T19:44:48","date_gmt":"2026-03-02T00:44:48","guid":{"rendered":"https:\/\/conexion-mx.com\/?p=3337"},"modified":"2026-03-01T19:44:48","modified_gmt":"2026-03-02T00:44:48","slug":"92-personas-buscan-ser-titulares-de-la-asf-camara-de-diputados","status":"publish","type":"post","link":"https:\/\/conexion-mx.com\/?p=3337","title":{"rendered":"92 personas buscan ser titulares de la ASF: C\u00e1mara de Diputados"},"content":{"rendered":"<p> <br \/>\n<\/p>\n<div>\n<p>La <strong>Junta de Coordinaci\u00f3n Pol\u00edtica de la C\u00e1mara de Diputados<\/strong> inform\u00f3 que, esta semana, se concluy\u00f3 la inscripci\u00f3n de quienes desean participar para la renovaci\u00f3n o ratificaci\u00f3n del pr\u00f3ximo auditor o auditora superior de la Federaci\u00f3n.\u00a0<\/p>\n<p>En el proceso, puntualiz\u00f3 se inscribieron <strong>92 personas<\/strong>, hombres y mujeres de mucha trayectoria, quienes van a comparecer ante la Comisi\u00f3n de Vigilancia de la Auditor\u00eda Superior de la Federaci\u00f3n de tal suerte que puedan ser examinados por esta Comisi\u00f3n tal y como lo se\u00f1ala la propia ley.\u00a0<\/p>\n<aside class=\"htmlinline\"\/>\n<blockquote>\n<p>\u201cLes expreso que tendr\u00e1n plena autonom\u00eda las comisiones integradas pluralmente para que puedan seleccionar a los mejores o las mejores y el Pleno decida en \u00faltima instancia por qui\u00e9n pronunciarse en una mayor\u00eda calificada antes de que concluya esta primera quincena de marzo\u201d, puntualiz\u00f3 el presidente de la Jucopo, <strong>Ricardo Monreal.\u00a0<\/strong><\/p>\n<aside class=\"relacionadas con-foto linea-1078\"><strong class=\"relacionadas-titulo-gral\">Noticias Relacionadas<\/strong><\/aside>\n<\/blockquote>\n<p>Algunos de los nombres inscritos son:<strong> Juan Jos\u00e9 Serrano<\/strong>, extitular de la secretar\u00eda de la Contralor\u00eda de la Ciudad de M\u00e9xico; Edwin Meraz, ex procurador de finanzas de la capital; <strong>David Colmenares<\/strong>, actual auditor superior, entre otros.\u00a0<br \/>Reforma electoral<\/p>\n<p>Resalt\u00f3 que a partir de este lunes 2 de marzo probablemente reciban \u00a0la iniciativa presidencial sobre la reforma electoral, impulsada por el <strong>Ejecutivo federal.\u00a0<\/strong><\/p>\n<blockquote>\n<p>\u201cEste es un derecho constitucional del que dispone la presidenta de la Rep\u00fablica, <strong>Claudia Sheinbaum<\/strong>, y act\u00faa en raz\u00f3n, en correspondencia a su coherencia y a los principios que sostiene\u201d, destac\u00f3.\u00a0<\/p>\n<\/blockquote>\n<p>Refiri\u00f3 que hasta ahora en su gobierno se han enviado 23 iniciativas con proyecto de Decreto que se han convertido en disposiciones vigentes y que han modificado m\u00e1s de 40 art\u00edculos de la <strong>Constituci\u00f3n<\/strong>.<\/p>\n<blockquote>\n<p>\u201cEs falso para m\u00ed, y lo digo con respeto, que con la presentaci\u00f3n de la misma se vaya a generar inestabilidad pol\u00edtica o turbulencia econ\u00f3mica\u201d, puntualiz\u00f3.\u00a0\n<\/p>\n<\/blockquote>\n<p>Apunt\u00f3 que \u201cme sorprende bastante que a\u00fan sin haberse conocido la redacci\u00f3n concreta de los art\u00edculos constitucionales que van a proponer, se haya ya expresado tantas voces cuestionando la misma sin conocerla\u201d.\u00a0<\/p>\n<p>A\u00f1adi\u00f3 que \u201cvamos a otorgar un ambiente propicio para su discusi\u00f3n aqu\u00ed en el <strong>Congreso<\/strong>, aqu\u00ed en el Parlamento\u201d.\u00a0<\/p>\n<blockquote>\n<p>\u201cSi se selecciona a esta C\u00e1mara como C\u00e1mara de Origen y profundizando el di\u00e1logo con nuestros aliados del PT y del Partido Verde, a quienes respetamos, respaldando a la <strong>presidenta Claudia Sheinbaum<\/strong> y ampliaremos el di\u00e1logo con nuestros pares del PRI, del PAN y de MC. Todo en el marco del respeto, el di\u00e1logo y la tolerancia\u201d, concluy\u00f3.\n<\/p>\n<\/blockquote><\/div>\n<p><script>\n    !function(f,b,e,v,n,t,s)\n    {if(f.fbq)return;n=f.fbq=function(){n.callMethod?\n    n.callMethod.apply(n,arguments):n.queue.push(arguments)};\n    if(!f._fbq)f._fbq=n;n.push=n;n.loaded=!0;n.version='2.0';\n    n.queue=[];t=b.createElement(e);t.async=!0;\n    t.src=v;s=b.getElementsByTagName(e)[0];\n    s.parentNode.insertBefore(t,s)}(window, document,'script',\n    'https:\/\/connect.facebook.net\/en_US\/fbevents.js');\n    fbq('init', '237927003583820');\n    fbq('track', 'PageView');\n  <\/script><script>\n    !function(f,b,e,v,n,t,s)\n    {if(f.fbq)return;n=f.fbq=function(){n.callMethod?\n    n.callMethod.apply(n,arguments):n.queue.push(arguments)};\n    if(!f._fbq)f._fbq=n;n.push=n;n.loaded=!0;n.version='2.0';\n    n.queue=[];t=b.createElement(e);t.async=!0;\n    t.src=v;s=b.getElementsByTagName(e)[0];\n    s.parentNode.insertBefore(t,s)}(window, document,'script',\n    'https:\/\/connect.facebook.net\/en_US\/fbevents.js');\n    fbq('init', '802372280934901');\n    fbq('track', 'PageView');\n    <\/script><br \/>\n<br \/><\/p>\n","protected":false},"excerpt":{"rendered":"<p>La Junta de Coordinaci\u00f3n Pol\u00edtica de la C\u00e1mara de Diputados inform\u00f3 que, esta semana, se concluy\u00f3 la inscripci\u00f3n de quienes desean participar para la renovaci\u00f3n o ratificaci\u00f3n del pr\u00f3ximo auditor o auditora superior de la Federaci\u00f3n.\u00a0 En el proceso, puntualiz\u00f3 se inscribieron 92 personas, hombres y mujeres de mucha trayectoria, quienes van a comparecer ante [&hellip;]<\/p>\n","protected":false},"author":2,"featured_media":3338,"comment_status":"","ping_status":"","sticky":false,"template":"","format":"standard","meta":{"footnotes":""},"categories":[2],"tags":[],"class_list":["post-3337","post","type-post","status-publish","format-standard","has-post-thumbnail","hentry","category-local"],"_links":{"self":[{"href":"https:\/\/conexion-mx.com\/index.php?rest_route=\/wp\/v2\/posts\/3337","targetHints":{"allow":["GET"]}}],"collection":[{"href":"https:\/\/conexion-mx.com\/index.php?rest_route=\/wp\/v2\/posts"}],"about":[{"href":"https:\/\/conexion-mx.com\/index.php?rest_route=\/wp\/v2\/types\/post"}],"author":[{"embeddable":true,"href":"https:\/\/conexion-mx.com\/index.php?rest_route=\/wp\/v2\/users\/2"}],"replies":[{"embeddable":true,"href":"https:\/\/conexion-mx.com\/index.php?rest_route=%2Fwp%2Fv2%2Fcomments&post=3337"}],"version-history":[{"count":0,"href":"https:\/\/conexion-mx.com\/index.php?rest_route=\/wp\/v2\/posts\/3337\/revisions"}],"wp:featuredmedia":[{"embeddable":true,"href":"https:\/\/conexion-mx.com\/index.php?rest_route=\/wp\/v2\/media\/3338"}],"wp:attachment":[{"href":"https:\/\/conexion-mx.com\/index.php?rest_route=%2Fwp%2Fv2%2Fmedia&parent=3337"}],"wp:term":[{"taxonomy":"category","embeddable":true,"href":"https:\/\/conexion-mx.com\/index.php?rest_route=%2Fwp%2Fv2%2Fcategories&post=3337"},{"taxonomy":"post_tag","embeddable":true,"href":"https:\/\/conexion-mx.com\/index.php?rest_route=%2Fwp%2Fv2%2Ftags&post=3337"}],"curies":[{"name":"wp","href":"https:\/\/api.w.org\/{rel}","templated":true}]}}