{"id":3343,"date":"2026-03-02T10:58:25","date_gmt":"2026-03-02T15:58:25","guid":{"rendered":"https:\/\/conexion-mx.com\/?p=3343"},"modified":"2026-03-02T10:58:25","modified_gmt":"2026-03-02T15:58:25","slug":"trasladan-archivo-de-octavio-paz-mientras-concluye-inventario-de-su-legado","status":"publish","type":"post","link":"https:\/\/conexion-mx.com\/?p=3343","title":{"rendered":"Trasladan archivo de Octavio Paz mientras concluye inventario de su legado"},"content":{"rendered":"<p> <br \/>\n<\/p>\n<div>\n<p>El archivo personal de <strong>Octavio Paz <\/strong>comenz\u00f3 su traslado a instalaciones especializadas de conservaci\u00f3n mientras avanza el inventario integral de los bienes que pertenecieron al escritor mexicano y a la artista <strong>Marie Jos\u00e9 Tramini<\/strong>. De acuerdo con informaci\u00f3n dada a conocer por la <strong>Secretar\u00eda de Cultura<\/strong> federal y el <strong>Instituto Nacional de Bellas Artes y Literatura<\/strong> (INBAL), el proceso busca concentrar en un mismo espacio las tareas t\u00e9cnicas necesarias para concluir la conservaci\u00f3n, catalogaci\u00f3n y digitalizaci\u00f3n del acervo.<\/p>\n<p>El traslado inici\u00f3 el 23 de febrero de 2026 hacia el <strong>Centro Nacional de Conservaci\u00f3n y Registro del Patrimonio Art\u00edstico Mueble<\/strong> (CENCROPAM), recinto que cuenta con condiciones controladas de resguardo, equipamiento especializado y personal t\u00e9cnico dedicado al tratamiento de archivos patrimoniales. Las acciones se realizan en coordinaci\u00f3n con el <strong>Sistema para el Desarrollo Integral <\/strong>de la <strong>Familia de la Ciudad de M\u00e9xico<\/strong>, instancia responsable como albacea del patrimonio, y bajo seguimiento del <strong>Juzgado 25 de lo Familiar del Tribunal Superior de Justicia<\/strong> capitalino.<\/p>\n<aside class=\"htmlinline\"\/>\n<p>Como parte de los trabajos emprendidos tras la declaratoria de <strong>Monumento Art\u00edstico emitida<\/strong> en 2018 para proteger el acervo, especialistas han desarrollado desde 2019 labores de saneamiento, estabilizaci\u00f3n, embalaje, restauraci\u00f3n e identificaci\u00f3n de materiales localizados en distintos inmuebles de la pareja <strong>Paz-Tramini<\/strong>. Hasta ahora se han inventariado 298,965 bienes, lo que permite dimensionar la amplitud del legado documental, art\u00edstico y personal del autor.<\/p>\n<aside class=\"relacionadas con-foto linea-1078\"><strong class=\"relacionadas-titulo-gral\">Noticias Relacionadas<\/strong><\/aside>\n<figure class=\"image\"><img loading=\"lazy\" decoding=\"async\" alt=\"\" height=\"500\" src=\"https:\/\/heraldodemexico.com.mx\/u\/fotografias\/m\/2026\/2\/27\/f768x1-1252307_1252434_5050.jpeg\" width=\"768\"\/><figcaption>Cr\u00e9dito: INBAL<\/figcaption><\/figure>\n<p>El registro incluye el archivo personal del <strong>Nobel de Literatura<\/strong>, miles de documentos y postales, notas period\u00edsticas, fotograf\u00edas, materiales audiovisuales, biblioteca especializada, obras art\u00edsticas, objetos dom\u00e9sticos y piezas vinculadas al proceso creativo de <strong>Marie Jos\u00e9 Tramini<\/strong>. Tambi\u00e9n se contabilizan muebles, textiles, reconocimientos, artes decorativas y diversos objetos personales conservados en las propiedades del escritor.<\/p>\n<p>El archivo documental re\u00fane <strong>137,277 fojas.<\/strong> Seg\u00fan datos del INBAL, <strong>110,521 han sido restauradas<\/strong> y colocadas en guardas de conservaci\u00f3n, <strong>64,217 digitalizadas<\/strong> y <strong>39,334 catalogadas<\/strong> hasta febrero de 2026. Los especialistas se\u00f1alan que los procesos requieren tiempos diferenciados debido al estado f\u00edsico y la diversidad de soportes que integran el acervo.<\/p>\n<p>Las autoridades culturales indicaron que el traslado permitir\u00e1 agilizar las <strong>labores t\u00e9cnicas<\/strong> y avanzar hacia la conclusi\u00f3n del proyecto integral de <strong>preservaci\u00f3n<\/strong>, con el objetivo de <strong>garantizar el resguardo<\/strong> y futura consulta p\u00fablica de uno de los archivos literarios m\u00e1s relevantes de la cultura mexicana contempor\u00e1nea.<\/p>\n<\/p><\/div>\n<p><script>\n    !function(f,b,e,v,n,t,s)\n    {if(f.fbq)return;n=f.fbq=function(){n.callMethod?\n    n.callMethod.apply(n,arguments):n.queue.push(arguments)};\n    if(!f._fbq)f._fbq=n;n.push=n;n.loaded=!0;n.version='2.0';\n    n.queue=[];t=b.createElement(e);t.async=!0;\n    t.src=v;s=b.getElementsByTagName(e)[0];\n    s.parentNode.insertBefore(t,s)}(window, document,'script',\n    'https:\/\/connect.facebook.net\/en_US\/fbevents.js');\n    fbq('init', '237927003583820');\n    fbq('track', 'PageView');\n  <\/script><br \/>\n<br \/><\/p>\n","protected":false},"excerpt":{"rendered":"<p>El archivo personal de Octavio Paz comenz\u00f3 su traslado a instalaciones especializadas de conservaci\u00f3n mientras avanza el inventario integral de los bienes que pertenecieron al escritor mexicano y a la artista Marie Jos\u00e9 Tramini. De acuerdo con informaci\u00f3n dada a conocer por la Secretar\u00eda de Cultura federal y el Instituto Nacional de Bellas Artes y [&hellip;]<\/p>\n","protected":false},"author":4,"featured_media":3344,"comment_status":"","ping_status":"","sticky":false,"template":"","format":"standard","meta":{"footnotes":""},"categories":[33],"tags":[],"class_list":["post-3343","post","type-post","status-publish","format-standard","has-post-thumbnail","hentry","category-cultura"],"_links":{"self":[{"href":"https:\/\/conexion-mx.com\/index.php?rest_route=\/wp\/v2\/posts\/3343","targetHints":{"allow":["GET"]}}],"collection":[{"href":"https:\/\/conexion-mx.com\/index.php?rest_route=\/wp\/v2\/posts"}],"about":[{"href":"https:\/\/conexion-mx.com\/index.php?rest_route=\/wp\/v2\/types\/post"}],"author":[{"embeddable":true,"href":"https:\/\/conexion-mx.com\/index.php?rest_route=\/wp\/v2\/users\/4"}],"replies":[{"embeddable":true,"href":"https:\/\/conexion-mx.com\/index.php?rest_route=%2Fwp%2Fv2%2Fcomments&post=3343"}],"version-history":[{"count":0,"href":"https:\/\/conexion-mx.com\/index.php?rest_route=\/wp\/v2\/posts\/3343\/revisions"}],"wp:featuredmedia":[{"embeddable":true,"href":"https:\/\/conexion-mx.com\/index.php?rest_route=\/wp\/v2\/media\/3344"}],"wp:attachment":[{"href":"https:\/\/conexion-mx.com\/index.php?rest_route=%2Fwp%2Fv2%2Fmedia&parent=3343"}],"wp:term":[{"taxonomy":"category","embeddable":true,"href":"https:\/\/conexion-mx.com\/index.php?rest_route=%2Fwp%2Fv2%2Fcategories&post=3343"},{"taxonomy":"post_tag","embeddable":true,"href":"https:\/\/conexion-mx.com\/index.php?rest_route=%2Fwp%2Fv2%2Ftags&post=3343"}],"curies":[{"name":"wp","href":"https:\/\/api.w.org\/{rel}","templated":true}]}}