{"id":3345,"date":"2026-03-02T12:27:33","date_gmt":"2026-03-02T17:27:33","guid":{"rendered":"https:\/\/conexion-mx.com\/?p=3345"},"modified":"2026-03-02T12:27:33","modified_gmt":"2026-03-02T17:27:33","slug":"claudia-sheinbaum-destaca-registro-de-22-5-millones-de-empleos-afiliados-al-imms-la-cifra-mas-alta-para-un-mes-de-febrero","status":"publish","type":"post","link":"https:\/\/conexion-mx.com\/?p=3345","title":{"rendered":"Claudia Sheinbaum destaca registro de 22.5 millones de empleos afiliados al IMMS, la cifra m\u00e1s alta para un mes de febrero"},"content":{"rendered":"<p> <br \/>\n<\/p>\n<div itemprop=\"articleBody\">\n<div class=\"txt_contenido\">\n<p>La Presidenta de M\u00e9xico, <strong>Claudia Sheinbaum Pardo<\/strong>, inform\u00f3 que, al 28 de febrero de 2026, se registraron <strong>22 millones 527 mil 854<\/strong> puestos de trabajo afiliados al Instituto Mexicano del Seguro Social (<strong>IMSS<\/strong>), cifra m\u00e1xima para un mes de febrero, la quinta m\u00e1s alta del pa\u00eds. Adem\u00e1s, resalt\u00f3 que tan solo en febrero se crearon <strong>157 mil 882 puestos<\/strong>.<\/p>\n<blockquote>\n<p>\u201c157 mil 882 nuevos empleos en febrero, sin considerar plataformas digitales, es un muy buen dato de la econom\u00eda, lo que m\u00e1s importa no s\u00f3lo es el crecimiento econ\u00f3mico (sino bienestar)\u201d, sostuvo en la Ma\u00f1anera de este 2 de marzo.<\/p>\n<aside class=\"htmlinline\"\/><\/blockquote>\n<p>Se dio a conocer\u00a0que del total de empleos, <strong>9 millones 29 mil 894 son ocupados por mujeres<\/strong>, es decir, representan el 40.1% del empleo total, adem\u00e1s de que de los <strong>22.5 millones de empleos afiliados al IMSS<\/strong>, el 87.4%, es decir, <strong>19 millones 696 mil 739<\/strong> empleos son <strong>permanentes<\/strong><\/p>\n<p>El director del Instituto Mexicano del Seguro Social (<strong>IMSS<\/strong>),\u00a0<strong>Zo\u00e9 Robledo<\/strong>, se\u00f1al\u00f3 que febrero de 2026 fue el m\u00e1s productivo.<\/p>\n<blockquote>\n<p>\u201cCon buenas noticias, con el cierre del empleo formal en febrero, al cierre de febrero el IMSS registra 22 millones 527 mil 854 puestos de trabajo, la cifra m\u00e1s alta para un mes de febrero, la quinta m\u00e1s alta mensual\u201d, explic\u00f3.<\/p>\n<\/blockquote>\n<p>Con informaci\u00f3n de Misael Zavala y Carlos Navarro.<\/p>\n<p>\u00a0<\/p>\n<\/p><\/div>\n<\/p><\/div>\n<p><script>\n    !function(f,b,e,v,n,t,s)\n    {if(f.fbq)return;n=f.fbq=function(){n.callMethod?\n    n.callMethod.apply(n,arguments):n.queue.push(arguments)};\n    if(!f._fbq)f._fbq=n;n.push=n;n.loaded=!0;n.version='2.0';\n    n.queue=[];t=b.createElement(e);t.async=!0;\n    t.src=v;s=b.getElementsByTagName(e)[0];\n    s.parentNode.insertBefore(t,s)}(window, document,'script',\n    'https:\/\/connect.facebook.net\/en_US\/fbevents.js');\n    fbq('init', '237927003583820');\n    fbq('track', 'PageView');\n  <\/script><script>\n    !function(f,b,e,v,n,t,s)\n    {if(f.fbq)return;n=f.fbq=function(){n.callMethod?\n    n.callMethod.apply(n,arguments):n.queue.push(arguments)};\n    if(!f._fbq)f._fbq=n;n.push=n;n.loaded=!0;n.version='2.0';\n    n.queue=[];t=b.createElement(e);t.async=!0;\n    t.src=v;s=b.getElementsByTagName(e)[0];\n    s.parentNode.insertBefore(t,s)}(window, document,'script',\n    'https:\/\/connect.facebook.net\/en_US\/fbevents.js');\n    fbq('init', '802372280934901');\n    fbq('track', 'PageView');\n    <\/script><br \/>\n<br \/><\/p>\n","protected":false},"excerpt":{"rendered":"<p>La Presidenta de M\u00e9xico, Claudia Sheinbaum Pardo, inform\u00f3 que, al 28 de febrero de 2026, se registraron 22 millones 527 mil 854 puestos de trabajo afiliados al Instituto Mexicano del Seguro Social (IMSS), cifra m\u00e1xima para un mes de febrero, la quinta m\u00e1s alta del pa\u00eds. Adem\u00e1s, resalt\u00f3 que tan solo en febrero se crearon [&hellip;]<\/p>\n","protected":false},"author":2,"featured_media":3346,"comment_status":"","ping_status":"","sticky":false,"template":"","format":"standard","meta":{"footnotes":""},"categories":[2],"tags":[],"class_list":["post-3345","post","type-post","status-publish","format-standard","has-post-thumbnail","hentry","category-local"],"_links":{"self":[{"href":"https:\/\/conexion-mx.com\/index.php?rest_route=\/wp\/v2\/posts\/3345","targetHints":{"allow":["GET"]}}],"collection":[{"href":"https:\/\/conexion-mx.com\/index.php?rest_route=\/wp\/v2\/posts"}],"about":[{"href":"https:\/\/conexion-mx.com\/index.php?rest_route=\/wp\/v2\/types\/post"}],"author":[{"embeddable":true,"href":"https:\/\/conexion-mx.com\/index.php?rest_route=\/wp\/v2\/users\/2"}],"replies":[{"embeddable":true,"href":"https:\/\/conexion-mx.com\/index.php?rest_route=%2Fwp%2Fv2%2Fcomments&post=3345"}],"version-history":[{"count":0,"href":"https:\/\/conexion-mx.com\/index.php?rest_route=\/wp\/v2\/posts\/3345\/revisions"}],"wp:featuredmedia":[{"embeddable":true,"href":"https:\/\/conexion-mx.com\/index.php?rest_route=\/wp\/v2\/media\/3346"}],"wp:attachment":[{"href":"https:\/\/conexion-mx.com\/index.php?rest_route=%2Fwp%2Fv2%2Fmedia&parent=3345"}],"wp:term":[{"taxonomy":"category","embeddable":true,"href":"https:\/\/conexion-mx.com\/index.php?rest_route=%2Fwp%2Fv2%2Fcategories&post=3345"},{"taxonomy":"post_tag","embeddable":true,"href":"https:\/\/conexion-mx.com\/index.php?rest_route=%2Fwp%2Fv2%2Ftags&post=3345"}],"curies":[{"name":"wp","href":"https:\/\/api.w.org\/{rel}","templated":true}]}}