{"id":3349,"date":"2026-03-02T20:28:37","date_gmt":"2026-03-03T01:28:37","guid":{"rendered":"https:\/\/conexion-mx.com\/?p=3349"},"modified":"2026-03-02T20:28:37","modified_gmt":"2026-03-03T01:28:37","slug":"canal-once-cumple-su-aniversario-67-celebran-primera-emision","status":"publish","type":"post","link":"https:\/\/conexion-mx.com\/?p=3349","title":{"rendered":"Canal Once cumple su aniversario 67; celebran primera emisi\u00f3n"},"content":{"rendered":"<p> <br \/>\n<\/p>\n<div itemprop=\"articleBody\">\n<div class=\"txt_contenido\">\n<p>Este lunes el proyecto del <strong>Instituto Polit\u00e9cnico Nacional <\/strong>(IPN), conocido como <strong>Canal Once <\/strong>cumpli\u00f3 67 a\u00f1os desde su primera emisi\u00f3n. En las inmediaciones del <strong>Museo Interactivo de Econom\u00eda<\/strong> (MIDE), se celebr\u00f3 tambi\u00e9n que el <strong>Canal Once <\/strong>se vuelve el d\u00eda de hoy la transmisi\u00f3n ininterrumpida m\u00e1s longeva de <strong>Am\u00e9rica Latina.\u00a0<\/strong><\/p>\n<blockquote>\n<p>\u00abLa historia no solo se escribe, tambi\u00e9n se visualiza\u00bb, fue la premisa de este aniversario que tambi\u00e9n cont\u00f3 con la presencia del secretario de Educaci\u00f3n, Mario Delgado.<\/p>\n<aside class=\"htmlinline\"\/><\/blockquote>\n<p>Tambi\u00e9n presidi\u00f3 el evento <strong>Renata Turrent Hegewisch<\/strong> que actualmente es la directora general de <strong>Canal Once<\/strong> y lleva desde 2024 en este cargo.<\/p>\n<blockquote>\n<p>\u00abHoy celebramos 67 a\u00f1os de un proyecto que naci\u00f3 del ingenio de los estudiantes, del IPN, y desde el inicio fue una herramienta del conocimiento, del pensamiento cr\u00edtico y para compartir\u00bb, dijo la directora.<\/p>\n<\/blockquote>\n<h2>Canal Once es multiplataforma<\/h2>\n<p>Agreg\u00f3 que luego de d\u00e9cadas el <strong>Canal ya es multiplataforma<\/strong>, y que tiene presencia en todas las redes sociales, y destac\u00f3 que 11 Ni\u00f1os sigue siendo el canal para audiencia infantil m\u00e1s visto, ahora con nuevos visos, es decir de la Nueva Escuela Mexicana que promueve la <strong>SEP<\/strong>. Agreg\u00f3 que gracias a los <strong>trabajadores del Canal<\/strong>, a la fecha llega la transmisi\u00f3n a millones de personas,\u00a0 \u00abes por su compromiso y la fidelidad de las audiencia que nos siguen por casi 7 d\u00e9cadas\u00bb.<\/p>\n<blockquote>\n<p>\u201cHoy el canal once cuenta con ejes fundamentales como la soberan\u00eda, identidad popular, democracia y tambi\u00e9n en la identidad est\u00e1 la ciencia y compartir la cultura de M\u00e9xico\u00bb, dijo.<\/p>\n<\/blockquote>\n<p>LA<\/p>\n<\/p><\/div>\n<\/p><\/div>\n<p><script>\n    !function(f,b,e,v,n,t,s)\n    {if(f.fbq)return;n=f.fbq=function(){n.callMethod?\n    n.callMethod.apply(n,arguments):n.queue.push(arguments)};\n    if(!f._fbq)f._fbq=n;n.push=n;n.loaded=!0;n.version='2.0';\n    n.queue=[];t=b.createElement(e);t.async=!0;\n    t.src=v;s=b.getElementsByTagName(e)[0];\n    s.parentNode.insertBefore(t,s)}(window, document,'script',\n    'https:\/\/connect.facebook.net\/en_US\/fbevents.js');\n    fbq('init', '237927003583820');\n    fbq('track', 'PageView');\n  <\/script><script>\n    !function(f,b,e,v,n,t,s)\n    {if(f.fbq)return;n=f.fbq=function(){n.callMethod?\n    n.callMethod.apply(n,arguments):n.queue.push(arguments)};\n    if(!f._fbq)f._fbq=n;n.push=n;n.loaded=!0;n.version='2.0';\n    n.queue=[];t=b.createElement(e);t.async=!0;\n    t.src=v;s=b.getElementsByTagName(e)[0];\n    s.parentNode.insertBefore(t,s)}(window, document,'script',\n    'https:\/\/connect.facebook.net\/en_US\/fbevents.js');\n    fbq('init', '802372280934901');\n    fbq('track', 'PageView');\n    <\/script><br \/>\n<br \/><\/p>\n","protected":false},"excerpt":{"rendered":"<p>Este lunes el proyecto del Instituto Polit\u00e9cnico Nacional (IPN), conocido como Canal Once cumpli\u00f3 67 a\u00f1os desde su primera emisi\u00f3n. En las inmediaciones del Museo Interactivo de Econom\u00eda (MIDE), se celebr\u00f3 tambi\u00e9n que el Canal Once se vuelve el d\u00eda de hoy la transmisi\u00f3n ininterrumpida m\u00e1s longeva de Am\u00e9rica Latina.\u00a0 \u00abLa historia no solo se [&hellip;]<\/p>\n","protected":false},"author":2,"featured_media":3350,"comment_status":"","ping_status":"","sticky":false,"template":"","format":"standard","meta":{"footnotes":""},"categories":[2],"tags":[],"class_list":["post-3349","post","type-post","status-publish","format-standard","has-post-thumbnail","hentry","category-local"],"_links":{"self":[{"href":"https:\/\/conexion-mx.com\/index.php?rest_route=\/wp\/v2\/posts\/3349","targetHints":{"allow":["GET"]}}],"collection":[{"href":"https:\/\/conexion-mx.com\/index.php?rest_route=\/wp\/v2\/posts"}],"about":[{"href":"https:\/\/conexion-mx.com\/index.php?rest_route=\/wp\/v2\/types\/post"}],"author":[{"embeddable":true,"href":"https:\/\/conexion-mx.com\/index.php?rest_route=\/wp\/v2\/users\/2"}],"replies":[{"embeddable":true,"href":"https:\/\/conexion-mx.com\/index.php?rest_route=%2Fwp%2Fv2%2Fcomments&post=3349"}],"version-history":[{"count":0,"href":"https:\/\/conexion-mx.com\/index.php?rest_route=\/wp\/v2\/posts\/3349\/revisions"}],"wp:featuredmedia":[{"embeddable":true,"href":"https:\/\/conexion-mx.com\/index.php?rest_route=\/wp\/v2\/media\/3350"}],"wp:attachment":[{"href":"https:\/\/conexion-mx.com\/index.php?rest_route=%2Fwp%2Fv2%2Fmedia&parent=3349"}],"wp:term":[{"taxonomy":"category","embeddable":true,"href":"https:\/\/conexion-mx.com\/index.php?rest_route=%2Fwp%2Fv2%2Fcategories&post=3349"},{"taxonomy":"post_tag","embeddable":true,"href":"https:\/\/conexion-mx.com\/index.php?rest_route=%2Fwp%2Fv2%2Ftags&post=3349"}],"curies":[{"name":"wp","href":"https:\/\/api.w.org\/{rel}","templated":true}]}}